{"id":117841,"date":"2025-10-19T20:51:10","date_gmt":"2025-10-19T20:51:10","guid":{"rendered":"https:\/\/www.europesays.com\/pt\/117841\/"},"modified":"2025-10-19T20:51:10","modified_gmt":"2025-10-19T20:51:10","slug":"ex-real-madrid-hospitalizado-devido-a-derrame-cerebral","status":"publish","type":"post","link":"https:\/\/www.europesays.com\/pt\/117841\/","title":{"rendered":"Ex-Real Madrid hospitalizado devido a derrame cerebral"},"content":{"rendered":"<p>Royston Drenthe, ex-Real Madrid, Feyenoord e Everton, est\u00e1 hospitalizado desde sexta-feira, devido a um derrame cerebral. A informa\u00e7\u00e3o foi avan\u00e7ada pelo FC Rebellen, clube que junta antigos jogadores belgas e neerlandeses.<\/p>\n<p>\u00abNa \u00faltima sexta-feira, Royston Drenthe sofreu um derrame. Drenthe est\u00e1 atualmente a receber bons cuidados e em boas m\u00e3os. A equipa e os envolvidos esperam uma r\u00e1pida recupera\u00e7\u00e3o. A fam\u00edlia de Royston pede paz e privacidade durante este per\u00edodo, para que possam dar o apoio e o espa\u00e7o necess\u00e1rios para a recupera\u00e7\u00e3o\u00bb, pode ler-se na nota oficial deste domingo.<\/p>\n<p>Nos relvados, o m\u00e9dio de agora 38 anos representou v\u00e1rias equipas, tendo terminado a carreira em 2023\/24, depois de representar o Feyenoord, H\u00e9rcules, Real Madrid, Everton, Spartak Vladikavkaz, Sheffield Wednesday, Kozakken Boys, Racing Murcia, Real Murcia, Sparta Rotterdam, Baniyas e Kayseri Erciyesspor.<\/p>\n<p>\u00a0<\/p>\n<blockquote class=\"instagram-media\" data-instgrm-captioned=\"\" data-instgrm-permalink=\"https:\/\/www.instagram.com\/p\/DP_n3lSiKmz\/?utm_source=ig_embed&amp;utm_campaign=loading\" data-instgrm-version=\"14\" style=\" background:#FFF; border:0; border-radius:3px; box-shadow:0 0 1px 0 rgba(0,0,0,0.5),0 1px 10px 0 rgba(0,0,0,0.15); margin: 1px; max-width:540px; min-width:326px; padding:0; width:99.375%; width:-webkit-calc(100% - 2px); width:calc(100% - 2px);\">\n<\/blockquote>\n<p>                                <script async src=\"\/\/www.instagram.com\/embed.js\"><\/script><\/p>\n","protected":false},"excerpt":{"rendered":"Royston Drenthe, ex-Real Madrid, Feyenoord e Everton, est\u00e1 hospitalizado desde sexta-feira, devido a um derrame cerebral. A informa\u00e7\u00e3o&hellip;\n","protected":false},"author":2,"featured_media":117842,"comment_status":"","ping_status":"","sticky":false,"template":"","format":"standard","meta":{"footnotes":""},"categories":[87],"tags":[135,27532,82,46,3914,32,33,47,27531,134],"class_list":{"0":"post-117841","1":"post","2":"type-post","3":"status-publish","4":"format-standard","5":"has-post-thumbnail","7":"category-desporto","8":"tag-desporto","9":"tag-fc-rebellen","10":"tag-internacional","11":"tag-maisfutebol","12":"tag-paises-baixos","13":"tag-portugal","14":"tag-pt","15":"tag-pura-paixao","16":"tag-royston-drenthe","17":"tag-sports"},"share_on_mastodon":{"url":"","error":""},"_links":{"self":[{"href":"https:\/\/www.europesays.com\/pt\/wp-json\/wp\/v2\/posts\/117841","targetHints":{"allow":["GET"]}}],"collection":[{"href":"https:\/\/www.europesays.com\/pt\/wp-json\/wp\/v2\/posts"}],"about":[{"href":"https:\/\/www.europesays.com\/pt\/wp-json\/wp\/v2\/types\/post"}],"author":[{"embeddable":true,"href":"https:\/\/www.europesays.com\/pt\/wp-json\/wp\/v2\/users\/2"}],"replies":[{"embeddable":true,"href":"https:\/\/www.europesays.com\/pt\/wp-json\/wp\/v2\/comments?post=117841"}],"version-history":[{"count":0,"href":"https:\/\/www.europesays.com\/pt\/wp-json\/wp\/v2\/posts\/117841\/revisions"}],"wp:featuredmedia":[{"embeddable":true,"href":"https:\/\/www.europesays.com\/pt\/wp-json\/wp\/v2\/media\/117842"}],"wp:attachment":[{"href":"https:\/\/www.europesays.com\/pt\/wp-json\/wp\/v2\/media?parent=117841"}],"wp:term":[{"taxonomy":"category","embeddable":true,"href":"https:\/\/www.europesays.com\/pt\/wp-json\/wp\/v2\/categories?post=117841"},{"taxonomy":"post_tag","embeddable":true,"href":"https:\/\/www.europesays.com\/pt\/wp-json\/wp\/v2\/tags?post=117841"}],"curies":[{"name":"wp","href":"https:\/\/api.w.org\/{rel}","templated":true}]}}