{"id":117847,"date":"2025-10-19T20:54:24","date_gmt":"2025-10-19T20:54:24","guid":{"rendered":"https:\/\/www.europesays.com\/pt\/117847\/"},"modified":"2025-10-19T20:54:24","modified_gmt":"2025-10-19T20:54:24","slug":"iphone-17-pro-analise-mudou-pouco-na-realidade-nao","status":"publish","type":"post","link":"https:\/\/www.europesays.com\/pt\/117847\/","title":{"rendered":"iPhone 17 Pro (An\u00e1lise) : Mudou pouco? Na realidade n\u00e3o!"},"content":{"rendered":"<p>O novo <strong>iPhone 17 Pro<\/strong> n\u00e3o \u00e9 uma revolu\u00e7\u00e3o face ao que j\u00e1 existe no mercado. Ou seja, \u00e9 aquele iPhone que faz tudo um pouco melhor, e era exatamente isso que tinha de fazer.<\/p>\n<p>Do desempenho \u00e0s c\u00e2maras, da autonomia ao ecr\u00e3, \u00e9 dif\u00edcil apontar-lhe o dedo. Porque tudo melhorou. O pr\u00f3prio smartphone sente-se mais desafogado, o que muito provavelmente se deve ao acr\u00e9scimo de RAM (+4GB).<\/p>\n<p>Al\u00e9m disso, apesar de controversa, a vers\u00e3o <strong>cosmic orange<\/strong> rouba olhares e ajuda a contar a hist\u00f3ria\u2026 Este \u00e9 um topo de gama confiante, r\u00e1pido e afinado. Talvez um dos melhores iPhones de sempre.<\/p>\n<p><strong>Pontos fortes!<\/strong><\/p>\n<p><img fetchpriority=\"high\" decoding=\"async\" class=\"aligncenter size-full wp-image-354946\" src=\"data:image\/svg+xml,%3Csvg%20xmlns=\" http:=\"\" alt=\"iPhone\" width=\"1470\" height=\"1198\" data-lazy- data-lazy- data-lazy-src=\"https:\/\/www.europesays.com\/pt\/wp-content\/uploads\/2025\/10\/iphone-destaque-e1759668527119.jpg\"\/><\/p>\n<ul>\n<li>Nova c\u00e2mara frontal incr\u00edvel<\/li>\n<li>Conjunto traseiro vers\u00e1til e completo<\/li>\n<li>Desempenho \u201crel\u00e2mpago\u201d em tudo<\/li>\n<li>O acabamento laranja est\u00e1 um mimo n\u00e3o \u00e9 para todos, mas \u00e9 diferenciado!<\/li>\n<\/ul>\n<p><strong>A melhorar?<\/strong><\/p>\n<ul>\n<li>N\u00e3o \u00e9 um salto gigante face ao 16 Pro<\/li>\n<li>O zoom 8x fica limitado a 12 MP<\/li>\n<\/ul>\n<p><strong>Pre\u00e7o e disponibilidade<\/strong><\/p>\n<p>O iPhone 17 Pro come\u00e7a nos 1349\u20ac em Portugal, <strong>um valor muito interessante porque\u2026<\/strong> N\u00e3o \u00e9 barato, mas como o modelo Pro da Apple \u00e9 exatamente igual ao mais caro modelo Pro Max. <strong>Isto significa que podes ter um super-topo de gama a 1349\u20ac, quando o pre\u00e7o normal \u00e9 de 1499\u20ac.<\/strong><\/p>\n<p>\u00c0 exce\u00e7\u00e3o da Google com o Pixel 10 (mas os Pixel 10 n\u00e3o s\u00e3o bem super topos de gama), nas outras fabricantes isto n\u00e3o existe. A Samsung tem o S25 Ultra, e a Xiaomi tem o Xiaomi 15 Ultra. Os outros modelos n\u00e3o s\u00e3o iguais.<\/p>\n<p><strong>Design e constru\u00e7\u00e3o<\/strong><\/p>\n<p><img loading=\"lazy\" decoding=\"async\" class=\"aligncenter size-full wp-image-354944\" src=\"data:image\/svg+xml,%3Csvg%20xmlns=\" http:=\"\" alt=\"\" width=\"1619\" height=\"1200\" data-lazy- data-lazy- data-lazy-src=\"https:\/\/www.europesays.com\/pt\/wp-content\/uploads\/2025\/10\/iPhone-5.jpg\"\/> <img loading=\"lazy\" decoding=\"async\" class=\"aligncenter size-full wp-image-354943\" src=\"data:image\/svg+xml,%3Csvg%20xmlns=\" http:=\"\" alt=\"\" width=\"1594\" height=\"1200\" data-lazy- data-lazy- data-lazy-src=\"https:\/\/www.europesays.com\/pt\/wp-content\/uploads\/2025\/10\/iphone-8-1.jpg\"\/><\/p>\n<p>Eu passei de um iPhone 16 Pro Max para um iPhone 17 Pro. Uma atualiza\u00e7\u00e3o que\u2026 Parece saber a pouco.<\/p>\n<p>Afinal de contas, \u00e0 primeira vista, o desenho n\u00e3o muda muito, tirando a cor e o m\u00f3dulo de c\u00e2maras agora em barra. Por baixo, h\u00e1 uma mudan\u00e7a grande: sai o tit\u00e2nio, entra <strong>liga de alum\u00ednio forjado<\/strong>, <strong>mais leve<\/strong> e com <strong>20x melhor condu\u00e7\u00e3o t\u00e9rmica<\/strong>.<\/p>\n<p>A Apple acrescenta ainda <strong>c\u00e2mara de vapor integrada<\/strong> no chassis para tirar calor do chip mais depressa. \u00c0 frente, <strong>Ceramic Shield 2 <\/strong>e\u00a0atr\u00e1s, vidro protegido por camada cer\u00e2mica.<\/p>\n<p>Dimens\u00f5es quase iguais \u00e0s do 16 Pro, com ligeiro aumento de espessura e peso, o que se deve ao aumento da bateria, e \u00e0 inclus\u00e3o do novo sistema de refrigera\u00e7\u00e3o.<\/p>\n<p><strong>Novidades principais<\/strong><\/p>\n<ul>\n<li><strong>A19 Pro<\/strong> (3 nm) com CPU 6-core, GPU 6-core e Neural Engine 16-core.<\/li>\n<li><strong>N1 <\/strong>para Wi-Fi 7, Bluetooth 6 e Thread, com Airdrop\/Hotspot mais est\u00e1veis.<\/li>\n<li><strong>Tr\u00eas sensores de 48 MP atr\u00e1s<\/strong>: ultra-grande angular, principal e tele 4x. O sistema combina lentes e crops para oferecer oito dist\u00e2ncias focais.<\/li>\n<li><strong>Nova c\u00e2mara frontal 18 MP com sensor quadrado<\/strong>: selfies horizontais ou verticais em alta resolu\u00e7\u00e3o sem virar o telefone, Center Stage melhorado, estabiliza\u00e7\u00e3o por crop e dual capture frente+tr\u00e1s.<\/li>\n<\/ul>\n<p><strong>Ecr\u00e3<\/strong><\/p>\n<p><img loading=\"lazy\" decoding=\"async\" class=\"aligncenter size-full wp-image-353480\" src=\"data:image\/svg+xml,%3Csvg%20xmlns=\" http:=\"\" alt=\"\" width=\"1643\" height=\"1200\" data-lazy- data-lazy- data-lazy-src=\"https:\/\/www.europesays.com\/pt\/wp-content\/uploads\/2025\/10\/apple-iphone-17-pro.jpg\"\/><\/p>\n<p>O <strong>6.3\u2033 OLED<\/strong> do Pro (6.9\u2033 no Pro Max) mant\u00e9m a nitidez e o <strong>ProMotion a 120 Hz<\/strong>, mas ganha <strong>picos de 3000 nits<\/strong> no exterior.<\/p>\n<p>\u00c9 um ecr\u00e3 <strong>Super Retina XDR<\/strong> muito brilhante e consistente, com taxa a descer at\u00e9 <strong>1 Hz<\/strong> no ecr\u00e3 sempre ligado. O tamanho \u00e9 escolha pessoal. Para mim, como se diz no Padel, \u00e9 o \u201cponte doce\u201d. Nem noto que tenha trocar um ecr\u00e3 de 6.9\u201d por um outro de 6.3\u201d.<\/p>\n<p><strong>C\u00e2maras e v\u00eddeo<\/strong><\/p>\n<p>As tr\u00eas c\u00e2maras de <strong>48 MP<\/strong> cobrem <strong>13 mm, 24 mm e 100 mm<\/strong> equivalentes. O sistema alterna discretamente entre sensores e recorre a <strong>crops inteligentes<\/strong> para dar <strong>1,2x, 1,5x, 2x, 4x e 8x<\/strong>.<\/p>\n<p><strong>Notas importantes:<\/strong><\/p>\n<ul>\n<li>O <strong>2x<\/strong> \u00e9 um crop de 12 MP do sensor principal.<\/li>\n<li>O <strong>8x<\/strong> tamb\u00e9m resulta em <strong>12 MP<\/strong> a partir do tele de 48 MP.<\/li>\n<li>Ainda consegues <strong>24 MP<\/strong> nos <strong>28 mm (1,2x)<\/strong> e <strong>35 mm (1,5x)<\/strong> na c\u00e2mara principal.<br \/>V\u00eddeo mant\u00e9m o que interessa: <strong>4K Dolby Vision<\/strong> at\u00e9 <strong>120 fps<\/strong> na principal (60 fps nas outras), <strong>Cinematic 4K30<\/strong>, <strong>Action 2.8K60<\/strong>, <strong>ProRes at\u00e9 4K120<\/strong>, agora tamb\u00e9m <strong>ProRes RAW<\/strong> e <strong>Genlock<\/strong>.<\/li>\n<\/ul>\n<p><img loading=\"lazy\" decoding=\"async\" class=\"aligncenter size-full wp-image-354922\" src=\"data:image\/svg+xml,%3Csvg%20xmlns=\" http:=\"\" alt=\"\" width=\"1096\" height=\"1462\" data-lazy- data-lazy- data-lazy-src=\"https:\/\/www.europesays.com\/pt\/wp-content\/uploads\/2025\/10\/selfie.jpg\"\/><\/p>\n<p><img loading=\"lazy\" decoding=\"async\" class=\"aligncenter size-full wp-image-355652\" src=\"data:image\/svg+xml,%3Csvg%20xmlns=\" http:=\"\" alt=\"\" width=\"1600\" height=\"900\" data-lazy- data-lazy- data-lazy-src=\"https:\/\/www.europesays.com\/pt\/wp-content\/uploads\/2025\/10\/WhatsApp-Image-2025-10-09-at-09.53.31.jpeg\"\/> <img loading=\"lazy\" decoding=\"async\" class=\"aligncenter size-full wp-image-355521\" src=\"data:image\/svg+xml,%3Csvg%20xmlns=\" http:=\"\" alt=\"\" width=\"1766\" height=\"1200\" data-lazy- data-lazy- data-lazy-src=\"https:\/\/www.europesays.com\/pt\/wp-content\/uploads\/2025\/10\/buds-2a-2.jpg\"\/> <img loading=\"lazy\" decoding=\"async\" class=\"aligncenter size-full wp-image-354937\" src=\"data:image\/svg+xml,%3Csvg%20xmlns=\" http:=\"\" alt=\"\" width=\"1601\" height=\"1200\" data-lazy- data-lazy- data-lazy-src=\"https:\/\/www.europesays.com\/pt\/wp-content\/uploads\/2025\/10\/iphone1.jpg\"\/> <img loading=\"lazy\" decoding=\"async\" class=\"aligncenter size-full wp-image-354936\" src=\"data:image\/svg+xml,%3Csvg%20xmlns=\" http:=\"\" alt=\"\" width=\"1601\" height=\"1200\" data-lazy- data-lazy- data-lazy-src=\"https:\/\/www.europesays.com\/pt\/wp-content\/uploads\/2025\/10\/iphone-2.jpg\"\/> <img loading=\"lazy\" decoding=\"async\" class=\"aligncenter size-full wp-image-354934\" src=\"data:image\/svg+xml,%3Csvg%20xmlns=\" http:=\"\" alt=\"\" width=\"1601\" height=\"1200\" data-lazy- data-lazy- data-lazy-src=\"https:\/\/www.europesays.com\/pt\/wp-content\/uploads\/2025\/10\/ipone-4.jpg\"\/> <img loading=\"lazy\" decoding=\"async\" class=\"aligncenter size-full wp-image-354930\" src=\"data:image\/svg+xml,%3Csvg%20xmlns=\" http:=\"\" alt=\"\" width=\"1601\" height=\"1200\" data-lazy- data-lazy- data-lazy-src=\"https:\/\/www.europesays.com\/pt\/wp-content\/uploads\/2025\/10\/ipohne-5.jpg\"\/> <img loading=\"lazy\" decoding=\"async\" class=\"aligncenter size-full wp-image-354923\" src=\"data:image\/svg+xml,%3Csvg%20xmlns=\" http:=\"\" alt=\"\" width=\"1096\" height=\"1462\" data-lazy- data-lazy- data-lazy-src=\"https:\/\/www.europesays.com\/pt\/wp-content\/uploads\/2025\/10\/narricas.jpg\"\/> <img loading=\"lazy\" decoding=\"async\" class=\"aligncenter size-full wp-image-354924\" src=\"data:image\/svg+xml,%3Csvg%20xmlns=\" http:=\"\" alt=\"\" width=\"1601\" height=\"1200\" data-lazy- data-lazy- data-lazy-src=\"https:\/\/www.europesays.com\/pt\/wp-content\/uploads\/2025\/10\/zoom-1.2.jpg\"\/> <img loading=\"lazy\" decoding=\"async\" class=\"aligncenter size-full wp-image-354926\" src=\"data:image\/svg+xml,%3Csvg%20xmlns=\" http:=\"\" alt=\"\" width=\"1601\" height=\"1200\" data-lazy- data-lazy- data-lazy-src=\"https:\/\/www.europesays.com\/pt\/wp-content\/uploads\/2025\/10\/iphone-8.jpg\"\/> <img loading=\"lazy\" decoding=\"async\" class=\"aligncenter size-full wp-image-354928\" src=\"data:image\/svg+xml,%3Csvg%20xmlns=\" http:=\"\" alt=\"\" width=\"1601\" height=\"1200\" data-lazy- data-lazy- data-lazy-src=\"https:\/\/www.europesays.com\/pt\/wp-content\/uploads\/2025\/10\/wid.jpg\"\/><\/p>\n<p><strong>Qualidade de imagem e v\u00eddeo<\/strong><\/p>\n<p>H\u00e1 um <strong>salto vis\u00edvel<\/strong> face ao 16 Pro!<\/p>\n<p>N\u00e3o s\u00f3 pelas novas c\u00e2maras, mas sim tamb\u00e9m por melhorias no processamento de cada captura.<\/p>\n<p><strong>Temos cores mais ricas, melhor detalhe nas sombras e nitidez consistente.<\/strong><\/p>\n<p>Em baixa luz, o ru\u00eddo est\u00e1 muito controlado, isto tanto nas lentes principais como na wide-angle e telefoto. Mas\u2026 A <strong>frontal 18 MP<\/strong> \u00e9 a estrela! Mais resolu\u00e7\u00e3o, melhor textura de pele e versatilidade real com o sensor quadrado.<\/p>\n<p><strong>Bateria e desempenho<\/strong><\/p>\n<p>A Apple promete sempre grandes n\u00fameros.<\/p>\n<p>Dito tudo isto, no uso real, \u00e9 um dia sem dramas, mesmo com c\u00e2mara e apps pesadas. O meu iPhone 17 Pro dura o mesmo que o meu antigo iPhone 16 Pro Max que era bastante maior.<\/p>\n<p><strong>No lado do desempenho, \u00e9 um smartphone sem medo de nada<\/strong>. Tudo o que lhe pedes, ele faz no imediato. \u00c9 o smartphone mais r\u00e1pido e mais consistente do mercado. Isto pode mudar com os novos Android topo de gama baseados no Snapdragon 8 Elite Gen 5.<\/p>\n<p>Mas, no lado Android, a consist\u00eancia sempre foi um problema, h\u00e1 que ter isso em conta.<\/p>\n<p><strong>Veredicto<\/strong><\/p>\n<p>O <strong>iPhone 17 Pro<\/strong> \u00e9 o <strong>pico do mercado <\/strong>neste momento!<\/p>\n<p>C\u00e2maras mais consistentes, frontal revolucion\u00e1ria, ecr\u00e3 brilhante, bateria fi\u00e1vel e um A19 Pro que sobra para tudo. Claro que n\u00e3o \u00e9 um salto \u201cde outro mundo\u201d face ao 16 Pro, mas \u00e9 o iPhone a comprar se queres o melhor equil\u00edbrio entre tamanho, performance e c\u00e2maras.<\/p>\n<p>Entretanto, se preferes ecr\u00e3 maior e mais autonomia, vai ao 17 Pro Max. Em qualquer dos casos, n\u00e3o ficas desiludido.<\/p>\n<p><img loading=\"lazy\" decoding=\"async\" class=\"aligncenter size-full wp-image-221116\" src=\"data:image\/svg+xml,%3Csvg%20xmlns=\" http:=\"\" alt=\"\" width=\"552\" height=\"545\" data-lazy- data-lazy- data-lazy-src=\"https:\/\/www.europesays.com\/pt\/wp-content\/uploads\/2025\/10\/logoexcelente-big.png\"\/><\/p>\n","protected":false},"excerpt":{"rendered":"O novo iPhone 17 Pro n\u00e3o \u00e9 uma revolu\u00e7\u00e3o face ao que j\u00e1 existe no mercado. Ou seja,&hellip;\n","protected":false},"author":2,"featured_media":117848,"comment_status":"","ping_status":"","sticky":false,"template":"","format":"standard","meta":{"footnotes":""},"categories":[84],"tags":[109,107,108,1661,32,33,105,103,104,106,110],"class_list":{"0":"post-117847","1":"post","2":"type-post","3":"status-publish","4":"format-standard","5":"has-post-thumbnail","7":"category-ciencia-e-tecnologia","8":"tag-ciencia","9":"tag-ciencia-e-tecnologia","10":"tag-cienciaetecnologia","11":"tag-destaque","12":"tag-portugal","13":"tag-pt","14":"tag-science","15":"tag-science-and-technology","16":"tag-scienceandtechnology","17":"tag-technology","18":"tag-tecnologia"},"share_on_mastodon":{"url":"","error":""},"_links":{"self":[{"href":"https:\/\/www.europesays.com\/pt\/wp-json\/wp\/v2\/posts\/117847","targetHints":{"allow":["GET"]}}],"collection":[{"href":"https:\/\/www.europesays.com\/pt\/wp-json\/wp\/v2\/posts"}],"about":[{"href":"https:\/\/www.europesays.com\/pt\/wp-json\/wp\/v2\/types\/post"}],"author":[{"embeddable":true,"href":"https:\/\/www.europesays.com\/pt\/wp-json\/wp\/v2\/users\/2"}],"replies":[{"embeddable":true,"href":"https:\/\/www.europesays.com\/pt\/wp-json\/wp\/v2\/comments?post=117847"}],"version-history":[{"count":0,"href":"https:\/\/www.europesays.com\/pt\/wp-json\/wp\/v2\/posts\/117847\/revisions"}],"wp:featuredmedia":[{"embeddable":true,"href":"https:\/\/www.europesays.com\/pt\/wp-json\/wp\/v2\/media\/117848"}],"wp:attachment":[{"href":"https:\/\/www.europesays.com\/pt\/wp-json\/wp\/v2\/media?parent=117847"}],"wp:term":[{"taxonomy":"category","embeddable":true,"href":"https:\/\/www.europesays.com\/pt\/wp-json\/wp\/v2\/categories?post=117847"},{"taxonomy":"post_tag","embeddable":true,"href":"https:\/\/www.europesays.com\/pt\/wp-json\/wp\/v2\/tags?post=117847"}],"curies":[{"name":"wp","href":"https:\/\/api.w.org\/{rel}","templated":true}]}}