{"id":11785,"date":"2025-08-01T16:25:41","date_gmt":"2025-08-01T16:25:41","guid":{"rendered":"https:\/\/www.europesays.com\/pt\/11785\/"},"modified":"2025-08-01T16:25:41","modified_gmt":"2025-08-01T16:25:41","slug":"era-para-junho-depois-julho-e-entretanto-entra-agosto-programa-do-governo-para-subsidiar-eletrodomesticos-eficientes-derrapa-para-setembro","status":"publish","type":"post","link":"https:\/\/www.europesays.com\/pt\/11785\/","title":{"rendered":"Era para junho, depois julho e entretanto entra agosto: programa do Governo para subsidiar eletrodom\u00e9sticos eficientes derrapa para setembro"},"content":{"rendered":"<p>O dia 31 de julho n\u00e3o ser\u00e1 definitivamente o melhor dia para casar a vontade do Governo de subsidiar eletrodom\u00e9sticos com a possibilidade das fam\u00edlias de beneficiar desses apoios: <strong>o programa E-Lar voltou a ser adiado e s\u00f3 dever\u00e1 ficar operacional em setembro<\/strong>. A ministra do Ambiente e Energia, Maria da Gra\u00e7a Carvalho, entendeu que agosto \u201cn\u00e3o permitiria uma comunica\u00e7\u00e3o suficientemente ampla e eficaz\u201d. <\/p>\n<p><a href=\"https:\/\/expresso.pt\/promo\/data\/content\/binaries\/custom\/expresso\/digital\/COGB6.html?returnUrl=https:\/\/expresso.pt\/economia\/economia_energia\/2025-07-31-era-para-junho-depois-julho-e-entretanto-entra-agosto-programa-do-governo-para-subsidiar-eletrodomesticos-eficientes-derrapa-para-setembro-3a9d2112&amp;utm_source=expresso&amp;utm_medium=locked_article&amp;locked=true&amp;article_id=9bd3796c-a032-4f99-82c8-5e5970a2deb8&amp;author_id=Miguel+Prado&amp;category=Energia\" target=\"_self\" class=\"\" rel=\"nofollow noopener\">Subscrever<\/a>J\u00e1 \u00e9 Subscritor?Fa\u00e7a login e continue a ler<a href=\"http:\/\/expresso.pt\/codigo?redirectUrl=https:\/\/expresso.pt\/economia\/economia_energia\/2025-07-31-era-para-junho-depois-julho-e-entretanto-entra-agosto-programa-do-governo-para-subsidiar-eletrodomesticos-eficientes-derrapa-para-setembro-3a9d2112\" target=\"_self\" class=\"\" rel=\"nofollow noopener\">Inserir C\u00f3digo<\/a>Comprou o Expresso?Insira o c\u00f3digo presente na Revista E para continuar a ler<\/p>\n","protected":false},"excerpt":{"rendered":"O dia 31 de julho n\u00e3o ser\u00e1 definitivamente o melhor dia para casar a vontade do Governo de&hellip;\n","protected":false},"author":2,"featured_media":6759,"comment_status":"","ping_status":"","sticky":false,"template":"","format":"standard","meta":{"footnotes":""},"categories":[83],"tags":[88,89,90,32,33],"class_list":{"0":"post-11785","1":"post","2":"type-post","3":"status-publish","4":"format-standard","5":"has-post-thumbnail","7":"category-empresas","8":"tag-business","9":"tag-economy","10":"tag-empresas","11":"tag-portugal","12":"tag-pt"},"share_on_mastodon":{"url":"","error":""},"_links":{"self":[{"href":"https:\/\/www.europesays.com\/pt\/wp-json\/wp\/v2\/posts\/11785","targetHints":{"allow":["GET"]}}],"collection":[{"href":"https:\/\/www.europesays.com\/pt\/wp-json\/wp\/v2\/posts"}],"about":[{"href":"https:\/\/www.europesays.com\/pt\/wp-json\/wp\/v2\/types\/post"}],"author":[{"embeddable":true,"href":"https:\/\/www.europesays.com\/pt\/wp-json\/wp\/v2\/users\/2"}],"replies":[{"embeddable":true,"href":"https:\/\/www.europesays.com\/pt\/wp-json\/wp\/v2\/comments?post=11785"}],"version-history":[{"count":0,"href":"https:\/\/www.europesays.com\/pt\/wp-json\/wp\/v2\/posts\/11785\/revisions"}],"wp:featuredmedia":[{"embeddable":true,"href":"https:\/\/www.europesays.com\/pt\/wp-json\/wp\/v2\/media\/6759"}],"wp:attachment":[{"href":"https:\/\/www.europesays.com\/pt\/wp-json\/wp\/v2\/media?parent=11785"}],"wp:term":[{"taxonomy":"category","embeddable":true,"href":"https:\/\/www.europesays.com\/pt\/wp-json\/wp\/v2\/categories?post=11785"},{"taxonomy":"post_tag","embeddable":true,"href":"https:\/\/www.europesays.com\/pt\/wp-json\/wp\/v2\/tags?post=11785"}],"curies":[{"name":"wp","href":"https:\/\/api.w.org\/{rel}","templated":true}]}}