{"id":117851,"date":"2025-10-19T21:02:08","date_gmt":"2025-10-19T21:02:08","guid":{"rendered":"https:\/\/www.europesays.com\/pt\/117851\/"},"modified":"2025-10-19T21:02:08","modified_gmt":"2025-10-19T21:02:08","slug":"segunda-na-tv-do-absurdo-de-delicatessen-aos-grandes-sentimentos-animados-televisao","status":"publish","type":"post","link":"https:\/\/www.europesays.com\/pt\/117851\/","title":{"rendered":"Segunda na TV: do absurdo de Delicatessen aos \u201cgrandes sentimentos\u201d animados | Televis\u00e3o"},"content":{"rendered":"<p>CINEMA<\/p>\n<p><strong><a href=\"https:\/\/cinecartaz.publico.pt\/filme\/voando-sobre-um-ninho-de-cucos-38294\" rel=\"nofollow noopener\" target=\"_blank\">Voando Sobre Um Ninho de Cucos<\/a><br \/>Cinemundo, 22h30<\/strong><\/p>\n<p dir=\"ltr\">Obra-prima de Milos Forman baseada no livro hom\u00f3nimo de Ken Kesey, com Jack Nicholson internado num sanat\u00f3rio e a revolucionar o local. Encarna Randle McMurphy, um ladr\u00e3o de segunda que \u00e9 enviado para um hospital mental onde vai desestabilizar a rotina dos doentes e criar toda a esp\u00e9cie de conflitos. Estreado em 1975, este \u00e9 um dos raros filmes galardoados com os cinco \u00d3scares principais: melhor actor (Nicholson), actriz (Louise Fletcher), realizador, filme e argumento adaptado (Lawrence Hauben e Bo Goldman).<\/p>\n<p><strong><a href=\"https:\/\/cinecartaz.publico.pt\/filme\/delicatessen-29095\" rel=\"nofollow noopener\" target=\"_blank\">Delicatessen<\/a><\/strong><br \/><strong>RTP2, 23h43<\/strong><\/p>\n<p dir=\"ltr\">Foi o filme que lan\u00e7ou para a fama Jean-Pierre Jeunet e Marc Caro, tamb\u00e9m autores de A Cidade das Crian\u00e7as Perdidas. Num mundo devastado, em \u00e9poca incerta, um pr\u00e9dio antigo e isolado \u00e9 habitado por estranhas personagens tais como o casal Interligator (ela constantemente a tentar suicidar-se) ou os irm\u00e3os Kube, que passam o dia a fabricar e testar pequenos aparelhos que imitam o mugir das vacas.<\/p>\n<p dir=\"ltr\">Visto o estado do mundo, a principal preocupa\u00e7\u00e3o de toda essa gente \u00e9 alimentar-se \u2013 e todos s\u00e3o clientes de Clapet, o talhante do r\u00e9s-do-ch\u00e3o. Nos esgotos vivem os Trogloditas, que s\u00e3o vegetarianos. Um dia, um novo inquilino instala-se no pr\u00e9dio. A filha de Clapet, Julie, gosta dele. Mas o talhante reserva-lhe um destino pouco invej\u00e1vel&#8230; O filme ganhou v\u00e1rios C\u00e9sares em Fran\u00e7a, entre os quais o de melhor argumento original.<\/p>\n<p>S\u00c9RIES<\/p>\n<p><strong>The Walking Dead: Dead City<\/strong><br \/><strong>AMC, 22h10<\/strong><\/p>\n<p dir=\"ltr\">Arranca no AMC a segunda temporada do spin-off de The Walking Dead criado por Eli Jorn\u00e9 e focado nas personagens de Negan (Jeffrey Dean Morgan) e Maggie (Lauren Cohan), numa Manhattan que esteve isolada e onde proliferam os mortos-vivos. S\u00e3o oito epis\u00f3dios, em regime semanal.<\/p>\n<p>        &#13;<\/p>\n<p>&#13;<br \/>\n                &#13;\n            <\/p>\n<p>&#13;<\/p>\n<p dir=\"ltr\"><strong>Wild Cards<\/strong><br \/><strong>Star Life, 22h20<\/strong><\/p>\n<p dir=\"ltr\">Vanessa Morgan (de Riverdale) e Giacomo Gianniotti (Anatomia de Grey) formam a dupla detectivesca desta cria\u00e7\u00e3o de Michael Konyves (Bad Blood). Como seria de esperar, estamos perante uma parelha improv\u00e1vel, de feitios e m\u00e9todos muito diferentes, que \u00e9 for\u00e7ada a trabalhar em conjunto para aproveitar uma oportunidade de reden\u00e7\u00e3o: ela \u00e9 uma vigarista a cumprir um acordo para n\u00e3o ir presa; ele, um agente despromovido a tentar voltar \u00e0s fun\u00e7\u00f5es que ocupava. Nesta segunda-feira, o procedural entra na segunda temporada (debitada a ritmo semanal), j\u00e1 com a terceira e a quarta na calha.<\/p>\n<p dir=\"ltr\"><strong>The Equalizer<\/strong><br \/><strong>Star Channel, 22h15<\/strong><\/p>\n<p dir=\"ltr\">Come\u00e7a a ronda final da s\u00e9rie em que Queen Latifah encarna uma m\u00e3e solteira nova-iorquina tornada \u201cvigilante\u201d, uma justiceira em defesa de quem tem pouca voz e parcas solu\u00e7\u00f5es. Esta quinta temporada traz 18 epis\u00f3dios, para ver \u00e0 segunda-feira.<\/p>\n<p dir=\"ltr\"><strong>Haha, You Clowns<\/strong><br \/><strong>HBO Max, streaming<\/strong><\/p>\n<p dir=\"ltr\">Estreia. Joe Cappa assina e d\u00e1 voz a v\u00e1rias personagens desta s\u00e9rie de anima\u00e7\u00e3o para adultos. Centra-se num n\u00facleo familiar formado por um vi\u00favo e os seus tr\u00eas filhos, \u201crapazes grandes com grandes sentimentos\u201d \u2013 descreve a plataforma \u2013 \u201cque est\u00e3o a aprender a aprender a navegar pela vida ap\u00f3s a morte da m\u00e3e, sentindo a presen\u00e7a dela nas suas aventuras quotidianas\u201d.<\/p>\n<p>INFORMA\u00c7\u00c3O<\/p>\n<p dir=\"ltr\"><strong>Tudo \u00c9 Economia<\/strong><br \/><strong>RTP Not\u00edcias, 22h30<\/strong><\/p>\n<p dir=\"ltr\">Na grelha da RTP Not\u00edcias, o programa passa a ser emitido no in\u00edcio da semana (em vez de ter\u00e7a), mas mant\u00e9m o prop\u00f3sito: avaliar e discutir quest\u00f5es da vida econ\u00f3mica. Este primeiro epis\u00f3dio \u00e0 segunda-feira incide sobre as mudan\u00e7as anunciadas no sistema fiscal portugu\u00eas. Os impostos s\u00e3o observados \u00e0 lupa cr\u00edtica da fiscalista convidada T\u00e2nia de Almeida Ferreira, com coment\u00e1rios dos economistas Pedro Brinca e Ricardo Paes Mamede, e com Rui Alves Veloso como anfitri\u00e3o.<\/p>\n<p>M\u00daSICA<\/p>\n<p dir=\"ltr\"><strong>Gisela e o Fado<\/strong><br \/><strong>RTP1, 23h51<\/strong><\/p>\n<p dir=\"ltr\">A intemporalidade do fado pela voz de Gisela Jo\u00e3o, num concerto especial, gravado este ano na antiga Fundi\u00e7\u00e3o de Oeiras e pautado por temas como Maldi\u00e7\u00e3o, Louca, Meu amigo est\u00e1 longe ou Que Deus me perdoe. A ideia \u00e9 funcionar como uma autobiografia musical da cantora de Barcelos.<\/p>\n","protected":false},"excerpt":{"rendered":"CINEMA Voando Sobre Um Ninho de CucosCinemundo, 22h30 Obra-prima de Milos Forman baseada no livro hom\u00f3nimo de Ken&hellip;\n","protected":false},"author":2,"featured_media":117852,"comment_status":"","ping_status":"","sticky":false,"template":"","format":"standard","meta":{"footnotes":""},"categories":[142],"tags":[470,1413,114,115,294,150,32,33,291,941,940,218,151],"class_list":{"0":"post-117851","1":"post","2":"type-post","3":"status-publish","4":"format-standard","5":"has-post-thumbnail","7":"category-tv","8":"tag-cinema","9":"tag-cultura-ipsilon","10":"tag-entertainment","11":"tag-entretenimento","12":"tag-lazer","13":"tag-musica","14":"tag-portugal","15":"tag-pt","16":"tag-relaxar","17":"tag-series","18":"tag-streaming","19":"tag-televisao","20":"tag-tv"},"share_on_mastodon":{"url":"","error":""},"_links":{"self":[{"href":"https:\/\/www.europesays.com\/pt\/wp-json\/wp\/v2\/posts\/117851","targetHints":{"allow":["GET"]}}],"collection":[{"href":"https:\/\/www.europesays.com\/pt\/wp-json\/wp\/v2\/posts"}],"about":[{"href":"https:\/\/www.europesays.com\/pt\/wp-json\/wp\/v2\/types\/post"}],"author":[{"embeddable":true,"href":"https:\/\/www.europesays.com\/pt\/wp-json\/wp\/v2\/users\/2"}],"replies":[{"embeddable":true,"href":"https:\/\/www.europesays.com\/pt\/wp-json\/wp\/v2\/comments?post=117851"}],"version-history":[{"count":0,"href":"https:\/\/www.europesays.com\/pt\/wp-json\/wp\/v2\/posts\/117851\/revisions"}],"wp:featuredmedia":[{"embeddable":true,"href":"https:\/\/www.europesays.com\/pt\/wp-json\/wp\/v2\/media\/117852"}],"wp:attachment":[{"href":"https:\/\/www.europesays.com\/pt\/wp-json\/wp\/v2\/media?parent=117851"}],"wp:term":[{"taxonomy":"category","embeddable":true,"href":"https:\/\/www.europesays.com\/pt\/wp-json\/wp\/v2\/categories?post=117851"},{"taxonomy":"post_tag","embeddable":true,"href":"https:\/\/www.europesays.com\/pt\/wp-json\/wp\/v2\/tags?post=117851"}],"curies":[{"name":"wp","href":"https:\/\/api.w.org\/{rel}","templated":true}]}}