{"id":117857,"date":"2025-10-19T21:06:10","date_gmt":"2025-10-19T21:06:10","guid":{"rendered":"https:\/\/www.europesays.com\/pt\/117857\/"},"modified":"2025-10-19T21:06:10","modified_gmt":"2025-10-19T21:06:10","slug":"uma-unidade-dessa-fruta-por-dia-e-tudo-o-que-voce-precisa-para-melhorar-a-visao","status":"publish","type":"post","link":"https:\/\/www.europesays.com\/pt\/117857\/","title":{"rendered":"Uma unidade dessa fruta por dia \u00e9 tudo o que voc\u00ea precisa para melhorar a vis\u00e3o"},"content":{"rendered":"<p>\n\t\t\t\t\t\tComer uvas todos os dias pode proteger os olhos e atrasar os efeitos da idade \/ Freepik\n\t\t\t\t\t<\/p>\n<p>Doces, pr\u00e1ticas e cheias de antioxidantes, as uvas acabam de se destacar por mais um motivo.<\/p>\n<p><strong>Fa\u00e7a parte do grupo do Di\u00e1rio no <\/strong><a href=\"https:\/\/bit.ly\/CanalDiarioDoLitoral\" target=\"_blank\" rel=\"nofollow noopener\">WhatsApp<\/a> <strong>e<\/strong> <a href=\"https:\/\/t.me\/diariodolitoral\" target=\"_blank\" rel=\"nofollow\">Telegram<\/a><strong>.<br \/>Mantenha-se bem informado.<\/strong><\/p>\n<p>Um novo estudo revelou que o consumo regular da fruta pode trazer benef\u00edcios diretos \u00e0 vis\u00e3o,\u00a0especialmente entre pessoas mais velhas.\n\t\t\t<\/p>\n<p class=\"texto-continue listagem-detalhe\">Continua depois da publicidade<\/p>\n<p>Galeria: saiba um pouco mais sobre a\u00a0uva<\/p>\n<p><img decoding=\"async\" src=\"https:\/\/www.diariodolitoral.com.br\/application\/themes\/diariodolitoral.com.br\/images\/icone_arrow_2.svg\" loading=\"lazy\" alt=\"Anterior\" class=\"seta-galeria\"\/><img decoding=\"async\" src=\"https:\/\/www.diariodolitoral.com.br\/application\/themes\/diariodolitoral.com.br\/images\/icone_arrow_1.svg\" loading=\"lazy\" alt=\"Pr\u00f3xima\" class=\"seta-galeria\"\/><\/p>\n<p>Estudo mostra melhora real na vis\u00e3o<\/p>\n<p>Em uma pesquisa in\u00e9dita, especialistas observaram que adultos mais velhos que ingeriram cerca de uma x\u00edcara e meia de uvas por dia, durante quatro meses, apresentaram uma melhora significativa na <a href=\"https:\/\/www.diariodolitoral.com.br\/tags\/saude\/\" rel=\"nofollow noopener\" target=\"_blank\">sa\u00fade<\/a> dos olhos.<\/p>\n<p>Os resultados, publicados na revista Food &amp; Function, apontam que o consumo cont\u00ednuo da fruta ajuda no ac\u00famulo de pigmento macular, subst\u00e2ncia essencial presente em frutas e vegetais, associada \u00e0 boa vis\u00e3o.\n\t\t\t<\/p>\n<p class=\"texto-continue listagem-detalhe\">Continua depois da publicidade<\/p>\n<p>O estudo tamb\u00e9m mostrou altera\u00e7\u00f5es positivas em outros marcadores biol\u00f3gicos relacionados \u00e0 <a href=\"https:\/\/www.diariodolitoral.com.br\/tags\/saude\/\" rel=\"nofollow noopener\" target=\"_blank\">sa\u00fade<\/a> ocular.<\/p>\n<p>\u201cNosso estudo \u00e9 o primeiro a demonstrar que o consumo de uvas impacta beneficamente a <a href=\"https:\/\/www.diariodolitoral.com.br\/tags\/saude\/\" rel=\"nofollow noopener\" target=\"_blank\">sa\u00fade<\/a> ocular em humanos, o que \u00e9 muito animador, especialmente com o envelhecimento da popula\u00e7\u00e3o\u201d, explicou a autora, Dra. Jung Eun Kim, na publica\u00e7\u00e3o.<\/p>\n<p>\u201cAs uvas s\u00e3o uma fruta f\u00e1cil e acess\u00edvel que, segundo estudos, pode ter um impacto ben\u00e9fico em quantidades normais de apenas uma x\u00edcara e meia por dia\u201d, acrescentou.\n\t\t\t<\/p>\n<p class=\"texto-continue listagem-detalhe\">Continua depois da publicidade<\/p>\n<p>Como o envelhecimento afeta a vis\u00e3o<\/p>\n<p>Com o passar dos anos, aumenta o risco de desenvolver doen\u00e7as e dificuldades de vis\u00e3o. De acordo com os cientistas, uma das causas \u00e9 a forma\u00e7\u00e3o dos AGES, compostos prejudiciais criados quando gorduras ou prote\u00ednas se combinam com o a\u00e7\u00facar no sangue.<\/p>\n<p>Essas subst\u00e2ncias podem comprometer os vasos da retina e prejudicar a fun\u00e7\u00e3o das c\u00e9lulas oculares. No entanto, os antioxidantes presentes nas uvas ajudam a evitar a forma\u00e7\u00e3o dos AGES, protegendo a retina e contribuindo para a Densidade \u00d3ptica do Pigmento Macular (MPOD),\u00a0um dos principais indicadores da <a href=\"https:\/\/www.diariodolitoral.com.br\/tags\/saude\/\" rel=\"nofollow noopener\" target=\"_blank\">sa\u00fade<\/a> dos olhos.<\/p>\n<p>Pequena fruta, grandes efeitos<\/p>\n<p>Ricas em vitamina C e compostos fen\u00f3licos, as uvas s\u00e3o fontes poderosas de antioxidantes que fortalecem as defesas do organismo.\n\t\t\t<\/p>\n<p class=\"texto-continue listagem-detalhe\">Continua depois da publicidade<\/p>\n<p>Pesquisas anteriores j\u00e1 destacam seus efeitos antienvelhecimento, anti-inflamat\u00f3rios e antiproliferativos, tornando a fruta uma aliada simples e saborosa para quem quer manter a vis\u00e3o saud\u00e1vel e o corpo protegido com o passar do tempo. Saiba mais sobre os benef\u00edcios da uva no v\u00eddeo abaixo, do canal Ocean Drop:<\/p>\n<p>\u00a0<\/p>\n","protected":false},"excerpt":{"rendered":"Comer uvas todos os dias pode proteger os olhos e atrasar os efeitos da idade \/ Freepik Doces,&hellip;\n","protected":false},"author":2,"featured_media":117858,"comment_status":"","ping_status":"","sticky":false,"template":"","format":"standard","meta":{"footnotes":""},"categories":[86],"tags":[2369,547,116,32,33,117],"class_list":{"0":"post-117857","1":"post","2":"type-post","3":"status-publish","4":"format-standard","5":"has-post-thumbnail","7":"category-saude","8":"tag-alimentacao","9":"tag-alimentacao-saudavel","10":"tag-health","11":"tag-portugal","12":"tag-pt","13":"tag-saude"},"share_on_mastodon":{"url":"","error":""},"_links":{"self":[{"href":"https:\/\/www.europesays.com\/pt\/wp-json\/wp\/v2\/posts\/117857","targetHints":{"allow":["GET"]}}],"collection":[{"href":"https:\/\/www.europesays.com\/pt\/wp-json\/wp\/v2\/posts"}],"about":[{"href":"https:\/\/www.europesays.com\/pt\/wp-json\/wp\/v2\/types\/post"}],"author":[{"embeddable":true,"href":"https:\/\/www.europesays.com\/pt\/wp-json\/wp\/v2\/users\/2"}],"replies":[{"embeddable":true,"href":"https:\/\/www.europesays.com\/pt\/wp-json\/wp\/v2\/comments?post=117857"}],"version-history":[{"count":0,"href":"https:\/\/www.europesays.com\/pt\/wp-json\/wp\/v2\/posts\/117857\/revisions"}],"wp:featuredmedia":[{"embeddable":true,"href":"https:\/\/www.europesays.com\/pt\/wp-json\/wp\/v2\/media\/117858"}],"wp:attachment":[{"href":"https:\/\/www.europesays.com\/pt\/wp-json\/wp\/v2\/media?parent=117857"}],"wp:term":[{"taxonomy":"category","embeddable":true,"href":"https:\/\/www.europesays.com\/pt\/wp-json\/wp\/v2\/categories?post=117857"},{"taxonomy":"post_tag","embeddable":true,"href":"https:\/\/www.europesays.com\/pt\/wp-json\/wp\/v2\/tags?post=117857"}],"curies":[{"name":"wp","href":"https:\/\/api.w.org\/{rel}","templated":true}]}}