{"id":117872,"date":"2025-10-19T21:31:18","date_gmt":"2025-10-19T21:31:18","guid":{"rendered":"https:\/\/www.europesays.com\/pt\/117872\/"},"modified":"2025-10-19T21:31:18","modified_gmt":"2025-10-19T21:31:18","slug":"benfica-stuart-massama-final-taca-joao-campelo","status":"publish","type":"post","link":"https:\/\/www.europesays.com\/pt\/117872\/","title":{"rendered":"Benfica Stuart Massam\u00e1 Final Ta\u00e7a Jo\u00e3o Campelo"},"content":{"rendered":"<p>                            <strong>RESUMO DO JOGO<\/strong><\/p>\n<tr style=\"background-color: white; border-bottom: 1px solid white;\">\n<td style=\"font-weight: bold; font-size: 30px;\" colspan=\"2\">Ta\u00e7a Professor Jo\u00e3o Campelo<\/td>\n<\/tr>\n<tr>\n<td colspan=\"2\">Final<\/td>\n<\/tr>\n<tr>\n<td style=\"padding: 10px 0; background-color: #f2f2f2!important;\" colspan=\"2\"><strong>RESULTADO FINAL<br \/>INT: 0-0<\/strong><\/td>\n<\/tr>\n<tr class=\"red\">\n<td style=\"font-size: 20px;\"><strong>Benfica<\/strong><\/td>\n<td style=\"border-right: 1px solid #f4f4f4; font-size: 55px;\"><strong>2<\/strong><\/td>\n<\/tr>\n<tr>\n<td style=\"font-size: 20px;\"><strong>Stuart Massam\u00e1<\/strong><\/td>\n<td style=\"border-right: 1px solid #f4f4f4; font-size: 55px;\"><strong>0<\/strong><\/td>\n<\/tr>\n<tr>\n<td style=\"background-color: #f2f2f2!important;\" colspan=\"2\"><strong>Marcadoras<\/strong><\/td>\n<\/tr>\n<tr>\n<td style=\"border-right: 1px solid #f4f4f4;\">Aim\u00e9e Blackman <strong>32&#8242;<br \/><\/strong>Marlene Sousa<strong> 43&#8242;<\/strong><\/td>\n<td>\u00a0<\/td>\n<\/tr>\n<p>A equipa feminina de h\u00f3quei em patins do <a href=\"https:\/\/www.slbenfica.pt\/pt-pt\/modalidades\/hoquei\/feminino\/plantel\" rel=\"nofollow noopener\" target=\"_blank\"><strong>Benfica<\/strong><\/a>\u00a0conquistou, neste domingo, 19 de outubro, a Ta\u00e7a Professor Jo\u00e3o Campelo, ap\u00f3s bater na final a Stuart Massam\u00e1, por 2-0, no Pavilh\u00e3o da Parede.<\/p>\n<p>A toada da final ficou bem evidente desde os minutos iniciais. <strong>Carregando na dire\u00e7\u00e3o da baliza advers\u00e1ria<\/strong>, as \u00e1guias empurraram a Stuart Massam\u00e1 para o seu meio-campo e <strong>dominaram a partida<\/strong> com posse de bola.<\/p>\n<p>Logo aos <strong>4&#8242;<\/strong>,\u00a0<strong>Maria Sofia Silva<\/strong> e <strong>Sara Roces<\/strong> estiveram muito perto de abrir o ativo, mas\u00a0<strong>esbarraram na guarda-redes<\/strong> In\u00eas Caldeira, que protagonizou uma exibi\u00e7\u00e3o inspirada. A mesma <strong>Maria Sofia Silva<\/strong> disp\u00f4s de uma <strong>grande oportunidade aos 14&#8242;<\/strong>, mas n\u00e3o conseguiu finalizar \u00e0 boca da baliza.<\/p>\n<p>Apesar das encarnadas terem\u00a0<strong>tentado de tudo<\/strong> para inaugurar o marcador, o <strong>nulo<\/strong> subsistiu at\u00e9 ao <strong>intervalo<\/strong>.\u00a0<\/p>\n<p><img decoding=\"async\" src=\"https:\/\/www.europesays.com\/pt\/wp-content\/uploads\/2025\/10\/marlene-sousa-thumbnail.jpg\" alt=\"Benfica-Stuart Massam\u00e1\" width=\"926px\" height=\"522px\"\/><\/p>\n<p>No regresso dos balne\u00e1rios <strong>(28&#8242;)<\/strong>, em nova jogada conduzida por <strong>Maria Sofia Silva<\/strong>, a <strong>bola passeou ao longo da linha de baliza<\/strong>, mas teimou em n\u00e3o entrar.<\/p>\n<p>A <strong>persist\u00eancia<\/strong> do Benfica acabaria por ser <strong>recompensada aos 32&#8242;<\/strong>. Ap\u00f3s recuperar uma bola a meio-campo, <strong>Aim\u00e9e Blackman<\/strong> arrancou rumo \u00e0 baliza da Stuart Massam\u00e1 e, \u00e0 sa\u00edda de In\u00eas Caldeira, <strong>rematou com \u00eaxito<\/strong>\u00a0<strong>para o 1-0<\/strong>. Ficava, assim, desbloqueado o caminho para o ambicionado trof\u00e9u.<\/p>\n<p><img decoding=\"async\" src=\"https:\/\/www.europesays.com\/pt\/wp-content\/uploads\/2025\/10\/aimee-golo-thumbnail.jpg\" alt=\"Benfica-Stuart Massam\u00e1\" width=\"926px\" height=\"522px\"\/><\/p>\n<p>Continuando a apertar o bloco baixo da Stuart Massam\u00e1, as encarnadas conseguiram <strong>ampliar para 2-0<\/strong>, aos <strong>43&#8242;<\/strong>. Num bom <strong>trabalho individual<\/strong>, <strong>Leonor Coelho<\/strong> desembara\u00e7ou-se da marca\u00e7\u00e3o e <strong>assistiu Marlene Sousa<\/strong>, que, com um <strong>disparo de primeira<\/strong>, bateu In\u00eas Caldeira, sentenciando o resultado.<\/p>\n<p>Conquistado o <strong>3.\u00ba trof\u00e9u da temporada 2025\/26<\/strong>, ap\u00f3s os triunfos na <a href=\"https:\/\/www.slbenfica.pt\/pt-pt\/agora\/noticias\/2025\/10\/11\/hoquei-em-patins-feminino-benfica-sanjoanense-jogo-supertaca\" rel=\"nofollow noopener\" target=\"_blank\"><strong>Superta\u00e7a<\/strong><\/a> e na <a href=\"https:\/\/www.slbenfica.pt\/pt-pt\/agora\/noticias\/2025\/10\/05\/hoquei-em-patins-feminino-benfica-sanjoanense-jogo-final-elite-cup\" rel=\"nofollow noopener\" target=\"_blank\"><strong>Elite Cup<\/strong><\/a>, as <strong>dodecampe\u00e3s nacionais<\/strong> voltam a entrar em campo na pr\u00f3xima quarta-feira, 22 de outubro, diante da APAC Tojal. A partida arranca \u00e0s <strong>21h30<\/strong>, no <strong>Pavilh\u00e3o Fidelidade<\/strong>.<\/p>\n<p><img decoding=\"async\" src=\"https:\/\/www.europesays.com\/pt\/wp-content\/uploads\/2025\/10\/equipa-tecnica-thumbnail.jpg\" alt=\"Benfica-Stuart\" width=\"926px\" height=\"522px\"\/><\/p>\n<p><strong>DECLARA\u00c7\u00d5ES<\/strong><\/p>\n<p><strong>Paulo Almeida (treinador do Benfica):<\/strong>\u00a0&#8220;Um jogo muito complicado. A Stuart fez o seu jogo, com linhas muito recuadas. Depois, tem uma excelente guarda-redes. Ao ver a bola partir no remate de meia dist\u00e2ncia, \u00e9 sempre complicado, tinha de haver um desvio numa jogadora do Benfica para a guarda-redes n\u00e3o ver a bola. Fizemos o 2-0 na 2.\u00aa parte e acho que \u00e9 uma vit\u00f3ria merecida do Benfica. \u00c9 o terceiro trof\u00e9u da \u00e9poca. Esta equipa come\u00e7ou h\u00e1 pouco tempo e, em tr\u00eas semanas, ganhou tr\u00eas trof\u00e9us. Mas o Benfica n\u00e3o se vai cansar de ganhar. Faltam mais tr\u00eas trof\u00e9us nesta nova \u00e9poca, falta a Ta\u00e7a de Portugal, falta o Campeonato e a Liga dos Campe\u00f5es. A minha equipa quer muito jogar a Liga dos Campe\u00f5es, porque vamos lutar muito com tudo o que temos, as for\u00e7as que temos. Agora, tamb\u00e9m t\u00eam de descansar um bocadinho, porque elas vieram de um Campeonato da Europa de sele\u00e7\u00f5es, a trabalhar diariamente duas vezes por dia.\u00a0O Benfica e o s\u00edmbolo que temos ao peito pesa toneladas, como eu costumo dizer, e n\u00e3o \u00e9 para todas as jogadoras. Elas s\u00e3o jogadoras fant\u00e1sticas, s\u00e3o grandes mulheres, al\u00e9m de jogarem h\u00f3quei, t\u00eam as suas profiss\u00f5es e, ao final do dia, nunca se negam ao trabalho. Tenho de dar os parab\u00e9ns \u00e0 minha equipa, estas jogadoras s\u00e3o grandes guerreiras e t\u00eam o esp\u00edrito do Benfica. S\u00f3 h\u00e1 um resultado poss\u00edvel, \u00e9 ganhar, ganhar, ganhar e ganhar.&#8221;<\/p>\n<p><img decoding=\"async\" src=\"https:\/\/www.europesays.com\/pt\/wp-content\/uploads\/2025\/10\/leonor-coelho-e-ines-severino.jpg\" alt=\"Benfica-Stuart\" width=\"926px\" height=\"522px\"\/><\/p>\n<p><strong>Leonor Coelho (defesa do Benfica):<\/strong> &#8220;[Trof\u00e9u] Significa muito, eu, como jogadora, ainda n\u00e3o tinha ganho nada. Acho que, ao vir para este clube, n\u00e3o esperava outra coisa. O Benfica entra sempre em competi\u00e7\u00f5es para ganhar e esta n\u00e3o \u00e9 diferente.\u00a0Como disse, quando cheguei, vir para o Benfica \u00e9 ter v\u00e1rias oportunidades que n\u00e3o temos noutros clubes em Portugal. E isso, individualmente, \u00e9 tudo o que podemos pedir. Oportunidades, porque somos n\u00f3s individualmente que as temos de agarrar.&#8221;<\/p>\n<p><strong>In\u00eas Severino (avan\u00e7ada do Benfica):<\/strong> &#8220;Para come\u00e7ar, voltar ao Benfica \u00e9 sempre bom e com tr\u00eas trof\u00e9us ainda melhor. Mas ainda vamos no in\u00edcio e quero conquistar muito mais, eu e todas as minhas colegas. Trabalhamos muito todos os dias para isso e \u00e9 s\u00f3 o in\u00edcio. Estamos c\u00e1 para trabalhar e dar tudo pelo Benfica. Vou parecer repetitiva, mas a verdade \u00e9 que esta \u00e9 a minha casa, \u00e9 aqui que eu me sinto bem, que eu me sinto feliz com todas as minhas colegas, que eu considero minhas amigas. N\u00e3o s\u00e3o s\u00f3 colegas de balne\u00e1rio, s\u00e3o minhas amigas. E estou muito feliz com os nossos adeptos, com elas, com todo o staff. Estou muito contente e \u00e9 sempre um orgulho vestir esta camisola. Quem a veste nunca se pode cansar de ganhar. Pelo contr\u00e1rio, temos de querer sempre mais, ter sempre fome de mais. E \u00e9 isso mesmo. Amanh\u00e3 estamos a trabalhar para pensar no pr\u00f3ximo trof\u00e9u, no pr\u00f3ximo jogo. E \u00e9 para isso que c\u00e1 estamos.&#8221;<\/p>\n<p><img decoding=\"async\" src=\"https:\/\/www.europesays.com\/pt\/wp-content\/uploads\/2025\/10\/jogadoras-perfiladas-thumbnail.jpg\" alt=\"Jogadoras perfiladas\" width=\"926px\" height=\"522px\"\/><\/p>\n<tr>\n<td style=\"background-color: #f2f2f2!important;\" colspan=\"3\"><strong>Ta\u00e7a Professor Jo\u00e3o Campelo | Final | 19\/10\/2025<\/strong><\/td>\n<\/tr>\n<tr style=\"background-color: #ffffff;\">\n<td style=\"font-size: 25px !important; font-weight: 500; padding: 0 0 20px;\" colspan=\"3\">Benfica-Stuart Massam\u00e1<br \/>2-0<br \/>Pavilh\u00e3o da Parede<\/td>\n<\/tr>\n<tr>\n<td style=\"background-color: #f2f2f2!important;\" colspan=\"3\"><strong>Cinco inicial do Benfica<\/strong><\/td>\n<\/tr>\n<tr>\n<td style=\"padding: 15px 20px;\" colspan=\"3\">Maria Vieira, Marlene Sousa, Aim\u00e9e Blackman, Raquel Santos e Sara Roces<\/td>\n<\/tr>\n<tr>\n<td style=\"background-color: #f2f2f2!important;\" colspan=\"3\"><strong>Suplentes<\/strong><\/td>\n<\/tr>\n<tr>\n<td style=\"padding: 15px 20px;\" colspan=\"3\">Lili Buchoux, Rita Batista, In\u00eas Severino, Maria Sofia Silva e Leonor Coelho<\/td>\n<\/tr>\n<tr>\n<td style=\"background-color: #f2f2f2!important;\" colspan=\"3\"><strong>Treinador do Benfica<\/strong><\/td>\n<\/tr>\n<tr>\n<td style=\"padding: 15px 20px;\" colspan=\"3\">Paulo Almeida<\/td>\n<\/tr>\n<tr>\n<td style=\"background-color: #f2f2f2!important;\" colspan=\"3\"><strong>Cinco inicial da Stuart Massam\u00e1<\/strong><\/td>\n<\/tr>\n<tr>\n<td style=\"padding: 15px 20px;\" colspan=\"3\">In\u00eas Caldeira, Maria Duarte, Diana Pinto, Marta Marujo e Catarina Pedro<\/td>\n<\/tr>\n<tr>\n<td style=\"background-color: #f2f2f2!important;\" colspan=\"3\"><strong>Suplentes<\/strong><\/td>\n<\/tr>\n<tr>\n<td style=\"padding: 15px 20px;\" colspan=\"3\">Sofia Sardela, In\u00eas Baudouin e Rita Barros<\/td>\n<\/tr>\n<tr>\n<td style=\"border-right: 1px solid #f4f4f4;\" colspan=\"2\"><strong>Ao intervalo<\/strong><\/td>\n<td colspan=\"1\">0-0<\/td>\n<\/tr>\n<tr>\n<td style=\"background-color: #f2f2f2!important;\" colspan=\"3\"><strong>Golos<\/strong><\/td>\n<\/tr>\n<tr>\n<td colspan=\"3\">\u00a0<strong>Benfica<\/strong>: Aim\u00e9e Blackman (32&#8242;) e Marlene Sousa (43&#8242;)<\/td>\n<\/tr>\n","protected":false},"excerpt":{"rendered":"RESUMO DO JOGO Ta\u00e7a Professor Jo\u00e3o Campelo Final RESULTADO FINALINT: 0-0 Benfica 2 Stuart Massam\u00e1 0 Marcadoras Aim\u00e9e&hellip;\n","protected":false},"author":2,"featured_media":117873,"comment_status":"","ping_status":"","sticky":false,"template":"","format":"standard","meta":{"footnotes":""},"categories":[8],"tags":[27,28,15,16,14,25,26,21,22,12,13,19,20,32,23,24,33,17,18,29,30,31],"class_list":{"0":"post-117872","1":"post","2":"type-post","3":"status-publish","4":"format-standard","5":"has-post-thumbnail","7":"category-principais-noticias","8":"tag-breaking-news","9":"tag-breakingnews","10":"tag-featured-news","11":"tag-featurednews","12":"tag-headlines","13":"tag-latest-news","14":"tag-latestnews","15":"tag-main-news","16":"tag-mainnews","17":"tag-news","18":"tag-noticias","19":"tag-noticias-principais","20":"tag-noticiasprincipais","21":"tag-portugal","22":"tag-principais-noticias","23":"tag-principaisnoticias","24":"tag-pt","25":"tag-top-stories","26":"tag-topstories","27":"tag-ultimas","28":"tag-ultimas-noticias","29":"tag-ultimasnoticias"},"share_on_mastodon":{"url":"","error":""},"_links":{"self":[{"href":"https:\/\/www.europesays.com\/pt\/wp-json\/wp\/v2\/posts\/117872","targetHints":{"allow":["GET"]}}],"collection":[{"href":"https:\/\/www.europesays.com\/pt\/wp-json\/wp\/v2\/posts"}],"about":[{"href":"https:\/\/www.europesays.com\/pt\/wp-json\/wp\/v2\/types\/post"}],"author":[{"embeddable":true,"href":"https:\/\/www.europesays.com\/pt\/wp-json\/wp\/v2\/users\/2"}],"replies":[{"embeddable":true,"href":"https:\/\/www.europesays.com\/pt\/wp-json\/wp\/v2\/comments?post=117872"}],"version-history":[{"count":0,"href":"https:\/\/www.europesays.com\/pt\/wp-json\/wp\/v2\/posts\/117872\/revisions"}],"wp:featuredmedia":[{"embeddable":true,"href":"https:\/\/www.europesays.com\/pt\/wp-json\/wp\/v2\/media\/117873"}],"wp:attachment":[{"href":"https:\/\/www.europesays.com\/pt\/wp-json\/wp\/v2\/media?parent=117872"}],"wp:term":[{"taxonomy":"category","embeddable":true,"href":"https:\/\/www.europesays.com\/pt\/wp-json\/wp\/v2\/categories?post=117872"},{"taxonomy":"post_tag","embeddable":true,"href":"https:\/\/www.europesays.com\/pt\/wp-json\/wp\/v2\/tags?post=117872"}],"curies":[{"name":"wp","href":"https:\/\/api.w.org\/{rel}","templated":true}]}}