{"id":117880,"date":"2025-10-19T21:38:10","date_gmt":"2025-10-19T21:38:10","guid":{"rendered":"https:\/\/www.europesays.com\/pt\/117880\/"},"modified":"2025-10-19T21:38:10","modified_gmt":"2025-10-19T21:38:10","slug":"ja-e-conhecido-o-proximo-adversario-do-sporting-na-taca-de-portugal","status":"publish","type":"post","link":"https:\/\/www.europesays.com\/pt\/117880\/","title":{"rendered":"J\u00e1 \u00e9 conhecido o pr\u00f3ximo advers\u00e1rio do Sporting na Ta\u00e7a de Portugal"},"content":{"rendered":"<p>&#8211; Advertisement &#8211;<\/p>\n<p><strong>O Sporting vai enfrentar o Marinhense na quarta eliminat\u00f3ria da Ta\u00e7a de Portugal. Le\u00f5es afastaram o Pa\u00e7os de Ferreira na recente ronda.<\/strong><\/p>\n<p>O Sporting vai medir for\u00e7as com o Marinhense na quarta eliminat\u00f3ria da Ta\u00e7a de Portugal, depois de ter <a href=\"https:\/\/bolanarede.pt\/especial-bola-na-rede\/atualidade\/sporting-precisou-de-prolongamento-para-eliminar-pacos-de-ferreira-da-taca-de-portugal\/\" target=\"_blank\" rel=\"noreferrer noopener nofollow\">afastado o Pa\u00e7os de Ferreira numa partida fora de casa<\/a>. A pr\u00f3xima fase acontecer\u00e1 nos dias 22 e 23 de novembro, tal como ditou o sorteio realizado na Cidade do Futebol.<\/p>\n<p>Neste s\u00e1bado, o <a href=\"https:\/\/bolanarede.pt\/especial-bola-na-rede\/atualidade\/sporting-precisou-de-prolongamento-para-eliminar-pacos-de-ferreira-da-taca-de-portugal\/\" target=\"_blank\" rel=\"noreferrer noopener nofollow\">Sporting bateu o Pa\u00e7os de Ferreira por 3-2 <\/a>na terceira eliminat\u00f3ria da Ta\u00e7a de Portugal, num jogo que foi a prolongamento. Pedro Gon\u00e7alves (22\u2032), Fotis Ioannidis (61\u2032) e auto-golo de Tiago Ferreira (104\u2032) foram os tr\u00eas momentos que significaram a vit\u00f3ria dos le\u00f5es. <\/p>\n<p>O pr\u00f3ximo advers\u00e1rio do Sporting \u00e9 o Marselha, a contar para a terceira jornada da fase de liga da Champions League. Os le\u00f5es voltam assim a jogar no Est\u00e1dio de Alvalade, ap\u00f3s a pausa internacional.<\/p>\n","protected":false},"excerpt":{"rendered":"&#8211; Advertisement &#8211; O Sporting vai enfrentar o Marinhense na quarta eliminat\u00f3ria da Ta\u00e7a de Portugal. Le\u00f5es afastaram&hellip;\n","protected":false},"author":2,"featured_media":117881,"comment_status":"","ping_status":"","sticky":false,"template":"","format":"standard","meta":{"footnotes":""},"categories":[87],"tags":[27536,260,135,478,32,33,34,134,3142],"class_list":{"0":"post-117880","1":"post","2":"type-post","3":"status-publish","4":"format-standard","5":"has-post-thumbnail","7":"category-desporto","8":"tag-anadia","9":"tag-atualidade","10":"tag-desporto","11":"tag-destaques-bnr","12":"tag-portugal","13":"tag-pt","14":"tag-sporting","15":"tag-sports","16":"tag-taca-de-portugal"},"share_on_mastodon":{"url":"","error":""},"_links":{"self":[{"href":"https:\/\/www.europesays.com\/pt\/wp-json\/wp\/v2\/posts\/117880","targetHints":{"allow":["GET"]}}],"collection":[{"href":"https:\/\/www.europesays.com\/pt\/wp-json\/wp\/v2\/posts"}],"about":[{"href":"https:\/\/www.europesays.com\/pt\/wp-json\/wp\/v2\/types\/post"}],"author":[{"embeddable":true,"href":"https:\/\/www.europesays.com\/pt\/wp-json\/wp\/v2\/users\/2"}],"replies":[{"embeddable":true,"href":"https:\/\/www.europesays.com\/pt\/wp-json\/wp\/v2\/comments?post=117880"}],"version-history":[{"count":0,"href":"https:\/\/www.europesays.com\/pt\/wp-json\/wp\/v2\/posts\/117880\/revisions"}],"wp:featuredmedia":[{"embeddable":true,"href":"https:\/\/www.europesays.com\/pt\/wp-json\/wp\/v2\/media\/117881"}],"wp:attachment":[{"href":"https:\/\/www.europesays.com\/pt\/wp-json\/wp\/v2\/media?parent=117880"}],"wp:term":[{"taxonomy":"category","embeddable":true,"href":"https:\/\/www.europesays.com\/pt\/wp-json\/wp\/v2\/categories?post=117880"},{"taxonomy":"post_tag","embeddable":true,"href":"https:\/\/www.europesays.com\/pt\/wp-json\/wp\/v2\/tags?post=117880"}],"curies":[{"name":"wp","href":"https:\/\/api.w.org\/{rel}","templated":true}]}}