{"id":117888,"date":"2025-10-19T21:50:24","date_gmt":"2025-10-19T21:50:24","guid":{"rendered":"https:\/\/www.europesays.com\/pt\/117888\/"},"modified":"2025-10-19T21:50:24","modified_gmt":"2025-10-19T21:50:24","slug":"katy-perry-e-anunciada-como-headliner-do-rock-in-rio-lisboa-2026-radio-mix-fm","status":"publish","type":"post","link":"https:\/\/www.europesays.com\/pt\/117888\/","title":{"rendered":"Katy Perry \u00e9 anunciada como headliner do Rock in Rio Lisboa 2026 \u2013 R\u00e1dio Mix FM"},"content":{"rendered":"<p><img decoding=\"async\" loading=\"lazy\" width=\"1200\" height=\"450\" src=\"https:\/\/www.europesays.com\/pt\/wp-content\/uploads\/2025\/10\/katy-perry-5.jpg\" alt=\"\" class=\"wp-image-575452\"\/>Foto: Reprodu\u00e7\u00e3o\/Redes Sociais<\/p>\n<p>Fala dela!<\/p>\n<p>Na tarde da \u00faltima quinta-feira (16), o <strong>Rock in Rio Lisboa <\/strong>anunciou <strong>Katy Perry <\/strong>como mais uma das <strong>headliners <\/strong>da edi\u00e7\u00e3o de <strong>2026 <\/strong>do festival.<\/p>\n<p>Em meio aos shows da <strong>\u201cThe Lifetimes Tour\u201d<\/strong>, que passou recentemente pelo <strong>Brasil<\/strong>, inclusive no <strong><a href=\"https:\/\/radiomixfm.com.br\/katy-perry-encerra-the-town-com-multidao-euforica-em-balada-futurista\/\" target=\"_blank\" rel=\"noreferrer noopener nofollow\">The Town 2025<\/a><\/strong>, Katy Perry agora levar\u00e1 a <strong>Portugal <\/strong>toda a estrutura e o repert\u00f3rio que contempla os maiores sucessos de sua carreira.<\/p>\n<blockquote class=\"instagram-media\" data-instgrm-captioned=\"\" data-instgrm-permalink=\"https:\/\/www.instagram.com\/reel\/DP4RwJkCLIn\/?utm_source=ig_embed&amp;utm_campaign=loading\" data-instgrm-version=\"14\" style=\" background:#FFF; border:0; border-radius:3px; box-shadow:0 0 1px 0 rgba(0,0,0,0.5),0 1px 10px 0 rgba(0,0,0,0.15); margin: 1px; max-width:540px; min-width:326px; padding:0; width:99.375%; width:-webkit-calc(100% - 2px); width:calc(100% - 2px);\"\/>\n<p>\u201c\u00c9 uma honra anunciar que eu irei me apresentar no Rock in Rio Lisboa 2026. Esse festival \u00e9 um dos mais ic\u00f4nicos do mundo, e estou muito animada em fazer parte deste line-up incr\u00edvel\u201d, disse a cantora em v\u00eddeo publicado nas redes sociais do festival.<\/p>\n<p>Apesar desta ser a primeira vez de Katy Perry na vers\u00e3o portuguesa do festival, a cantora j\u00e1 se apresentou <strong>duas vezes <\/strong>no <strong>Rock in Rio do Brasil<\/strong>: a primeira em <strong>2015<\/strong>, e a segunda em <strong>2024<\/strong>, na \u00faltima edi\u00e7\u00e3o do festival, quando Katy apresentou pela primeira vez ao vivo as m\u00fasicas de seu \u00faltimo \u00e1lbum <strong>\u201c143\u201d<\/strong>.<\/p>\n<p>O show de Katy Perry no Rock in Rio Lisboa 2026 acontecer\u00e1 no dia <strong>20 de junho<\/strong>, no <strong>Parque Tejo<\/strong>, em <strong>Lisboa<\/strong>. Marcada para os dias <strong>20, 21, 27 e 28 junho<\/strong>, a vers\u00e3o portuguesa do festival tem at\u00e9 agora <strong>Linkin Park, Pedro Sampaio, Calema e NAPA <\/strong>como atra\u00e7\u00f5es confirmadas.<\/p>\n<p>Vale lembrar que o <strong>Rock in Rio 2026 <\/strong>tamb\u00e9m j\u00e1 tem data marcada para acontecer: nos dias <strong>4, 5, 6, 7, 11, 12 e 13 de setembro<\/strong>, a <strong>Cidade do Rock <\/strong>tomar\u00e1 conta mais uma vez do <strong>Parque Ol\u00edmpico<\/strong>, no <strong>Rio de Janeiro<\/strong>.<\/p>\n<p>                <script async src=\"\/\/www.instagram.com\/embed.js\"><\/script><\/p>\n","protected":false},"excerpt":{"rendered":"Foto: Reprodu\u00e7\u00e3o\/Redes Sociais Fala dela! Na tarde da \u00faltima quinta-feira (16), o Rock in Rio Lisboa anunciou Katy&hellip;\n","protected":false},"author":2,"featured_media":117889,"comment_status":"","ping_status":"","sticky":false,"template":"","format":"standard","meta":{"footnotes":""},"categories":[141],"tags":[114,115,6007,568,339,149,150,32,33,763,19045,27537,27538,574,5259],"class_list":{"0":"post-117888","1":"post","2":"type-post","3":"status-publish","4":"format-standard","5":"has-post-thumbnail","7":"category-musica","8":"tag-entertainment","9":"tag-entretenimento","10":"tag-festival","11":"tag-katy-perry","12":"tag-mu00fasica","13":"tag-music","14":"tag-musica","15":"tag-portugal","16":"tag-pt","17":"tag-rock-in-rio","18":"tag-rock-in-rio-2026","19":"tag-rock-in-rio-lisboa","20":"tag-rock-in-rio-lisboa-2026","21":"tag-show","22":"tag-the-lifetimes-tour"},"share_on_mastodon":{"url":"","error":""},"_links":{"self":[{"href":"https:\/\/www.europesays.com\/pt\/wp-json\/wp\/v2\/posts\/117888","targetHints":{"allow":["GET"]}}],"collection":[{"href":"https:\/\/www.europesays.com\/pt\/wp-json\/wp\/v2\/posts"}],"about":[{"href":"https:\/\/www.europesays.com\/pt\/wp-json\/wp\/v2\/types\/post"}],"author":[{"embeddable":true,"href":"https:\/\/www.europesays.com\/pt\/wp-json\/wp\/v2\/users\/2"}],"replies":[{"embeddable":true,"href":"https:\/\/www.europesays.com\/pt\/wp-json\/wp\/v2\/comments?post=117888"}],"version-history":[{"count":0,"href":"https:\/\/www.europesays.com\/pt\/wp-json\/wp\/v2\/posts\/117888\/revisions"}],"wp:featuredmedia":[{"embeddable":true,"href":"https:\/\/www.europesays.com\/pt\/wp-json\/wp\/v2\/media\/117889"}],"wp:attachment":[{"href":"https:\/\/www.europesays.com\/pt\/wp-json\/wp\/v2\/media?parent=117888"}],"wp:term":[{"taxonomy":"category","embeddable":true,"href":"https:\/\/www.europesays.com\/pt\/wp-json\/wp\/v2\/categories?post=117888"},{"taxonomy":"post_tag","embeddable":true,"href":"https:\/\/www.europesays.com\/pt\/wp-json\/wp\/v2\/tags?post=117888"}],"curies":[{"name":"wp","href":"https:\/\/api.w.org\/{rel}","templated":true}]}}