{"id":117915,"date":"2025-10-19T22:14:22","date_gmt":"2025-10-19T22:14:22","guid":{"rendered":"https:\/\/www.europesays.com\/pt\/117915\/"},"modified":"2025-10-19T22:14:22","modified_gmt":"2025-10-19T22:14:22","slug":"milhoes-em-protestos-globais-anti-trump-dos-eua-a-lisboa-observador","status":"publish","type":"post","link":"https:\/\/www.europesays.com\/pt\/117915\/","title":{"rendered":"Milh\u00f5es em protestos globais anti-Trump. Dos EUA a Lisboa \u2013 Observador"},"content":{"rendered":"<p>Nove meses depois da tomada de posse de Donald Trump, cerca de sete milh\u00f5es de pessoas sa\u00edram este s\u00e1bado \u00e0 rua nas principais cidades norte-americanas, para criticar o que dizem ser uma governa\u00e7\u00e3o tirana e autocr\u00e1tica dos Estados Unidos da Am\u00e9rica (EUA). Os protestos, convocados por uma coliga\u00e7\u00e3o de organiza\u00e7\u00f5es, mobilizaram pessoas em mais de 2600 locais dos EUA, com a\u00e7\u00f5es marcadas tamb\u00e9m para Lisboa, Londres, Madrid ou Berlim.<\/p>\n<p>A Pra\u00e7a do Com\u00e9rcio foi o epicentro da concentra\u00e7\u00e3o contra o Presidente norte-americano em Portugal, onde dezenas de pessoas se apresentaram com cartazes que partilham o lema dos protestos, \u201cNo Kings\u201d (\u201cSem Reis\u201d, em portugu\u00eas). \u201cParem com a insanidade, tornem a Am\u00e9rica democr\u00e1tica novamente\u201d; \u201cSem Reis, sem KKK, sem fascismo\u201d; \u201cSem tiranos\u201d, foram algumas das mensagens erguidas em cartolinas na pra\u00e7a lisboeta.<\/p>\n<p>        <img src=\"https:\/\/www.europesays.com\/pt\/wp-content\/uploads\/2025\/10\/captura-de-ecra-2025-10-19-as-103035.jpg\" alt=\"\" loading=\"lazy\" decoding=\"async\" class=\"aligncenter\" onload=\"this.parentElement.classList.remove('spinner')\" onerror=\"this.parentElement.classList.remove('spinner')\" width=\"779\" height=\"861\"\/>    <\/p>\n<p>        <img src=\"https:\/\/www.europesays.com\/pt\/wp-content\/uploads\/2025\/10\/captura-de-ecra-2025-10-19-as-102949.jpg\" alt=\"\" loading=\"lazy\" decoding=\"async\" class=\"aligncenter\" onload=\"this.parentElement.classList.remove('spinner')\" onerror=\"this.parentElement.classList.remove('spinner')\" width=\"801\" height=\"866\"\/>    <\/p>\n<p>Inc\u00f3lume \u00e0 onda de protestos, o Presidente dos EUA passou o dia no seu clube de golfe\u00a0em Mar-a-Lago. Atrav\u00e9s da Truth Social, Donald Trump partilhou imagens geradas por intelig\u00eancia artificial em que surge mesmo retratado como um rei; num deles, aparece a pilotar um jato e a sobrevoar uma manifesta\u00e7\u00e3o enquanto descarrega fezes sobre os manifestantes.<\/p>\n<p>As milhares de pessoas que em todo o mundo se mobilizaram para os protestos apontaram as pol\u00edticas de imigra\u00e7\u00e3o, educa\u00e7\u00e3o e seguran\u00e7a como s\u00edmbolos de uma decad\u00eancia democr\u00e1tica que estar\u00e1 a levar os EUA rumo a uma autocracia, com Trump como rei, da\u00ed o lema das manifesta\u00e7\u00f5es convocadas para este s\u00e1bado.<\/p>\n<p>Naturalmente, foi nos EUA que se concentraram a maioria dos manifestantes, com a organiza\u00e7\u00e3o a esperar milh\u00f5es de pessoas nas ruas. Segundo a pol\u00edcia de Nova Iorque, os protestos reuniram mais de 100 mil pessoas em v\u00e1rios pontos do estado. Em Washington, os protestos contaram com a presen\u00e7a especial do senador democrata Bernard \u2018Bernie\u2019 Sanders, que deixou v\u00e1rios avisos no discurso que fez perante a multid\u00e3o.<\/p>\n<p>\u201cO nosso pa\u00eds est\u00e1 em grande perigo quando temos um presidente que amea\u00e7a deter e prender opositores pol\u00edticos\u201d, disse o experiente pol\u00edtico de 84 anos. Sanders criticou tamb\u00e9m a intimida\u00e7\u00e3o aos jornalistas por parte da Casa Branca, a interfer\u00eancia no funcionamento das universidades e amea\u00e7a feita por Trump de afastar ju\u00edzes que n\u00e3o concordem com as suas ordens.<\/p>\n<p>        <img src=\"https:\/\/www.europesays.com\/pt\/wp-content\/uploads\/2025\/10\/captura-de-ecra-2025-10-18-as-194833.jpg\" alt=\"\" loading=\"lazy\" decoding=\"async\" class=\"\" onload=\"this.parentElement.classList.remove('spinner')\" onerror=\"this.parentElement.classList.remove('spinner')\" width=\"1440\" height=\"987\"\/>    <\/p>\n<p class=\"wp-caption-text\">Manifesta\u00e7\u00e3o levou milh\u00f5es de pessoas \u00e0s ruas em v\u00e1rios estados norte-americanos<\/p>\n<p>        <img src=\"https:\/\/www.europesays.com\/pt\/wp-content\/uploads\/2025\/10\/captura-de-ecra-2025-10-18-as-194939.jpg\" alt=\"\" loading=\"lazy\" decoding=\"async\" class=\"\" onload=\"this.parentElement.classList.remove('spinner')\" onerror=\"this.parentElement.classList.remove('spinner')\" width=\"976\" height=\"802\"\/>    <\/p>\n<p class=\"wp-caption-text\">Milhares de pessoas sa\u00edram \u00e0 rua para criticar \u201crei Trump\u201d tamb\u00e9m na Europa<\/p>\n<p>As For\u00e7as de Imigra\u00e7\u00e3o e Alf\u00e2ndega norte-americanas (ICE, na sigla em ingl\u00eas) t\u00eam sido outro dos alvos dos manifestantes. As opera\u00e7\u00f5es dos agentes federais arrancaram no in\u00edcio deste ano com o objetivo de \u201clevar a cabo a lei de imigra\u00e7\u00e3o dos EUA\u201d e deter todos os imigrantes considerados criminosos. Logo na tomada de posse, o Presidente prometeu que ia \u201cdevolver milh\u00f5es e milh\u00f5es de imigrantes criminosos aos s\u00edtios de onde vieram\u201d.<\/p>\n<p>Em Chicago, que tem sido palco de muitas a\u00e7\u00f5es do ICE, o governador Brandon Johnson disse \u00e0 multid\u00e3o que n\u00e3o iria permitir uma \u201cocupa\u00e7\u00e3o\u201d da cidade pelas \u201ctropas\u201d.<\/p>\n<p>Nos \u00faltimos meses t\u00eam-se repetido os protestos contra a administra\u00e7\u00e3o da Casa Branca e j\u00e1 levaram Donald Trump a enviar militares para estados norte-americanos, sobretudo os liderados por governadores democratas, com o argumento de que as autoridades estaduais n\u00e3o conseguem controlar a viol\u00eancia e a criminalidade.<\/p>\n<p>Artigo atualizado \u00e0s 10h30 com informa\u00e7\u00e3o sobre a estimativa feita pela organiza\u00e7\u00e3o sobre o n\u00famero de participantes<\/p>\n","protected":false},"excerpt":{"rendered":"Nove meses depois da tomada de posse de Donald Trump, cerca de sete milh\u00f5es de pessoas sa\u00edram este&hellip;\n","protected":false},"author":2,"featured_media":117916,"comment_status":"","ping_status":"","sticky":false,"template":"","format":"standard","meta":{"footnotes":""},"categories":[8],"tags":[624,27,28,5914,92,623,15,16,14,25,26,21,22,62,12,13,19,20,32,23,24,33,17,18,29,30,31],"class_list":{"0":"post-117915","1":"post","2":"type-post","3":"status-publish","4":"format-standard","5":"has-post-thumbnail","7":"category-principais-noticias","8":"tag-amu00e9rica","9":"tag-breaking-news","10":"tag-breakingnews","11":"tag-casa-branca","12":"tag-donald-trump","13":"tag-estados-unidos-da-amu00e9rica","14":"tag-featured-news","15":"tag-featurednews","16":"tag-headlines","17":"tag-latest-news","18":"tag-latestnews","19":"tag-main-news","20":"tag-mainnews","21":"tag-mundo","22":"tag-news","23":"tag-noticias","24":"tag-noticias-principais","25":"tag-noticiasprincipais","26":"tag-portugal","27":"tag-principais-noticias","28":"tag-principaisnoticias","29":"tag-pt","30":"tag-top-stories","31":"tag-topstories","32":"tag-ultimas","33":"tag-ultimas-noticias","34":"tag-ultimasnoticias"},"share_on_mastodon":{"url":"","error":""},"_links":{"self":[{"href":"https:\/\/www.europesays.com\/pt\/wp-json\/wp\/v2\/posts\/117915","targetHints":{"allow":["GET"]}}],"collection":[{"href":"https:\/\/www.europesays.com\/pt\/wp-json\/wp\/v2\/posts"}],"about":[{"href":"https:\/\/www.europesays.com\/pt\/wp-json\/wp\/v2\/types\/post"}],"author":[{"embeddable":true,"href":"https:\/\/www.europesays.com\/pt\/wp-json\/wp\/v2\/users\/2"}],"replies":[{"embeddable":true,"href":"https:\/\/www.europesays.com\/pt\/wp-json\/wp\/v2\/comments?post=117915"}],"version-history":[{"count":0,"href":"https:\/\/www.europesays.com\/pt\/wp-json\/wp\/v2\/posts\/117915\/revisions"}],"wp:featuredmedia":[{"embeddable":true,"href":"https:\/\/www.europesays.com\/pt\/wp-json\/wp\/v2\/media\/117916"}],"wp:attachment":[{"href":"https:\/\/www.europesays.com\/pt\/wp-json\/wp\/v2\/media?parent=117915"}],"wp:term":[{"taxonomy":"category","embeddable":true,"href":"https:\/\/www.europesays.com\/pt\/wp-json\/wp\/v2\/categories?post=117915"},{"taxonomy":"post_tag","embeddable":true,"href":"https:\/\/www.europesays.com\/pt\/wp-json\/wp\/v2\/tags?post=117915"}],"curies":[{"name":"wp","href":"https:\/\/api.w.org\/{rel}","templated":true}]}}