{"id":117917,"date":"2025-10-19T22:15:10","date_gmt":"2025-10-19T22:15:10","guid":{"rendered":"https:\/\/www.europesays.com\/pt\/117917\/"},"modified":"2025-10-19T22:15:10","modified_gmt":"2025-10-19T22:15:10","slug":"vai-la-jogar-com-a-gaby-record","status":"publish","type":"post","link":"https:\/\/www.europesays.com\/pt\/117917\/","title":{"rendered":"\u2018Vai l\u00e1 jogar com a Gaby\u2019 \u2013 Record"},"content":{"rendered":"<p><img decoding=\"async\" data-chromatic=\"ignore\" alt=\"\" class=\"c-image\" loading=\"lazy\" src=\"https:\/\/www.europesays.com\/pt\/wp-content\/uploads\/2025\/10\/BXWKWVV5PJENZO3NGQISVLXWFI.png\"  width=\"677\" height=\"339\"\/>Voc\u00ea est\u00e1 do lado de Carol ou de Wallas? Reprodu\u00e7\u00e3o\/RecordPlus <\/p>\n<p class=\"jarvics:base-text-neutral-high-400 base-text-[calc(theme(fontSize.xs)_*_var(--font-size,_1))] base-font-normal base-font-primary base-text-neutral-low-500 base-text-left\">A cada dia que se passa em <a href=\"https:\/\/record.r7.com\/a-fazenda\/a-fazenda-17\/\" target=\"_self\" rel=\"nofollow noopener\" title=\"https:\/\/record.r7.com\/a-fazenda\/a-fazenda-17\/\"><b>A Fazenda 17<\/b><\/a>, as rivalidades se renovam entre a pe\u00e3ozada. O clima da competi\u00e7\u00e3o est\u00e1 t\u00e3o aquecido, que qualquer motivo j\u00e1 pode ser o suficiente para transformar as rela\u00e7\u00f5es na sede e tudo pode acontecer.<\/p>\n<p class=\"jarvics:base-text-neutral-high-400 base-text-[calc(theme(fontSize.xs)_*_var(--font-size,_1))] base-font-normal base-font-primary base-text-neutral-low-500 base-text-left\">Na noite de s\u00e1bado (18), <a href=\"https:\/\/record.r7.com\/a-fazenda\/a-fazenda-17\/peoes\/carol-lekker\" target=\"_self\" rel=\"nofollow noopener\" title=\"https:\/\/record.r7.com\/a-fazenda\/a-fazenda-17\/peoes\/carol-lekker\"><b>Carol Lekker<\/b><\/a> deixou claro seus limites na amizade com <a href=\"https:\/\/record.r7.com\/a-fazenda\/a-fazenda-17\/peoes\/wallas-arrais\" target=\"_self\" rel=\"nofollow noopener\" title=\"https:\/\/record.r7.com\/a-fazenda\/a-fazenda-17\/peoes\/wallas-arrais\"><b>Wallas Arrais<\/b><\/a>. Os dois jogam juntos desde a \u00e9poca da Equipe Total e seguiram a parceria mesmo ap\u00f3s o rompimento. Contudo, a rela\u00e7\u00e3o do cantor com <a href=\"https:\/\/record.r7.com\/a-fazenda\/a-fazenda-17\/peoes\/gaby-spanic\" target=\"_self\" rel=\"nofollow noopener\" title=\"https:\/\/record.r7.com\/a-fazenda\/a-fazenda-17\/peoes\/gaby-spanic\"><b>Gaby Spanic<\/b><\/a> come\u00e7ou a incomodar a Miss Bumbum, que n\u00e3o ficou calada. <\/p>\n<p class=\"jarvics:base-text-neutral-high-400 base-text-[calc(theme(fontSize.xs)_*_var(--font-size,_1))] base-font-normal base-font-primary base-text-neutral-low-500 base-text-left\">As peoas estavam estreitando um la\u00e7o de amizade quando elas se desentenderam devido a Fernando Sampaio, e tudo foi por \u00e1gua abaixo. <\/p>\n<p class=\"jarvics:base-text-neutral-high-400 base-text-[calc(theme(fontSize.xs)_*_var(--font-size,_1))] base-font-normal base-font-primary base-text-neutral-low-500 base-text-left\">Em um papo com Wallas sobre o cen\u00e1rio atual da competi\u00e7\u00e3o, Carol comentou sobre a rela\u00e7\u00e3o do cantor com Gaby e o clima esquentou entre os dois. <\/p>\n<ul class=\"b-article-body__list-unordered\">\n<li><b>Quer ficar por dentro de tudo que est\u00e1 acontecendo em\u00a0<\/b><b>A Fazenda 17<\/b><b>?\u00a0<\/b><a href=\"https:\/\/www.whatsapp.com\/channel\/0029Va2cJIR1noz2ahzX0D1N\" rel=\"nofollow noopener\" title=\"https:\/\/www.whatsapp.com\/channel\/0029Va2cJIR1noz2ahzX0D1N\" target=\"_blank\"><b>Clique aqui<\/b><\/a><b>\u00a0e fa\u00e7a parte do nosso canal no WhatsApp!<\/b><\/li>\n<\/ul>\n<p class=\"jarvics:base-text-neutral-high-400 base-text-[calc(theme(fontSize.xs)_*_var(--font-size,_1))] base-font-normal base-font-primary base-text-neutral-low-500 base-text-left\">A peoa relembrou um aviso que recebeu do amigo sobre o ator, e deixou claro que se Wallas continuasse pr\u00f3ximo \u00e0 atriz, ela se afastaria dele: <\/p>\n<p class=\"jarvics:base-text-neutral-high-400 base-text-[calc(theme(fontSize.xs)_*_var(--font-size,_1))] base-font-normal base-font-primary base-text-neutral-low-500 base-text-left\">\u201cSe voc\u00ea for jogar com ela, eu n\u00e3o jogo com voc\u00ea, \u00e9 simples. N\u00e3o salvo ela no Resta Um. Voc\u00ea n\u00e3o falou do Fernando e eu aceitei?\u201d. <\/p>\n<p class=\"jarvics:base-text-neutral-high-400 base-text-[calc(theme(fontSize.xs)_*_var(--font-size,_1))] base-font-normal base-font-primary base-text-neutral-low-500 base-text-left\">Tentando n\u00e3o se desentender com a amiga, o cantor mandou a real: \u201cQue jogo? A Gaby n\u00e3o sabe nem jogar\u201d. Al\u00e9m disso, o pe\u00e3o aconselhou para Carol que ela n\u00e3o deveria insistir na rivalidade com a atriz. <\/p>\n<p class=\"jarvics:base-text-neutral-high-400 base-text-[calc(theme(fontSize.xs)_*_var(--font-size,_1))] base-font-normal base-font-primary base-text-neutral-low-500 base-text-left\">Mesmo assim, a Miss Bumbum manteve o discurso contra a peoa: \u201cEu batia no peito e falava que gostava dela at\u00e9 ver a criancice, a maneira que ela me olhava por causa do Fernando, as vezes que tentei apaziguar a briga e tomei. Ent\u00e3o, para mim, ela n\u00e3o \u00e9 uma pessoa justa e correta\u201d. <\/p>\n<p class=\"jarvics:base-text-neutral-high-400 base-text-[calc(theme(fontSize.xs)_*_var(--font-size,_1))] base-font-normal base-font-primary base-text-neutral-low-500 base-text-left\">Wallas, mais uma vez, tentou explicar seu ponto de vista: \u201cAcho que voc\u00ea deveria ter mais calma, baixar um pouco [os \u00e2nimos] e respirar para a gente poder conversar direito\u201d. <\/p>\n<p class=\"jarvics:base-text-neutral-high-400 base-text-[calc(theme(fontSize.xs)_*_var(--font-size,_1))] base-font-normal base-font-primary base-text-neutral-low-500 base-text-left\">Carol usou o argumento que Gaby quase a fez bater o sino e o cantor disse para a amiga esquecer essa ideia e ela n\u00e3o gostou. <\/p>\n<p class=\"jarvics:base-text-neutral-high-400 base-text-[calc(theme(fontSize.xs)_*_var(--font-size,_1))] base-font-normal base-font-primary base-text-neutral-low-500 base-text-left\">Al\u00e9m disso, ele garantiu: \u201cN\u00e3o estou defendendo nada disso que aconteceu, voc\u00ea est\u00e1 confundindo as coisas. Quis dizer que a Gaby, hoje, s\u00f3 vai ter for\u00e7a aqui dentro para falar alguma coisa [se for] contra voc\u00ea. Ent\u00e3o, voc\u00ea tem como calar ela aqui sem fazer nada\u201d. <\/p>\n<p class=\"jarvics:base-text-neutral-high-400 base-text-[calc(theme(fontSize.xs)_*_var(--font-size,_1))] base-font-normal base-font-primary base-text-neutral-low-500 base-text-left\">O embate da Miss Bumbum com <a href=\"https:\/\/record.r7.com\/a-fazenda\/a-fazenda-17\/peoes\/yona-sousa\" target=\"_self\" rel=\"nofollow noopener\" title=\"https:\/\/record.r7.com\/a-fazenda\/a-fazenda-17\/peoes\/yona-sousa\"><b>Yon\u00e1 Sousa<\/b><\/a> tamb\u00e9m veio \u00e0 tona e Carol desabafou: \u201cParece que todo mundo quer um biscoito em cima dessa pauta, at\u00e9 voc\u00ea\u201d. <\/p>\n<p class=\"jarvics:base-text-neutral-high-400 base-text-[calc(theme(fontSize.xs)_*_var(--font-size,_1))] base-font-normal base-font-primary base-text-neutral-low-500 base-text-left\">Com isso, o cantor se revoltou e encerrou a conversa: \u201cFoi longe demais\u201d. O clima pesou ainda mais entre os dois e Carol deu o ultimato: \u201cVai l\u00e1 jogar com a Gaby, boa sorte\u201d. <\/p>\n<p><b>Confira o momento:<\/b> <video controls=\"\" class=\"video-js\" preload=\"metadata\" poster=\"https:\/\/d22yf0mxeu0gma.cloudfront.net\/10-19-2025\/t_5575eb64d5ae452281534f4cf302db94_name_file_960x540_1600_v4_.jpg\" title=\"'Quer biscoito', diz Carol para Wallas | A Fazenda 17\" data-sprite-url=\"\" data-metadata=\"{&quot;title&quot;:&quot;'Quer biscoito', diz Carol para Wallas | A Fazenda 17&quot;,&quot;sectionName&quot;:&quot;R7&quot;,&quot;mainSection&quot;:&quot;Novidades&quot;,&quot;subSection&quot;:&quot;&quot;,&quot;views&quot;:&quot;&quot;,&quot;disableAdv&quot;:&quot;false&quot;,&quot;createdDate&quot;:&quot;2025-10-19T07:08:53Z&quot;,&quot;mainSectionUrl&quot;:&quot;https:\/\/record.r7.com\/a-fazenda\/a-fazenda-17\/24-horas\/video\/quer-biscoito-diz-carol-para-wallas-a-fazenda-17-19102025\/&quot;,&quot;sectionPath&quot;:&quot;https:\/\/record.r7.com\/a-fazenda\/a-fazenda-17\/24-horas&quot;,&quot;ageRating&quot;:&quot;&quot;,&quot;ageRatingDescription&quot;:&quot;&quot;,&quot;duration&quot;:232704,&quot;playerUrl&quot;:&quot;https:\/\/record.r7.com\/player\/7c525889-9c71-46c3-8c55-d1348a1b1c2c\/&quot;}\" data-player-params=\"{&quot;p&quot;:&quot;true&quot;,&quot;autoPlay&quot;:&quot;false&quot;,&quot;logo&quot;:&quot;true&quot;,&quot;playlistId&quot;:&quot;false&quot;,&quot;calhau&quot;:&quot;false&quot;,&quot;share&quot;:&quot;true&quot;,&quot;sz&quot;:&quot;false&quot;,&quot;full&quot;:&quot;true&quot;,&quot;customAdHash&quot;:&quot;\/7542\/recordtv\/afazenda&quot;,&quot;referrerUrl&quot;:&quot;&quot;,&quot;externalLinks&quot;:&quot;true&quot;,&quot;debug&quot;:&quot;false&quot;,&quot;debugHash&quot;:&quot;false&quot;,&quot;debugRelated&quot;:&quot;false&quot;,&quot;timerRelated&quot;:&quot;true&quot;,&quot;logoRecord&quot;:&quot;false&quot;,&quot;contextModal&quot;:&quot;false&quot;,&quot;parentUrl&quot;:&quot;https:\/\/record.r7.com\/&quot;,&quot;t&quot;:&quot;0&quot;,&quot;noTitle&quot;:false,&quot;endBehavior&quot;:&quot;default&quot;}\" data-related-videos=\"[{&quot;title&quot;:&quot;Carol shippa Matheus com Maria: 'Tem que ver se voc&#xEA; aguenta' | A Fazenda 17&quot;,&quot;thumb&quot;:&quot;https:\/\/d22yf0mxeu0gma.cloudfront.net\/10-19-2025\/t_3726ae413a6b40048e31501cc74a9d3d_name_file_960x540_1600_v4_.jpg&quot;,&quot;url&quot;:&quot;https:\/\/record.r7.com\/a-fazenda\/a-fazenda-17\/24-horas\/video\/carol-shippa-matheus-com-maria-tem-que-ver-se-voce-aguenta-a-fazenda-17-19102025\/&quot;,&quot;embedUrl&quot;:&quot;https:\/\/record.r7.com\/player\/383202da-2c74-4e7a-a720-1231924e1fda\/&quot;},{&quot;title&quot;:&quot;Yon&#xE1; se desentende com Matheus por conta de divis&#xE3;o de carne no almo&#xE7;o | A Fazenda 17&quot;,&quot;thumb&quot;:&quot;https:\/\/d22yf0mxeu0gma.cloudfront.net\/10-19-2025\/t_4a67801c7c434a9db24aa3043bc6fb02_name_file_960x540_1600_v4_.jpg&quot;,&quot;url&quot;:&quot;https:\/\/record.r7.com\/a-fazenda\/a-fazenda-17\/24-horas\/video\/yona-se-desentende-com-matheus-por-conta-de-divisao-de-carne-no-almoco-a-fazenda-17-19102025\/&quot;,&quot;embedUrl&quot;:&quot;https:\/\/record.r7.com\/player\/28c3c344-7439-4809-8f98-303aace0d11a\/&quot;},{&quot;title&quot;:&quot;Wallas declara guerra a Yon&#xE1; e a quem se aliar a ela: 'Pode considerar meu inimigo' | A Fazenda 17&quot;,&quot;thumb&quot;:&quot;https:\/\/d22yf0mxeu0gma.cloudfront.net\/10-19-2025\/t_5a58428e2d0649fe99c0642e95a75d6d_name_file_960x540_1600_v4_.jpg&quot;,&quot;url&quot;:&quot;https:\/\/record.r7.com\/a-fazenda\/a-fazenda-17\/24-horas\/video\/wallas-declara-guerra-a-yona-e-a-quem-se-aliar-a-ela-pode-considerar-meu-inimigo-a-fazenda-17-19102025\/&quot;,&quot;embedUrl&quot;:&quot;https:\/\/record.r7.com\/player\/4c4c3197-164a-4b53-a8ea-0118a569984b\/&quot;}]\" data-player-url=\"https:\/\/record.r7.com\/player\/7c525889-9c71-46c3-8c55-d1348a1b1c2c\/\" data-arc-video=\"\" data-arc-id=\"7c525889-9c71-46c3-8c55-d1348a1b1c2c\" data-short=\"false\" style=\"visibility:hidden\"><\/video><\/p>\n<p class=\"jarvics:base-text-neutral-high-400 base-text-[calc(theme(fontSize.xs)_*_var(--font-size,_1))] base-font-normal base-font-primary base-text-neutral-low-500 base-text-left\">Parece que Carol cortou mais um aliado da sua lista. Como ser\u00e1 que esse jogo vai seguir?<\/p>\n<p class=\"jarvics:base-text-neutral-high-400 base-text-[calc(theme(fontSize.xs)_*_var(--font-size,_1))] base-font-normal base-font-primary base-text-neutral-low-500 base-text-left\">Fique ligado! <a href=\"https:\/\/record.r7.com\/a-fazenda\/a-fazenda-17\/\" rel=\"nofollow noopener\" title=\"https:\/\/record.r7.com\/a-fazenda\/a-fazenda-17\/\" target=\"_blank\"><b>A Fazenda 17<\/b><\/a> vai ao ar de segunda a domingo, \u00e0s 22h30, na tela da <a href=\"https:\/\/record.r7.com\/\" rel=\"nofollow noopener\" target=\"_blank\"><b>RECORD<\/b><\/a>. Assine o <a href=\"https:\/\/www.recordplus.com\/home\" rel=\"nofollow noopener\" title=\"https:\/\/www.recordplus.com\/home\" target=\"_blank\"><b>RecordPlus<\/b><\/a> e tenha acesso \u00e0s c\u00e2meras 24 horas.<\/p>\n<p><b>Alta costura western! Galisteu brilha com cl\u00e1ssicos do estilo country<\/b><\/p>\n<p class=\"jarvics:base-text-neutral-high-400 base-text-[calc(theme(fontSize.xxs)_*_var(--font-size,_1))] base-font-semibold base-font-primary base-text-neutral-low-500 base-text-left\">Adriane Galisteu est\u00e1 levando os looks de A Fazenda 17 para um patamar ainda mais elevado! Estaria a apresentadora na vanguarda da alta costura western? Inspire-se nos figurinos da semana! <\/p>\n","protected":false},"excerpt":{"rendered":"Voc\u00ea est\u00e1 do lado de Carol ou de Wallas? Reprodu\u00e7\u00e3o\/RecordPlus A cada dia que se passa em A&hellip;\n","protected":false},"author":2,"featured_media":117918,"comment_status":"","ping_status":"","sticky":false,"template":"","format":"standard","meta":{"footnotes":""},"categories":[145],"tags":[657,21355,211,210,114,115,32,33,24065],"class_list":{"0":"post-117917","1":"post","2":"type-post","3":"status-publish","4":"format-standard","5":"has-post-thumbnail","7":"category-celebridades","8":"tag-a-fazenda","9":"tag-carol-lekker","10":"tag-celebridades","11":"tag-celebrities","12":"tag-entertainment","13":"tag-entretenimento","14":"tag-portugal","15":"tag-pt","16":"tag-wallas-arrais"},"share_on_mastodon":{"url":"","error":""},"_links":{"self":[{"href":"https:\/\/www.europesays.com\/pt\/wp-json\/wp\/v2\/posts\/117917","targetHints":{"allow":["GET"]}}],"collection":[{"href":"https:\/\/www.europesays.com\/pt\/wp-json\/wp\/v2\/posts"}],"about":[{"href":"https:\/\/www.europesays.com\/pt\/wp-json\/wp\/v2\/types\/post"}],"author":[{"embeddable":true,"href":"https:\/\/www.europesays.com\/pt\/wp-json\/wp\/v2\/users\/2"}],"replies":[{"embeddable":true,"href":"https:\/\/www.europesays.com\/pt\/wp-json\/wp\/v2\/comments?post=117917"}],"version-history":[{"count":0,"href":"https:\/\/www.europesays.com\/pt\/wp-json\/wp\/v2\/posts\/117917\/revisions"}],"wp:featuredmedia":[{"embeddable":true,"href":"https:\/\/www.europesays.com\/pt\/wp-json\/wp\/v2\/media\/117918"}],"wp:attachment":[{"href":"https:\/\/www.europesays.com\/pt\/wp-json\/wp\/v2\/media?parent=117917"}],"wp:term":[{"taxonomy":"category","embeddable":true,"href":"https:\/\/www.europesays.com\/pt\/wp-json\/wp\/v2\/categories?post=117917"},{"taxonomy":"post_tag","embeddable":true,"href":"https:\/\/www.europesays.com\/pt\/wp-json\/wp\/v2\/tags?post=117917"}],"curies":[{"name":"wp","href":"https:\/\/api.w.org\/{rel}","templated":true}]}}