{"id":117919,"date":"2025-10-19T22:18:08","date_gmt":"2025-10-19T22:18:08","guid":{"rendered":"https:\/\/www.europesays.com\/pt\/117919\/"},"modified":"2025-10-19T22:18:08","modified_gmt":"2025-10-19T22:18:08","slug":"paolla-oliveira-detona-ator-que-a-criticou-em-vale-tudo-adora-c","status":"publish","type":"post","link":"https:\/\/www.europesays.com\/pt\/117919\/","title":{"rendered":"Paolla Oliveira detona ator que a criticou em Vale Tudo: &#8220;Adora c"},"content":{"rendered":"<p>Neste domingo (19), a atriz <a href=\"https:\/\/www.otempo.com.br\/entretenimento\/2025\/10\/18\/diogo-nogueira-celebra-paolla-oliveira-por-atuacao-em-vale-tudo\" rel=\"nofollow noopener\" target=\"_blank\"><strong>Paolla Oliveira,<\/strong><\/a> de 43 anos, ironizou o ator <strong>Jo\u00e3o Sales<\/strong>, que fez v\u00e1rios v\u00eddeos detonando a sua atua\u00e7\u00e3o como Heleninha Roitman durante a novela\u00a0<a href=\"https:\/\/www.otempo.com.br\/entretenimento\/2025\/10\/11\/paolla-oliveira-posta-imagens-sensuais-e-brinca-com-onda-de-frio-no-rio-de-janeiro\" rel=\"nofollow noopener\" target=\"_blank\"><strong>&#8220;Vale Tudo&#8221;<\/strong><\/a>. Em suas redes sociais, a ex-rainha de bateria da <strong>Grande Rio<\/strong> reagiu a um mon\u00f3logo publicado por Jo\u00e3o Sales.<\/p>\n<p>\u201cAnalisando a atua\u00e7\u00e3o de quem critica a atua\u00e7\u00e3o alheia\u201d, escreveu a atriz.<\/p>\n<p>\u201cN\u00e3o \u00e9 sobre atua\u00e7\u00e3o, claro. Quem sou eu pra ficar julgando a atua\u00e7\u00e3o dos outros. Mas \u00e9 sobre o ser humano que adora crescer \u00e0s custas dos outros, principalmente quando o outro \u00e9 uma mulher. Bem mais f\u00e1cil, n\u00e3o \u00e9?!\u201d, ironizou<strong> Paolla Oliveira.<\/strong><\/p>\n<p>Vale destacar que Jo\u00e3o Sales ganhou notoriedade nas redes sociais ao debochar e criticar a atua\u00e7\u00e3o de v\u00e1rios atores de &#8220;Vale Tudo&#8221;. <strong>Paolla Oliveira<\/strong> foi alvo de alguns v\u00eddeos, al\u00e9m de <strong>Bella Campos e Pedro Waddington.<\/strong><\/p>\n<p>\u00a0<\/p>\n<blockquote class=\"twitter-tweet\" data-media-max-width=\"560\"><p>&#13;<\/p>\n<p dir=\"ltr\" lang=\"pt\">PASSANDO MAL com a paolla oliveira postando um video do cara q vive criticando a atua\u00e7\u00e3o dela e de outros artistas \ud83d\udde3\ufe0f\ud83d\udde3\ufe0f <a href=\"https:\/\/t.co\/FSqYn5NqnP\" rel=\"nofollow\">pic.twitter.com\/FSqYn5NqnP<\/a><\/p>\n<p>&#13;<br \/>\n\u2014 bru secco \ud83d\udc8b (@worldsecco) <a href=\"https:\/\/twitter.com\/worldsecco\/status\/1979945020686840022?ref_src=twsrc%5Etfw\" rel=\"nofollow noopener\" target=\"_blank\">October 19, 2025<\/a><\/p><\/blockquote>\n<p>            <script async src=\"https:\/\/platform.twitter.com\/widgets.js\" charset=\"utf-8\"><\/script><\/p>\n","protected":false},"excerpt":{"rendered":"Neste domingo (19), a atriz Paolla Oliveira, de 43 anos, ironizou o ator Jo\u00e3o Sales, que fez v\u00e1rios&hellip;\n","protected":false},"author":2,"featured_media":117920,"comment_status":"","ping_status":"","sticky":false,"template":"","format":"standard","meta":{"footnotes":""},"categories":[142],"tags":[114,115,2927,32,33,151,2154],"class_list":{"0":"post-117919","1":"post","2":"type-post","3":"status-publish","4":"format-standard","5":"has-post-thumbnail","7":"category-tv","8":"tag-entertainment","9":"tag-entretenimento","10":"tag-paolla-oliveira","11":"tag-portugal","12":"tag-pt","13":"tag-tv","14":"tag-vale-tudo"},"share_on_mastodon":{"url":"","error":""},"_links":{"self":[{"href":"https:\/\/www.europesays.com\/pt\/wp-json\/wp\/v2\/posts\/117919","targetHints":{"allow":["GET"]}}],"collection":[{"href":"https:\/\/www.europesays.com\/pt\/wp-json\/wp\/v2\/posts"}],"about":[{"href":"https:\/\/www.europesays.com\/pt\/wp-json\/wp\/v2\/types\/post"}],"author":[{"embeddable":true,"href":"https:\/\/www.europesays.com\/pt\/wp-json\/wp\/v2\/users\/2"}],"replies":[{"embeddable":true,"href":"https:\/\/www.europesays.com\/pt\/wp-json\/wp\/v2\/comments?post=117919"}],"version-history":[{"count":0,"href":"https:\/\/www.europesays.com\/pt\/wp-json\/wp\/v2\/posts\/117919\/revisions"}],"wp:featuredmedia":[{"embeddable":true,"href":"https:\/\/www.europesays.com\/pt\/wp-json\/wp\/v2\/media\/117920"}],"wp:attachment":[{"href":"https:\/\/www.europesays.com\/pt\/wp-json\/wp\/v2\/media?parent=117919"}],"wp:term":[{"taxonomy":"category","embeddable":true,"href":"https:\/\/www.europesays.com\/pt\/wp-json\/wp\/v2\/categories?post=117919"},{"taxonomy":"post_tag","embeddable":true,"href":"https:\/\/www.europesays.com\/pt\/wp-json\/wp\/v2\/tags?post=117919"}],"curies":[{"name":"wp","href":"https:\/\/api.w.org\/{rel}","templated":true}]}}