{"id":117931,"date":"2025-10-19T22:27:18","date_gmt":"2025-10-19T22:27:18","guid":{"rendered":"https:\/\/www.europesays.com\/pt\/117931\/"},"modified":"2025-10-19T22:27:18","modified_gmt":"2025-10-19T22:27:18","slug":"barcelos-constroi-rotunda-para-ponte-que-nao-existe","status":"publish","type":"post","link":"https:\/\/www.europesays.com\/pt\/117931\/","title":{"rendered":"Barcelos constr\u00f3i rotunda para ponte que n\u00e3o existe"},"content":{"rendered":"<p>A nova rotunda, or\u00e7ada em 103 544 euros, localiza-se no entroncamento entre a Rua Prof. Celestino Costa, requalificada em 2021, e a Avenida de Santo Andr\u00e9, em Barcelinhos, art\u00e9rias que estiveram fechadas cerca de dois meses. &#8220;A constru\u00e7\u00e3o estava prevista na requalifica\u00e7\u00e3o daquela rua, mas a decis\u00e3o de construir, agora, foi do Munic\u00edpio de Barcelos. A Junta acompanha a iniciativa, tendo em conta aquilo que \u00e9 o plano futuro de desenvolvimento da zona e que se prev\u00ea para a melhoria das condi\u00e7\u00f5es de circula\u00e7\u00e3o&#8221;, explica Rui Peixoto, presidente da Junta de Freguesia de Barcelinhos.<\/p>\n<p data-remotead-prev-elm=\"true\" data-remotead-elm-id=\"inread\"><strong>Termina num rail<\/strong><\/p>\n","protected":false},"excerpt":{"rendered":"A nova rotunda, or\u00e7ada em 103 544 euros, localiza-se no entroncamento entre a Rua Prof. Celestino Costa, requalificada&hellip;\n","protected":false},"author":2,"featured_media":117932,"comment_status":"","ping_status":"","sticky":false,"template":"","format":"standard","meta":{"footnotes":""},"categories":[10],"tags":[27,28,21189,15,16,14,25,26,21,22,12,13,19,20,7302,32,23,24,33,27553,27552,17,18,29,30,31],"class_list":{"0":"post-117931","1":"post","2":"type-post","3":"status-publish","4":"format-standard","5":"has-post-thumbnail","7":"category-portugal","8":"tag-breaking-news","9":"tag-breakingnews","10":"tag-concelho-barcelos","11":"tag-featured-news","12":"tag-featurednews","13":"tag-headlines","14":"tag-latest-news","15":"tag-latestnews","16":"tag-main-news","17":"tag-mainnews","18":"tag-news","19":"tag-noticias","20":"tag-noticias-principais","21":"tag-noticiasprincipais","22":"tag-ponte","23":"tag-portugal","24":"tag-principais-noticias","25":"tag-principaisnoticias","26":"tag-pt","27":"tag-rio-cavado","28":"tag-rotunda","29":"tag-top-stories","30":"tag-topstories","31":"tag-ultimas","32":"tag-ultimas-noticias","33":"tag-ultimasnoticias"},"share_on_mastodon":{"url":"","error":""},"_links":{"self":[{"href":"https:\/\/www.europesays.com\/pt\/wp-json\/wp\/v2\/posts\/117931","targetHints":{"allow":["GET"]}}],"collection":[{"href":"https:\/\/www.europesays.com\/pt\/wp-json\/wp\/v2\/posts"}],"about":[{"href":"https:\/\/www.europesays.com\/pt\/wp-json\/wp\/v2\/types\/post"}],"author":[{"embeddable":true,"href":"https:\/\/www.europesays.com\/pt\/wp-json\/wp\/v2\/users\/2"}],"replies":[{"embeddable":true,"href":"https:\/\/www.europesays.com\/pt\/wp-json\/wp\/v2\/comments?post=117931"}],"version-history":[{"count":0,"href":"https:\/\/www.europesays.com\/pt\/wp-json\/wp\/v2\/posts\/117931\/revisions"}],"wp:featuredmedia":[{"embeddable":true,"href":"https:\/\/www.europesays.com\/pt\/wp-json\/wp\/v2\/media\/117932"}],"wp:attachment":[{"href":"https:\/\/www.europesays.com\/pt\/wp-json\/wp\/v2\/media?parent=117931"}],"wp:term":[{"taxonomy":"category","embeddable":true,"href":"https:\/\/www.europesays.com\/pt\/wp-json\/wp\/v2\/categories?post=117931"},{"taxonomy":"post_tag","embeddable":true,"href":"https:\/\/www.europesays.com\/pt\/wp-json\/wp\/v2\/tags?post=117931"}],"curies":[{"name":"wp","href":"https:\/\/api.w.org\/{rel}","templated":true}]}}