{"id":117938,"date":"2025-10-19T22:35:10","date_gmt":"2025-10-19T22:35:10","guid":{"rendered":"https:\/\/www.europesays.com\/pt\/117938\/"},"modified":"2025-10-19T22:35:10","modified_gmt":"2025-10-19T22:35:10","slug":"atletico-x-benfica-nao-vai-ser-jogado-na-tapadinha-eis-os-estadios-onde-pode-ser-realizada-a-partida-bola-na-rede","status":"publish","type":"post","link":"https:\/\/www.europesays.com\/pt\/117938\/","title":{"rendered":"Atl\u00e9tico x Benfica n\u00e3o vai ser jogado na Tapadinha: eis os est\u00e1dios onde pode ser realizada a partida &#8211; Bola na Rede"},"content":{"rendered":"<ol>\n<li><a href=\"https:\/\/news.google.com\/rss\/articles\/CBMi5AFBVV95cUxNWWlxM2tQT0t2NFBEcGN6djNvc2xlZzhQYTE5NnB4ZmJTZVhUZnZucFM2NWttV2JjOVpEQlNFZkxYTWs4UVJHZHFhaU1CMWJZSjZ3RWk3eDRuSG5LMU9adE55aVpYUHFSZmxFVUdocFpubkt6b3ZfTFFZcXdPdkNWaHl3NlB1Z2E2RkhCX2VLN3lpdVpoZUgydkpNNGRNOGVLell2SzBSZlNMWnVUNmxvY0xXa2syV0tIT1RNOHNnSVZfMW5mWF85cVFJRGowZ1puWVMtNTdxQ0MyTHNTb2JabVpZc3Y?oc=5\" target=\"_blank\" rel=\"nofollow noopener\">Atl\u00e9tico x Benfica n\u00e3o vai ser jogado na Tapadinha: eis os est\u00e1dios onde pode ser realizada a partida<\/a>&nbsp;&nbsp;Bola na Rede<\/li>\n<li><a href=\"https:\/\/news.google.com\/rss\/articles\/CBMitgFBVV95cUxNeV94aERubzdZQlhhYWhUX3dlb3QtNWp5eWdHbGM4c0RuZVVIMmRaYTBWOFFOelBJT3VQcUVzMklBaUFnWURhTDRRZmUzbE5wNDdfUXZ3UjdaZ0dwRE44RHRFNlliZFctWjg4RXJjMDJ3NWs2QWgtekNhUm9SM3EtQmJnYjQzcTdxMjdTNDBpMXlwNERKM0FYTkJRR0hwc3dmbUlucXNwR1NjcVZER2xhcG10Skswdw?oc=5\" target=\"_blank\" rel=\"nofollow noopener\">Est\u00e1 definido o pr\u00f3ximo advers\u00e1rio do Benfica na Ta\u00e7a de Portugal<\/a>&nbsp;&nbsp;A Bola<\/li>\n<li><a href=\"https:\/\/news.google.com\/rss\/articles\/CBMingFBVV95cUxQclFXNXNXZTB2UGh4aFpBSG5tWVFHVUFYOVZ6WGZ1aTdFRjFjTmxpSUV1RktxR3hwNm5qT0E0QlQ3YzlOZ2hwTk5vZDJndmtLUGZxbTBLLUxhcEN2dzFRVmtBdlNWMnBNYzVFOTRQMWNTSHBYc2l1SDVPd2U3dTg4cVcyTWRZaE12Ni1QVzhMWkRLYzJ4U3ltX2owTzBuQQ?oc=5\" target=\"_blank\" rel=\"nofollow noopener\">Atl\u00e9tico marca encontro com Benfica na Ta\u00e7a<\/a>&nbsp;&nbsp;RTP<\/li>\n<li><a href=\"https:\/\/news.google.com\/rss\/articles\/CBMiiwFBVV95cUxNUnVrWEp5bTV1Q2ZFTmttb29lOEVFNmRWS2JxNUNWRG11RmZHWEtEYzl3QUtzNER5S3NLRmNrZ2x6X3FOVlBFVmkyempkeEhERXNWRVpsLUtCYjdsaGlCRG8zV2xobTdjOHRTanM1U1JYb1g3b3ZQazlQcjZxejdDcWo2N18zblFuNXBF?oc=5\" target=\"_blank\" rel=\"nofollow noopener\">Malapata com oito anos para quebrar<\/a>&nbsp;&nbsp;SAPO<\/li>\n<li><a href=\"https:\/\/news.google.com\/rss\/articles\/CBMiekFVX3lxTE84RkJ2dTZDRFJ5ZFBrUEpHcC0zakgxVGhFcXo1cXZwV0NRdHdOR2xqTldTSjQxcFJrdHlOa1IyMlg5SF80NWIyWGI1M09OckxHTGRnTDh0YllmMHdBQ2lMVEtLZDBBeGVUZHV0ZmJIaDZwTWI3SUJnaC1R?oc=5\" target=\"_blank\" rel=\"nofollow noopener\">Ta\u00e7a de Portugal: Felgueiras eliminado<\/a>&nbsp;&nbsp;Felgueiras Di\u00e1rio<\/li>\n<\/ol>\n","protected":false},"excerpt":{"rendered":"Atl\u00e9tico x Benfica n\u00e3o vai ser jogado na Tapadinha: eis os est\u00e1dios onde pode ser realizada a partida&nbsp;&nbsp;Bola&hellip;\n","protected":false},"author":2,"featured_media":117939,"comment_status":"","ping_status":"","sticky":false,"template":"","format":"standard","meta":{"footnotes":""},"categories":[87],"tags":[27514,260,51,135,32,33,134,3142],"class_list":{"0":"post-117938","1":"post","2":"type-post","3":"status-publish","4":"format-standard","5":"has-post-thumbnail","7":"category-desporto","8":"tag-atletico","9":"tag-atualidade","10":"tag-benfica","11":"tag-desporto","12":"tag-portugal","13":"tag-pt","14":"tag-sports","15":"tag-taca-de-portugal"},"share_on_mastodon":{"url":"","error":""},"_links":{"self":[{"href":"https:\/\/www.europesays.com\/pt\/wp-json\/wp\/v2\/posts\/117938","targetHints":{"allow":["GET"]}}],"collection":[{"href":"https:\/\/www.europesays.com\/pt\/wp-json\/wp\/v2\/posts"}],"about":[{"href":"https:\/\/www.europesays.com\/pt\/wp-json\/wp\/v2\/types\/post"}],"author":[{"embeddable":true,"href":"https:\/\/www.europesays.com\/pt\/wp-json\/wp\/v2\/users\/2"}],"replies":[{"embeddable":true,"href":"https:\/\/www.europesays.com\/pt\/wp-json\/wp\/v2\/comments?post=117938"}],"version-history":[{"count":0,"href":"https:\/\/www.europesays.com\/pt\/wp-json\/wp\/v2\/posts\/117938\/revisions"}],"wp:featuredmedia":[{"embeddable":true,"href":"https:\/\/www.europesays.com\/pt\/wp-json\/wp\/v2\/media\/117939"}],"wp:attachment":[{"href":"https:\/\/www.europesays.com\/pt\/wp-json\/wp\/v2\/media?parent=117938"}],"wp:term":[{"taxonomy":"category","embeddable":true,"href":"https:\/\/www.europesays.com\/pt\/wp-json\/wp\/v2\/categories?post=117938"},{"taxonomy":"post_tag","embeddable":true,"href":"https:\/\/www.europesays.com\/pt\/wp-json\/wp\/v2\/tags?post=117938"}],"curies":[{"name":"wp","href":"https:\/\/api.w.org\/{rel}","templated":true}]}}