{"id":117941,"date":"2025-10-19T22:41:14","date_gmt":"2025-10-19T22:41:14","guid":{"rendered":"https:\/\/www.europesays.com\/pt\/117941\/"},"modified":"2025-10-19T22:41:14","modified_gmt":"2025-10-19T22:41:14","slug":"ativista-pro-palestina-detido-a-190-metros-de-altura-na-ponte-25-de-abril","status":"publish","type":"post","link":"https:\/\/www.europesays.com\/pt\/117941\/","title":{"rendered":"Ativista pr\u00f3-Palestina detido a 190 metros de altura na Ponte 25 de Abril"},"content":{"rendered":"<p>Em comunicado, a PSP explica que quando os agentes chegaram ao local, constaram que o indiv\u00edduo se encontrava a uma altura bastante elevada, &#8220;cerca de 190 metros&#8221;, o que inviabilizou, num primeiro momento, o estabelecimento de um di\u00e1logo &#8220;de forma a demov\u00ea-lo de prosseguir&#8221;.<\/p>\n<p data-remotead-prev-elm=\"true\" data-remotead-elm-id=\"inread\">Enquanto tentava alcan\u00e7ar o topo da estrutura met\u00e1lica da ponte, o homem gravou <a href=\"https:\/\/x.com\/PTrevolutionTV\/status\/1979908899114221868\/video\/2\" target=\"_blank\" rel=\"nofollow\">o v\u00eddeo<\/a>, onde explicava que a a\u00e7\u00e3o era feita &#8220;em nome da liberdade, da autodetermina\u00e7\u00e3o e da autodefesa da Palestina&#8221;. Deixou ainda a mensagem que &#8220;n\u00e3o existe neste momento um cessar-fogo&#8221; e classificou o que se vive naquele territ\u00f3rio do M\u00e9dio Oriente como &#8220;uma palha\u00e7ada&#8221;.<\/p>\n<p data-remotead-prev-elm=\"true\" data-remotead-elm-id=\"centro1\">O ativista apelou ainda aos automobilistas que aquela hora circulavam na ponte para buzinarem e terminou o v\u00eddeo com um &#8220;Palestina Livre!&#8221;.<\/p>\n<p>Ap\u00f3s aproximadamente dez minutos da sua chegada ao local, os agentes da PSP verificaram que o indiv\u00edduo colocou no topo superior do pilar da ponte uma bandeira de grandes dimens\u00f5es alusiva \u00e0 Palestina, percorrendo todo o pilar com outra bandeira mais pequena.<\/p>\n<p>Entrou pelo t\u00fanel do comboio<\/p>\n<p data-remotead-prev-elm=\"true\" data-remotead-elm-id=\"centro2\">No comunicado enviado \u00e0s reda\u00e7\u00f5es, a pol\u00edcia explica que, &#8220;face \u00e0 situa\u00e7\u00e3o de perigo para pessoas e bens&#8221;, e em coordena\u00e7\u00e3o com elementos da Infraestruturas de Portugal, &#8220;foi necess\u00e1rio aceder ao topo da ponte, pelo interior de um dos pilares, de forma a estabelecer contacto direto com o indiv\u00edduo e garantir a sua descida em seguran\u00e7a&#8221;.<\/p>\n<p>Os agentes apuraram ent\u00e3o que o indiv\u00edduo ter\u00e1 acedido ao local atrav\u00e9s do t\u00fanel do comboio da Fertagus, que se inicia no Pragal, em Almada. No decurso das dilig\u00eancias policiais foram apreendidos os seguintes artigos: uma bandeira da Palestina de grandes dimens\u00f5es, uma bandeira da Palestina de pequenas dimens\u00f5es com cabo, uma corda de nylon, um rolo de fita isoladora de cor cinzenta, um tablet, uma powerbank com cabo USB e um arn\u00eas de seguran\u00e7a.<\/p>\n<p data-remotead-prev-elm=\"true\" data-remotead-elm-id=\"centro3\">O indiv\u00edduo acabou detido e ser\u00e1 presente esta segunda-feira no Tribunal de Lisboa, Inst\u00e2ncia Local Criminal de Lisboa &#8211; Sec\u00e7\u00e3o de Pequena Criminalidade.<\/p>\n","protected":false},"excerpt":{"rendered":"Em comunicado, a PSP explica que quando os agentes chegaram ao local, constaram que o indiv\u00edduo se encontrava&hellip;\n","protected":false},"author":2,"featured_media":117942,"comment_status":"","ping_status":"","sticky":false,"template":"","format":"standard","meta":{"footnotes":""},"categories":[10],"tags":[17063,27,28,3853,15,16,14,603,25,26,21,22,12,13,19,20,431,6738,32,23,24,1306,33,17,18,29,30,31],"class_list":{"0":"post-117941","1":"post","2":"type-post","3":"status-publish","4":"format-standard","5":"has-post-thumbnail","7":"category-portugal","8":"tag-ativista","9":"tag-breaking-news","10":"tag-breakingnews","11":"tag-detencao","12":"tag-featured-news","13":"tag-featurednews","14":"tag-headlines","15":"tag-justica","16":"tag-latest-news","17":"tag-latestnews","18":"tag-main-news","19":"tag-mainnews","20":"tag-news","21":"tag-noticias","22":"tag-noticias-principais","23":"tag-noticiasprincipais","24":"tag-palestina","25":"tag-ponte-25-de-abril","26":"tag-portugal","27":"tag-principais-noticias","28":"tag-principaisnoticias","29":"tag-psp","30":"tag-pt","31":"tag-top-stories","32":"tag-topstories","33":"tag-ultimas","34":"tag-ultimas-noticias","35":"tag-ultimasnoticias"},"share_on_mastodon":{"url":"","error":""},"_links":{"self":[{"href":"https:\/\/www.europesays.com\/pt\/wp-json\/wp\/v2\/posts\/117941","targetHints":{"allow":["GET"]}}],"collection":[{"href":"https:\/\/www.europesays.com\/pt\/wp-json\/wp\/v2\/posts"}],"about":[{"href":"https:\/\/www.europesays.com\/pt\/wp-json\/wp\/v2\/types\/post"}],"author":[{"embeddable":true,"href":"https:\/\/www.europesays.com\/pt\/wp-json\/wp\/v2\/users\/2"}],"replies":[{"embeddable":true,"href":"https:\/\/www.europesays.com\/pt\/wp-json\/wp\/v2\/comments?post=117941"}],"version-history":[{"count":0,"href":"https:\/\/www.europesays.com\/pt\/wp-json\/wp\/v2\/posts\/117941\/revisions"}],"wp:featuredmedia":[{"embeddable":true,"href":"https:\/\/www.europesays.com\/pt\/wp-json\/wp\/v2\/media\/117942"}],"wp:attachment":[{"href":"https:\/\/www.europesays.com\/pt\/wp-json\/wp\/v2\/media?parent=117941"}],"wp:term":[{"taxonomy":"category","embeddable":true,"href":"https:\/\/www.europesays.com\/pt\/wp-json\/wp\/v2\/categories?post=117941"},{"taxonomy":"post_tag","embeddable":true,"href":"https:\/\/www.europesays.com\/pt\/wp-json\/wp\/v2\/tags?post=117941"}],"curies":[{"name":"wp","href":"https:\/\/api.w.org\/{rel}","templated":true}]}}