{"id":117954,"date":"2025-10-19T22:54:07","date_gmt":"2025-10-19T22:54:07","guid":{"rendered":"https:\/\/www.europesays.com\/pt\/117954\/"},"modified":"2025-10-19T22:54:07","modified_gmt":"2025-10-19T22:54:07","slug":"paulo-portas-trump-e-putin-deram-um-tabefe-violento-a-europa","status":"publish","type":"post","link":"https:\/\/www.europesays.com\/pt\/117954\/","title":{"rendered":"Paulo Portas: Trump e Putin deram &#8220;um tabefe violento \u00e0 Europa&#8221;"},"content":{"rendered":"<p>\t                Comentador analisou como a escolha da localiza\u00e7\u00e3o para o pr\u00f3ximo encontro entre Trump e Putin causou um embara\u00e7o \u00e0 Uni\u00e3o Europeia<\/p>\n<p>No seu habitual espa\u00e7o de coment\u00e1rio no Jornal Nacional da TVI, Paulo Portas explicou como a escolha da Hungria como a localiza\u00e7\u00e3o do encontro entre o presidente dos EUA, Donald Trump, e o seu hom\u00f3logo russo, Vladimir Putin pode ser um embara\u00e7o para a Uni\u00e3o Europeia. &#8220;A localiza\u00e7\u00e3o \u00e9 um tabefe violento \u00e0 Europa&#8221;, refere.\u00a0<\/p>\n<p>O comentador acrescenta que &#8220;\u00e9 preciso descaramento&#8221; para escolher a Hungria para este encontro j\u00e1 que o pa\u00eds &#8220;\u00e9 a quinta coluna da R\u00fassia de Putin dentro do Conselho Europeu&#8221;. Portanto, volta a vincar, &#8220;isto \u00e9 um tabefe \u00e0 Europa e acho surpreendente que n\u00e3o tenha havido uma rea\u00e7\u00e3o&#8221;.<\/p>\n<p>Nesse seguimento, Paulo Portas sublinha que os esfor\u00e7os da Ucr\u00e2nia em conseguir mais apoio por parte dos Estados Unidos voltaram ao mesmo patamar em que estavam h\u00e1 &#8220;uns meses atr\u00e1s&#8221; com a recusa de Trump em fornecer \u00e0 Ucr\u00e2nia os m\u00edsseis Tomahawk durante uma reuni\u00e3o na Casa Branca no in\u00edcio desta semana.\u00a0<\/p>\n<p>&#8220;Donald Trump faz uma reuni\u00e3o pouco feliz com Zelensky, onde lhe diz basicamente que n\u00e3o lhe dar\u00e1 os m\u00edsseis de m\u00e9dio ou longo alcance. Portanto, condena a Ucr\u00e2nia a uma posi\u00e7\u00e3o defensiva. N\u00e3o pode atacar a R\u00fassia na base\u00a0e na origem do seu poder&#8221;, afirma o comentador.\u00a0<\/p>\n<p>Em contraste, e no seguimento dessa reuni\u00e3o, Portas abordou o telefonema entre o presidente dos EUA e Putin, sublinhando que o l\u00edder norte-americano acabou por favorecer o presidente russo, legitimando-o.\u00a0<\/p>\n<p>\u201cAparentemente, Putin fez-lhe muitos elogios no telefonema que antecedeu a divulga\u00e7\u00e3o desta reuni\u00e3o e, se ao menos existisse disponibilidade da R\u00fassia para fazer um cessar-fogo, teria alguma utilidade.&#8221; Sen\u00e3o, a \u00fanica coisa que faz \u00e9 legitimar Putin na \u00e1rea internacional&#8221;, sublinha.<\/p>\n<p>Na an\u00e1lise deste domingo, Paulo Portas destacou tamb\u00e9m uma das principais preocupa\u00e7\u00f5es de Vladimir Putin neste momento: os v\u00e1rios milh\u00f5es em ativos russos congelados na Uni\u00e3o Europeia.\u00a0\u201cIsto sim, \u00e9 uma das poucas coisas que preocupa Putin. Porque o dinheiro \u00e9 dos seus amigos ou dele pr\u00f3prio&#8221;.<\/p>\n<p>\u201cS\u00e3o mais de 300 mil milh\u00f5es de euros que est\u00e3o no Ocidente, a Europa tem grande parte deles e acrescentou dois pa\u00edses do G7 \u00e0 proposta que ir\u00e1 discutir no Conselho Europeu&#8221;, afirma Portas, explicando que a proposta tem por base &#8220;utilizar, com uma engenhosa constru\u00e7\u00e3o jur\u00eddica, os ativos congelados, n\u00e3o apenas os juros, para financiar a Ucr\u00e2nia, com pelo menos 140 mil milh\u00f5es de euros&#8221;.\u00a0<\/p>\n<p>Contudo, destaca, &#8220;obviamente os bancos n\u00e3o adoram isto&#8221;. &#8220;Isto pode criar um problema de confian\u00e7a, mas a verdade \u00e9 que Canad\u00e1 e Reino Unido se juntaram \u00e0s grandes pot\u00eancias europeias e em particular \u00e0 Alemanha, que t\u00eam a no\u00e7\u00e3o do que \u00e9 o perigo de Vladimir Putin&#8221;.<\/p>\n","protected":false},"excerpt":{"rendered":"Comentador analisou como a escolha da localiza\u00e7\u00e3o para o pr\u00f3ximo encontro entre Trump e Putin causou um embara\u00e7o&hellip;\n","protected":false},"author":2,"featured_media":99198,"comment_status":"","ping_status":"","sticky":false,"template":"","format":"standard","meta":{"footnotes":""},"categories":[50],"tags":[609,836,611,27,28,607,608,333,832,604,135,610,476,15,16,301,830,14,1991,603,25,26,570,21,22,831,833,62,834,12,13,19,20,835,602,13449,52,32,23,24,3813,6618,17,18,2183,29,30,31,63,64,65,3814],"class_list":{"0":"post-117954","1":"post","2":"type-post","3":"status-publish","4":"format-standard","5":"has-post-thumbnail","7":"category-mundo","8":"tag-alerta","9":"tag-analise","10":"tag-ao-minuto","11":"tag-breaking-news","12":"tag-breakingnews","13":"tag-cnn","14":"tag-cnn-portugal","15":"tag-comentadores","16":"tag-costa","17":"tag-crime","18":"tag-desporto","19":"tag-direto","20":"tag-economia","21":"tag-featured-news","22":"tag-featurednews","23":"tag-governo","24":"tag-guerra","25":"tag-headlines","26":"tag-hungria","27":"tag-justica","28":"tag-latest-news","29":"tag-latestnews","30":"tag-live","31":"tag-main-news","32":"tag-mainnews","33":"tag-mais-vistas","34":"tag-marcelo","35":"tag-mundo","36":"tag-negocios","37":"tag-news","38":"tag-noticias","39":"tag-noticias-principais","40":"tag-noticiasprincipais","41":"tag-opiniao","42":"tag-pais","43":"tag-paulo-portas","44":"tag-politica","45":"tag-portugal","46":"tag-principais-noticias","47":"tag-principaisnoticias","48":"tag-putin","49":"tag-reuniao","50":"tag-top-stories","51":"tag-topstories","52":"tag-trump","53":"tag-ultimas","54":"tag-ultimas-noticias","55":"tag-ultimasnoticias","56":"tag-world","57":"tag-world-news","58":"tag-worldnews","59":"tag-zelensky"},"share_on_mastodon":{"url":"","error":""},"_links":{"self":[{"href":"https:\/\/www.europesays.com\/pt\/wp-json\/wp\/v2\/posts\/117954","targetHints":{"allow":["GET"]}}],"collection":[{"href":"https:\/\/www.europesays.com\/pt\/wp-json\/wp\/v2\/posts"}],"about":[{"href":"https:\/\/www.europesays.com\/pt\/wp-json\/wp\/v2\/types\/post"}],"author":[{"embeddable":true,"href":"https:\/\/www.europesays.com\/pt\/wp-json\/wp\/v2\/users\/2"}],"replies":[{"embeddable":true,"href":"https:\/\/www.europesays.com\/pt\/wp-json\/wp\/v2\/comments?post=117954"}],"version-history":[{"count":0,"href":"https:\/\/www.europesays.com\/pt\/wp-json\/wp\/v2\/posts\/117954\/revisions"}],"wp:featuredmedia":[{"embeddable":true,"href":"https:\/\/www.europesays.com\/pt\/wp-json\/wp\/v2\/media\/99198"}],"wp:attachment":[{"href":"https:\/\/www.europesays.com\/pt\/wp-json\/wp\/v2\/media?parent=117954"}],"wp:term":[{"taxonomy":"category","embeddable":true,"href":"https:\/\/www.europesays.com\/pt\/wp-json\/wp\/v2\/categories?post=117954"},{"taxonomy":"post_tag","embeddable":true,"href":"https:\/\/www.europesays.com\/pt\/wp-json\/wp\/v2\/tags?post=117954"}],"curies":[{"name":"wp","href":"https:\/\/api.w.org\/{rel}","templated":true}]}}