{"id":117979,"date":"2025-10-19T23:18:14","date_gmt":"2025-10-19T23:18:14","guid":{"rendered":"https:\/\/www.europesays.com\/pt\/117979\/"},"modified":"2025-10-19T23:18:14","modified_gmt":"2025-10-19T23:18:14","slug":"rio-ave-e-moreirense-afastados-na-taca-de-portugal-futebol-nacional","status":"publish","type":"post","link":"https:\/\/www.europesays.com\/pt\/117979\/","title":{"rendered":"Rio Ave e Moreirense afastados na Ta\u00e7a de Portugal | Futebol nacional"},"content":{"rendered":"<p>Os primodivision\u00e1rios Rio Ave e Moreirense foram este domingo eliminados na <a href=\"https:\/\/www.publico.pt\/2025\/09\/25\/desporto\/noticia\/taca-portugal-sporting-visita-pacos-ferreira-benfica-vai-chaves-fc-porto-encontrase-celoricense-2148504\" rel=\"nofollow noopener\" target=\"_blank\">terceira ronda da Ta\u00e7a de Portugal<\/a>, juntando-se a Alverca, <a href=\"https:\/\/www.publico.pt\/2025\/10\/18\/desporto\/noticia\/taca-portugal-estrela-amadora-afastado-alpendorada-quarto-escalao-2151348\" rel=\"nofollow noopener\" target=\"_blank\">Estrela da Amadora<\/a> e Gil Vicente no rol de equipas da I Liga precocemente afastadas da prova rainha.<\/p>\n<p>O Sintrense, do quarto escal\u00e3o do futebol nacional, afastou o Rio Ave com triunfo por 3-2. Henrique Henriques, aos 39 minutos, e Valdu T\u00e9 (57 e 60&#8242;) apontaram os golos do s\u00e9timo colocado da S\u00e9rie D do Campeonato de Portugal, depois de Marc Gual ter inaugurado o marcador (20&#8242;) e antes de Karem Zoabi fechar as contas (81&#8242;).<\/p>\n<p>O conjunto de Sintra deslocar-se-\u00e1 ao Drag\u00e3o, na quarta eliminat\u00f3ria, enquanto o Rio Ave sai de cena.<\/p>\n<p>J\u00e1 o Fafe, do terceiro escal\u00e3o, afastou o Moreirense com um golo de livre directo de Jo\u00e3o Batista (67&#8242;), que selou o triunfo do quinto classificado da S\u00e9rie A da Liga 3, que na quarta ronda receber\u00e1 o Arouca, da I Liga.<\/p>\n<p>Vasco Botelho da Costa assumiu o \u201cbanho de humildade, a come\u00e7ar pelo treinador\u201d, aproveitando para usar a elimina\u00e7\u00e3o como uma li\u00e7\u00e3o a recordar.<\/p>\n<p>Destaque ainda para a elimina\u00e7\u00e3o do Felgueiras ante o Atl\u00e9tico (2-0) e do Vianense na desloca\u00e7\u00e3o a Set\u00fabal, frente ao Com\u00e9rcio e Ind\u00fastria (3-0). O Marinhense, do Campeonato de Portugal, foi a Anadia vencer no desempate por grandes penalidades (7-6) ap\u00f3s nulo no tempo regulamentar e no prolongamento, marcando encontro com o Sporting, detentor do trof\u00e9u, em Alvalade.<\/p>\n","protected":false},"excerpt":{"rendered":"Os primodivision\u00e1rios Rio Ave e Moreirense foram este domingo eliminados na terceira ronda da Ta\u00e7a de Portugal, juntando-se&hellip;\n","protected":false},"author":2,"featured_media":117980,"comment_status":"","ping_status":"","sticky":false,"template":"","format":"standard","meta":{"footnotes":""},"categories":[87],"tags":[135,7852,280,8343,32,33,9819,27515,134,3142],"class_list":{"0":"post-117979","1":"post","2":"type-post","3":"status-publish","4":"format-standard","5":"has-post-thumbnail","7":"category-desporto","8":"tag-desporto","9":"tag-fafe","10":"tag-futebol-nacional","11":"tag-moreirense","12":"tag-portugal","13":"tag-pt","14":"tag-rio-ave","15":"tag-sintrense","16":"tag-sports","17":"tag-taca-de-portugal"},"share_on_mastodon":{"url":"","error":""},"_links":{"self":[{"href":"https:\/\/www.europesays.com\/pt\/wp-json\/wp\/v2\/posts\/117979","targetHints":{"allow":["GET"]}}],"collection":[{"href":"https:\/\/www.europesays.com\/pt\/wp-json\/wp\/v2\/posts"}],"about":[{"href":"https:\/\/www.europesays.com\/pt\/wp-json\/wp\/v2\/types\/post"}],"author":[{"embeddable":true,"href":"https:\/\/www.europesays.com\/pt\/wp-json\/wp\/v2\/users\/2"}],"replies":[{"embeddable":true,"href":"https:\/\/www.europesays.com\/pt\/wp-json\/wp\/v2\/comments?post=117979"}],"version-history":[{"count":0,"href":"https:\/\/www.europesays.com\/pt\/wp-json\/wp\/v2\/posts\/117979\/revisions"}],"wp:featuredmedia":[{"embeddable":true,"href":"https:\/\/www.europesays.com\/pt\/wp-json\/wp\/v2\/media\/117980"}],"wp:attachment":[{"href":"https:\/\/www.europesays.com\/pt\/wp-json\/wp\/v2\/media?parent=117979"}],"wp:term":[{"taxonomy":"category","embeddable":true,"href":"https:\/\/www.europesays.com\/pt\/wp-json\/wp\/v2\/categories?post=117979"},{"taxonomy":"post_tag","embeddable":true,"href":"https:\/\/www.europesays.com\/pt\/wp-json\/wp\/v2\/tags?post=117979"}],"curies":[{"name":"wp","href":"https:\/\/api.w.org\/{rel}","templated":true}]}}