{"id":117989,"date":"2025-10-19T23:23:11","date_gmt":"2025-10-19T23:23:11","guid":{"rendered":"https:\/\/www.europesays.com\/pt\/117989\/"},"modified":"2025-10-19T23:23:11","modified_gmt":"2025-10-19T23:23:11","slug":"revelados-os-passaportes-mais-poderosos-da-europa-como-esta-portugal","status":"publish","type":"post","link":"https:\/\/www.europesays.com\/pt\/117989\/","title":{"rendered":"Revelados os passaportes mais poderosos da Europa! Como est\u00e1 Portugal?"},"content":{"rendered":"<p>O mais recente ranking da Henley &amp; Partners, divulgado em outubro de 2025, voltou a colocar os pa\u00edses europeus no topo da lista dos passaportes mais poderosos do mundo. Como est\u00e1 Portugal?<\/p>\n<p><a target=\"_blank\" href=\"https:\/\/pplware.sapo.pt\/wp-content\/uploads\/2025\/08\/passaporte_informacao_00.webp\" rel=\"nofollow noopener\"><img fetchpriority=\"high\" decoding=\"async\" src=\"https:\/\/www.europesays.com\/pt\/wp-content\/uploads\/2025\/10\/passaporte_informacao_00-720x405.webp.webp\" alt=\"\" width=\"720\" height=\"405\" class=\"aligncenter size-medium wp-image-1074636\"  \/><\/a><\/p>\n<p>Portugal continua entre os melhores, mantendo-se uma posi\u00e7\u00e3o de destaque na Europa e a n\u00edvel global. Mas baixou.<\/p>\n<p><strong>De acordo com o \u00edndice, o passaporte portugu\u00eas ocupa a 6.\u00aa posi\u00e7\u00e3o mundial, permitindo aos cidad\u00e3os viajar para 186 pa\u00edses<\/strong> sem necessidade de visto pr\u00e9vio ou com visto \u00e0 chegada. Esta classifica\u00e7\u00e3o consolida Portugal como um dos pa\u00edses com maior liberdade de mobilidade internacional.<\/p>\n<p><a target=\"_blank\" href=\"https:\/\/pplware.sapo.pt\/wp-content\/uploads\/2025\/10\/passaporte_02.jpg\" onclick=\"refreshIframe()\" class=\"foobox\" rel=\"nofollow noopener\"><img loading=\"lazy\" decoding=\"async\" src=\"https:\/\/www.europesays.com\/pt\/wp-content\/uploads\/2025\/10\/passaporte_02-720x405.jpg\" alt=\"\" width=\"720\" height=\"405\" class=\"aligncenter size-medium wp-image-1084150\"  \/><\/a><\/p>\n<p>Nos \u00faltimos anos, Portugal tem mantido uma presen\u00e7a est\u00e1vel no grupo dos passaportes mais fortes, ao lado de pa\u00edses como Alemanha, Fran\u00e7a, It\u00e1lia e Espanha, que dominam o topo do ranking.<\/p>\n<p>A Europa continua a liderar o \u00edndice global de mobilidade. Os passaportes europeus oferecem, em m\u00e9dia, acesso livre a mais de 180 destinos. A Espanha e a Alemanha continuam a disputar os primeiros lugares, seguidas de perto por It\u00e1lia, Fran\u00e7a e Portugal. Pa\u00edses como os Estados Unidos e o Reino Unido perderam posi\u00e7\u00f5es significativas<\/p>\n","protected":false},"excerpt":{"rendered":"O mais recente ranking da Henley &amp; Partners, divulgado em outubro de 2025, voltou a colocar os pa\u00edses&hellip;\n","protected":false},"author":2,"featured_media":117990,"comment_status":"","ping_status":"","sticky":false,"template":"","format":"standard","meta":{"footnotes":""},"categories":[50],"tags":[27,28,15,16,14,25,26,21,22,62,12,13,19,20,19619,32,23,24,17,18,29,30,31,63,64,65],"class_list":{"0":"post-117989","1":"post","2":"type-post","3":"status-publish","4":"format-standard","5":"has-post-thumbnail","7":"category-mundo","8":"tag-breaking-news","9":"tag-breakingnews","10":"tag-featured-news","11":"tag-featurednews","12":"tag-headlines","13":"tag-latest-news","14":"tag-latestnews","15":"tag-main-news","16":"tag-mainnews","17":"tag-mundo","18":"tag-news","19":"tag-noticias","20":"tag-noticias-principais","21":"tag-noticiasprincipais","22":"tag-passaportes","23":"tag-portugal","24":"tag-principais-noticias","25":"tag-principaisnoticias","26":"tag-top-stories","27":"tag-topstories","28":"tag-ultimas","29":"tag-ultimas-noticias","30":"tag-ultimasnoticias","31":"tag-world","32":"tag-world-news","33":"tag-worldnews"},"share_on_mastodon":{"url":"","error":""},"_links":{"self":[{"href":"https:\/\/www.europesays.com\/pt\/wp-json\/wp\/v2\/posts\/117989","targetHints":{"allow":["GET"]}}],"collection":[{"href":"https:\/\/www.europesays.com\/pt\/wp-json\/wp\/v2\/posts"}],"about":[{"href":"https:\/\/www.europesays.com\/pt\/wp-json\/wp\/v2\/types\/post"}],"author":[{"embeddable":true,"href":"https:\/\/www.europesays.com\/pt\/wp-json\/wp\/v2\/users\/2"}],"replies":[{"embeddable":true,"href":"https:\/\/www.europesays.com\/pt\/wp-json\/wp\/v2\/comments?post=117989"}],"version-history":[{"count":0,"href":"https:\/\/www.europesays.com\/pt\/wp-json\/wp\/v2\/posts\/117989\/revisions"}],"wp:featuredmedia":[{"embeddable":true,"href":"https:\/\/www.europesays.com\/pt\/wp-json\/wp\/v2\/media\/117990"}],"wp:attachment":[{"href":"https:\/\/www.europesays.com\/pt\/wp-json\/wp\/v2\/media?parent=117989"}],"wp:term":[{"taxonomy":"category","embeddable":true,"href":"https:\/\/www.europesays.com\/pt\/wp-json\/wp\/v2\/categories?post=117989"},{"taxonomy":"post_tag","embeddable":true,"href":"https:\/\/www.europesays.com\/pt\/wp-json\/wp\/v2\/tags?post=117989"}],"curies":[{"name":"wp","href":"https:\/\/api.w.org\/{rel}","templated":true}]}}