{"id":117991,"date":"2025-10-19T23:24:31","date_gmt":"2025-10-19T23:24:31","guid":{"rendered":"https:\/\/www.europesays.com\/pt\/117991\/"},"modified":"2025-10-19T23:24:31","modified_gmt":"2025-10-19T23:24:31","slug":"o-modelo-de-presidente-de-gouveia-e-melo-e-mario-soares","status":"publish","type":"post","link":"https:\/\/www.europesays.com\/pt\/117991\/","title":{"rendered":"O modelo de presidente de Gouveia e Melo \u00e9 M\u00e1rio Soares"},"content":{"rendered":"<p class=\"wp-caption-text top\">Ant\u00f3nio Cotrim \/ Lusa<\/p>\n<p><img decoding=\"async\" loading=\"lazy\" class=\"wp-image-682293 size-kopa-image-size-3\" src=\"https:\/\/www.europesays.com\/pt\/wp-content\/uploads\/2025\/10\/c879e81dbb09992d1469137d3bde6164-783x450.jpg\" alt=\"\" width=\"700\" height=\"402\"  \/><\/p>\n<p><strong>Candidato a Bel\u00e9m volta a posicionar-se no centro pol\u00edtico. Jorge Sampaio, Cavaco Silva e Marcelo Rebelo de Sousa \u201cforam j\u00e1 uma sequ\u00eancia\u201d: o \u00eddolo \u00e9 M\u00e1rio Soares. Dos primeiros Presidentes, militares, demarca-se por completo.<\/strong><\/p>\n<p>O candidato presidencial Gouveia e Melo afirma que M\u00e1rio Soares \u00e9 o seu modelo de Presidente, destaca o contributo de Ramalho Eanes para a democracia, mas demarca-se dos chefes de Estado militares n\u00e3o eleitos no p\u00f3s-25 de Abril.<\/p>\n<p>\u201c<strong>O Presidente que mais gostei e que me revejo nele por diversas coisas, at\u00e9 como ser humano, \u00e9 M\u00e1rio Soares<\/strong>\u201d, afirma o ex-chefe do Estado-Maior da Armada em entrevista \u00e0 ag\u00eancia Lusa.<\/p>\n<p>Henrique Gouveia e Melo considera que Ramalho Eanes foi tamb\u00e9m \u201cimportant\u00edssimo\u201d numa fase da democracia \u2014 e que sem Eanes e Soares n\u00e3o teria a democracia que possui hoje.<\/p>\n<p>Em rela\u00e7\u00e3o a <strong>Jorge Sampaio, Cavaco Silva e Marcelo Rebelo de Sousa, o almirante considera que \u201cforam j\u00e1 uma sequ\u00eancia\u201d.<\/strong><\/p>\n<p>\u201cSe calhar por serem uma sequ\u00eancia j\u00e1 n\u00e3o lhes dei tanto benef\u00edcio da d\u00favida. Mas o meu modelo, se tivesse que escolher um, seria M\u00e1rio Soares. Tenho mesmo admira\u00e7\u00e3o pelo doutor M\u00e1rio Soares\u201d, acentuou.<\/p>\n<p>Em contraponto, Henrique Gouveia e Melo <strong>demarca-se totalmente dos primeiros chefes de Estado da democracia portuguesa,<\/strong> Ant\u00f3nio de Sp\u00ednola e Costa Gomes, ambos militares.<\/p>\n<p>\u201cEntraram para a Presid\u00eancia da Rep\u00fablica atrav\u00e9s de um golpe militar, ou em resultado de uma revolu\u00e7\u00e3o militar \u2013 e eu tenho uma diferen\u00e7a absoluta em rela\u00e7\u00e3o isso. O pr\u00f3prio general Ramalho Eanes, quando foi eleito pela primeira vez, era um militar no ativo, chefe do Estado-Maior das For\u00e7as Armadas e estava no Conselho de Revolu\u00e7\u00e3o\u201d, assinala.<\/p>\n<p>A seguir, procurou vincar diferen\u00e7as em rela\u00e7\u00e3o \u00e0 sua situa\u00e7\u00e3o atual como candidato na corrida a Bel\u00e9m.<\/p>\n<p>\u201c<strong>Sou um civil, tenho muito orgulho no meu passado militar e n\u00e3o me envergonho de nada<\/strong>. Pelo contr\u00e1rio, entendo que \u00e9 uma mais-valia. Mas sou um civil com os direitos c\u00edvicos de todo o cidad\u00e3o\u201d, declara.<\/p>\n<p>Gouveia e Melo, neste contexto, diz mesmo que a tese sobre a exist\u00eancia de perigos por ser militar o \u201caborrece\u201d.<\/p>\n<p>\u201c<strong>N\u00e3o estou aqui porque se est\u00e1 a fazer um golpe militar,<\/strong> ou porque os militares de onde eu sa\u00ed disseram vai para l\u00e1 para fazer um golpe militar. Os militares, se calhar, at\u00e9 preferiam que eu ficasse l\u00e1.<strong> Estou aqui como cidad\u00e3o com os mesmos direitos liberdades e garantias<\/strong> e com os mesmos deveres de qualquer outro cidad\u00e3o\u201d, frisa.<\/p>\n<p>Queixa-se, tamb\u00e9m, de perguntas que lhe faziam sistematicamente antes de formalizar a sua candidatura a Bel\u00e9m, quest\u00f5es que, na sua perspetiva, tinham subjacente uma esp\u00e9cie de chantagem.<\/p>\n<p>\u201c<strong>Perguntavam-me: O senhor o que vai fazer no futuro? Vai ser pol\u00edtico? Se dissesse sim teria de sair imediatamente das minhas fun\u00e7\u00f5es<\/strong>. Se dissesse n\u00e3o, queriam que isso ficasse marcado. Isso era uma chantagem que me faziam todos os dia \u2014 e eu comecei a dizer nim\u201d. E explicou porqu\u00ea.<\/p>\n<p>\u201cN\u00e3o me quis submeter a essa chantagem. Ningu\u00e9m tem o direito de limitar a op\u00e7\u00e3o futura de qualquer pessoa, porque isso n\u00e3o \u00e9 um direito exigido na Constitui\u00e7\u00e3o ou na lei portuguesa a qualquer militar\u201d, acrescenta.<\/p>\n<p>Nesta entrevista, Gouveia e Melo relativiza as sondagens, apontando que a verdadeira s\u00f3 ser\u00e1 feita em 18 de janeiro pr\u00f3xim<strong>o. Recusa que a sua candidatura tenha sofrido um desgaste nos \u00faltimos meses<\/strong> e justifica alguma quebra pela circunst\u00e2ncia de haver agora candidatos presidenciais \u201cde todos os partidos, praticamente\u201d.<\/p>\n<p>\u201cO facto de aparecer um candidato para cada faixa partid\u00e1ria obriga a dividir os votos. Naturalmente, baixei nas sondagens mais por esse efeito do que por efeito de desgaste\u201d, defende.<\/p>\n<p>Interrogado se teme ficar apenas com o eleitorado marginal de cada um dos principais partidos, o almirante rejeita essa perspetiva, alegando que \u201c<strong>a lealdade partid\u00e1ria hoje n\u00e3o \u00e9 o que era h\u00e1 20 anos\u201d.<\/strong><\/p>\n<p>\u201cOs partidos n\u00e3o s\u00e3o donos das suas \u00e1reas de incid\u00eancia ideol\u00f3gica\u201d, advoga.<\/p>\n<p>Do ponto vista pol\u00edtico, Henrique Gouveia e Melo afirma colocar-se ao centro e diz que n\u00e3o mudar\u00e1 de estrat\u00e9gia consoante o seu advers\u00e1rio numa eventual segunda volta das presidenciais.<\/p>\n<p>\u201c<strong>N\u00e3o h\u00e1 nenhuma estrat\u00e9gia espec\u00edfica. Eu estou ao centro.<\/strong> Naturalmente, um candidato de direita que v\u00e1 comigo \u00e0 segunda volta vai ter de combater o centro e a esquerda, porque a esquerda n\u00e3o vai votar num candidato de direita. E um candidato de esquerda que v\u00e1 comigo vai ter de combater o centro e a direita. Todas as sondagens mostram que ven\u00e7o na segunda volta, mesmo a pior das sondagens\u201d, real\u00e7a.<\/p>\n<p>    <a href=\"https:\/\/zap.aeiou.pt\/subscrever-newsletter\" data-wpel-link=\"internal\" rel=\"nofollow noopener\" target=\"_blank\">&#13;<br \/>\n        <img loading=\"lazy\" decoding=\"async\" class=\"aligncenter size-full wp-image-575475\" src=\"https:\/\/www.europesays.com\/pt\/wp-content\/uploads\/2025\/10\/1759862234_971_2d51fe4a0ba54894421ead1809309ed9-1-450x140.jpg\" alt=\"Subscreva a Newsletter ZAP\" width=\"450\" height=\"140\"\/>&#13;<br \/>\n    <\/a><\/p>\n<p>                <a href=\"https:\/\/whatsapp.com\/channel\/0029VaIC4EE2f3EJZPPSbR34\" data-wpel-link=\"external\" target=\"_blank\" rel=\"nofollow external noopener noreferrer\" class=\"ext-link\">&#13;<br \/>\n                    <img loading=\"lazy\" decoding=\"async\" class=\"aligncenter size-full wp-image-575475\" src=\"https:\/\/www.europesays.com\/pt\/wp-content\/uploads\/2025\/10\/1759862234_512_c68c559d956d4ca20f435ed74a6e71e6.png\" alt=\"Siga-nos no WhatsApp\" width=\"175\" height=\"64\"\/>&#13;<br \/>\n                <\/a><\/p>\n<p>                <a href=\"https:\/\/news.google.com\/publications\/CAAiEHRwZondIV71PDjWNoqMduEqFAgKIhB0cGaJ3SFe9Tw41jaKjHbh?hl=en-US&amp;gl=US&amp;ceid=US%3Aen\" data-wpel-link=\"external\" target=\"_blank\" rel=\"nofollow external noopener noreferrer\" class=\"ext-link\">&#13;<br \/>\n                    <img loading=\"lazy\" decoding=\"async\" class=\"aligncenter size-full wp-image-575475\" src=\"https:\/\/www.europesays.com\/pt\/wp-content\/uploads\/2025\/10\/1759862235_242_5123dd8b087b644fdb8f8603acd1bad4.png\" alt=\"Siga-nos no Google News\" width=\"176\" height=\"64\"\/>&#13;<br \/>\n                <\/a><\/p>\n","protected":false},"excerpt":{"rendered":"Ant\u00f3nio Cotrim \/ Lusa Candidato a Bel\u00e9m volta a posicionar-se no centro pol\u00edtico. Jorge Sampaio, Cavaco Silva e&hellip;\n","protected":false},"author":2,"featured_media":117992,"comment_status":"","ping_status":"","sticky":false,"template":"","format":"standard","meta":{"footnotes":""},"categories":[10],"tags":[27,28,2258,15,16,9498,14,25,26,21,22,9067,12,13,19,20,52,32,5215,1076,23,24,33,17,18,29,30,31],"class_list":{"0":"post-117991","1":"post","2":"type-post","3":"status-publish","4":"format-standard","5":"has-post-thumbnail","7":"category-portugal","8":"tag-breaking-news","9":"tag-breakingnews","10":"tag-eleicoes","11":"tag-featured-news","12":"tag-featurednews","13":"tag-gouveia-e-melo","14":"tag-headlines","15":"tag-latest-news","16":"tag-latestnews","17":"tag-main-news","18":"tag-mainnews","19":"tag-mario-soares","20":"tag-news","21":"tag-noticias","22":"tag-noticias-principais","23":"tag-noticiasprincipais","24":"tag-politica","25":"tag-portugal","26":"tag-presidenciais","27":"tag-presidenciais-2026","28":"tag-principais-noticias","29":"tag-principaisnoticias","30":"tag-pt","31":"tag-top-stories","32":"tag-topstories","33":"tag-ultimas","34":"tag-ultimas-noticias","35":"tag-ultimasnoticias"},"share_on_mastodon":{"url":"","error":""},"_links":{"self":[{"href":"https:\/\/www.europesays.com\/pt\/wp-json\/wp\/v2\/posts\/117991","targetHints":{"allow":["GET"]}}],"collection":[{"href":"https:\/\/www.europesays.com\/pt\/wp-json\/wp\/v2\/posts"}],"about":[{"href":"https:\/\/www.europesays.com\/pt\/wp-json\/wp\/v2\/types\/post"}],"author":[{"embeddable":true,"href":"https:\/\/www.europesays.com\/pt\/wp-json\/wp\/v2\/users\/2"}],"replies":[{"embeddable":true,"href":"https:\/\/www.europesays.com\/pt\/wp-json\/wp\/v2\/comments?post=117991"}],"version-history":[{"count":0,"href":"https:\/\/www.europesays.com\/pt\/wp-json\/wp\/v2\/posts\/117991\/revisions"}],"wp:featuredmedia":[{"embeddable":true,"href":"https:\/\/www.europesays.com\/pt\/wp-json\/wp\/v2\/media\/117992"}],"wp:attachment":[{"href":"https:\/\/www.europesays.com\/pt\/wp-json\/wp\/v2\/media?parent=117991"}],"wp:term":[{"taxonomy":"category","embeddable":true,"href":"https:\/\/www.europesays.com\/pt\/wp-json\/wp\/v2\/categories?post=117991"},{"taxonomy":"post_tag","embeddable":true,"href":"https:\/\/www.europesays.com\/pt\/wp-json\/wp\/v2\/tags?post=117991"}],"curies":[{"name":"wp","href":"https:\/\/api.w.org\/{rel}","templated":true}]}}