{"id":117997,"date":"2025-10-19T23:29:19","date_gmt":"2025-10-19T23:29:19","guid":{"rendered":"https:\/\/www.europesays.com\/pt\/117997\/"},"modified":"2025-10-19T23:29:19","modified_gmt":"2025-10-19T23:29:19","slug":"sessao-da-tarde-veja-os-filmes-da-semana-na-globo-20-a-24-de-outubro-de-2025","status":"publish","type":"post","link":"https:\/\/www.europesays.com\/pt\/117997\/","title":{"rendered":"Sess\u00e3o da Tarde: veja os filmes da semana na Globo (20 a 24 de outubro de 2025)"},"content":{"rendered":"<p>                        <img width=\"944\" height=\"531\" src=\"https:\/\/www.europesays.com\/pt\/wp-content\/uploads\/2025\/10\/Sessao-da-Tarde_-veja-os-filmes-da-semana-na-Globo-20-a-24-de-outubro-de-2025-944x531.jpg\" class=\"attachment-custom-large size-custom-large article-featured-image\" alt=\"Sess\u00e3o da Tarde_ veja os filmes da semana na Globo (20 a 24 de outubro de 2025)\" fetchpriority=\"high\" decoding=\"async\"  \/><\/p>\n<p>\u201cJumanji\u201d fecha a semana com aventura na Sess\u00e3o da Tarde (Foto: Divulga\u00e7\u00e3o)<\/p>\n<p>A <strong>Sess\u00e3o da Tarde<\/strong> desta semana aposta em nostalgia, romance, bons risos e aventuras para toda a fam\u00edlia. Tem cl\u00e1ssico com Robin Williams, com\u00e9dia rom\u00e2ntica com Will Smith e hist\u00f3rias emocionantes envolvendo animais. Confira o que vem por a\u00ed nas tardes da Globo entre <strong>20 e 24 de outubro de 2025<\/strong>.<\/p>\n<p>Continua depois da publicidade<\/p>\n<p>Confira abaixo os destaques da Sess\u00e3o da Tarde entre os dias\u00a020 e 24 de outubro de 20251<\/p>\n<p>VoltarAvan\u00e7ar<\/p>\n<p><img loading=\"lazy\" decoding=\"async\" width=\"1200\" height=\"675\" data-id=\"7694639\" src=\"https:\/\/www.europesays.com\/pt\/wp-content\/uploads\/2025\/10\/Sessao-da-Tarde-\u2013-Hitch_-Conselheiro-Amoroso.jpg\" alt=\"Sess\u00e3o da Tarde \u2013 Hitch_ Conselheiro Amoroso\" class=\"wp-image-7694639\"  \/><\/p>\n<p>Sess\u00e3o da Tarde \u2013 Hitch_ Conselheiro Amoroso (Foto: Reprodu\u00e7\u00e3o)<\/p>\n<p><img loading=\"lazy\" decoding=\"async\" width=\"1200\" height=\"675\" data-id=\"7694637\" src=\"https:\/\/www.europesays.com\/pt\/wp-content\/uploads\/2025\/10\/Sessao-da-Tarde-\u2013-Doze-e-Demais.jpg\" alt=\"Sess\u00e3o da Tarde \u2013 Doze \u00e9 Demais\" class=\"wp-image-7694637\"  \/><\/p>\n<p>Sess\u00e3o da Tarde \u2013 Doze \u00e9 Demais (Foto: Reprodu\u00e7\u00e3o)<\/p>\n<p><img loading=\"lazy\" decoding=\"async\" width=\"1200\" height=\"675\" data-id=\"7694642\" src=\"https:\/\/www.europesays.com\/pt\/wp-content\/uploads\/2025\/10\/Sessao-da-Tarde-\u2013-Um-Milagre-Inesperado.jpg\" alt=\"Sess\u00e3o da Tarde \u2013 Um Milagre Inesperado\" class=\"wp-image-7694642\"  \/><\/p>\n<p>Sess\u00e3o da Tarde \u2013 Um Milagre Inesperado (Foto: Reprodu\u00e7\u00e3o)<\/p>\n<p><img loading=\"lazy\" decoding=\"async\" width=\"1200\" height=\"675\" data-id=\"7694641\" src=\"https:\/\/www.europesays.com\/pt\/wp-content\/uploads\/2025\/10\/Sessao-da-Tarde-\u2013-Nossa-Vida-com-Caes.jpg\" alt=\"Sess\u00e3o da Tarde \u2013 Nossa Vida com C\u00e3es\" class=\"wp-image-7694641\"  \/><\/p>\n<p>Sess\u00e3o da Tarde \u2013 Nossa Vida com C\u00e3es (Foto: Reprodu\u00e7\u00e3o)<\/p>\n<p><img loading=\"lazy\" decoding=\"async\" width=\"1200\" height=\"675\" data-id=\"7694640\" src=\"https:\/\/www.europesays.com\/pt\/wp-content\/uploads\/2025\/10\/Sessao-da-Tarde-\u2013-Jumanji.jpg\" alt=\"Sess\u00e3o da Tarde \u2013 Jumanji\" class=\"wp-image-7694640\"  \/><\/p>\n<p>Sess\u00e3o da Tarde \u2013 Jumanji (Foto: Reprodu\u00e7\u00e3o)<\/p>\n<p>Segunda-feira \u2013 20\/10Sess\u00e3o da Tarde \u2013 Hitch: Conselheiro Amoroso<\/p>\n<p><strong>G\u00eanero:<\/strong> Com\u00e9dia Rom\u00e2ntica<br \/><strong>Ano:<\/strong> 2005 | \ud83c\uddfa\ud83c\uddf8 EUA<br \/><strong>Sinopse:<\/strong> Hitch \u00e9 especialista em dar conselhos amorosos e ajudar homens a conquistarem a mulher dos sonhos. Tudo muda quando ele pr\u00f3prio se apaixona e descobre que o amor n\u00e3o segue f\u00f3rmulas prontas.<\/p>\n<p>Ter\u00e7a-feira \u2013 21\/10Sess\u00e3o da Tarde \u2013 Doze \u00e9 Demais<\/p>\n<p><strong>G\u00eanero:<\/strong> Com\u00e9dia, Fam\u00edlia<br \/><strong>Ano:<\/strong> 2022 | \ud83c\uddfa\ud83c\uddf8 EUA<br \/><strong>Sinopse:<\/strong> A hist\u00f3ria divertida e ca\u00f3tica da fam\u00edlia Baker, com 10 filhos sob o mesmo teto depois que um casal de pais solos decide unir suas vidas.<\/p>\n<p>Quarta-feira \u2013 22\/10Sess\u00e3o da Tarde \u2013 Um Milagre Inesperado<\/p>\n<p><strong>G\u00eanero:<\/strong> Drama<br \/><strong>Ano:<\/strong> 2020 | \ud83c\udde6\ud83c\uddfa Austr\u00e1lia \/ \ud83c\uddfa\ud83c\uddf8 EUA<br \/><strong>Sinopse:<\/strong> Ap\u00f3s um acidente que transforma sua vida, Sam luta para encontrar for\u00e7as at\u00e9 que a chegada inesperada de um pequeno p\u00e1ssaro muda sua forma de ver o mundo.<\/p>\n<p>Continua depois da publicidade<\/p>\n<p>Quinta-feira \u2013 23\/10Sess\u00e3o da Tarde \u2013 Nossa Vida com C\u00e3es<\/p>\n<p><strong>G\u00eanero:<\/strong> Com\u00e9dia, Romance<br \/><strong>Ano:<\/strong> 2018 | \ud83c\uddfa\ud83c\uddf8 EUA<br \/><strong>Sinopse:<\/strong> Em Los Angeles, diferentes pessoas t\u00eam suas vidas transformadas gra\u00e7as a seus c\u00e3es, que aproximam destinos, abrem caminhos e despertam novas conex\u00f5es humanas.<\/p>\n<p>Sexta-feira \u2013 24\/10Sess\u00e3o da Tarde \u2013 Jumanji<\/p>\n<p><strong>G\u00eanero:<\/strong> Aventura, Fantasia<br \/><strong>Ano:<\/strong> 1995 | \ud83c\uddfa\ud83c\uddf8 EUA<br \/><strong>Sinopse:<\/strong> Ao descobrirem um misterioso jogo de tabuleiro, dois irm\u00e3os libertam Alan Parrish, preso no jogo h\u00e1 d\u00e9cadas. Agora, eles precisam terminar a partida para sobreviver \u00e0s armadilhas m\u00e1gicas que tomaram vida.<\/p>\n<p>\u26a0\ufe0f <strong>Dica:<\/strong> a programa\u00e7\u00e3o pode sofrer altera\u00e7\u00f5es sem aviso pr\u00e9vio. Consulte sempre a grade oficial da Globo ou seu guia de TV local para confirmar o filme do dia.<\/p>\n<p>Continua depois da publicidade<\/p>\n<p>Leia tamb\u00e9m<\/p>\n<p><a href=\"https:\/\/www.nsctotal.com.br\/noticias\/eta-mundo-melhor-resumo-capitulo-segunda-feira-20-10-2025\" target=\"_blank\" rel=\"noreferrer noopener nofollow\"><strong>\u00cata Mundo Melhor: T\u00falio perto do passado de Estela no resumo do cap\u00edtulo de segunda (20)<\/strong><\/a><\/p>\n<p><a href=\"https:\/\/www.nsctotal.com.br\/noticias\/resumo-de-dona-de-mim-um-novo-amor-para-davi-no-capitulo-de-segunda-20\" target=\"_blank\" rel=\"noreferrer noopener nofollow\"><strong>Resumo de Dona de Mim: um novo amor para Davi no cap\u00edtulo de segunda (20)<\/strong><\/a><\/p>\n<p><strong><a href=\"https:\/\/www.nsctotal.com.br\/noticias\/o-que-acontece-no-primeiro-capitulo-de-tres-gracas-a-nova-novela-das-nove\" target=\"_blank\" rel=\"noreferrer noopener nofollow\">O que acontece no primeiro cap\u00edtulo de Tr\u00eas Gra\u00e7as, a nova novela das nove<\/a><\/strong><\/p>\n","protected":false},"excerpt":{"rendered":"\u201cJumanji\u201d fecha a semana com aventura na Sess\u00e3o da Tarde (Foto: Divulga\u00e7\u00e3o) A Sess\u00e3o da Tarde desta semana&hellip;\n","protected":false},"author":2,"featured_media":117998,"comment_status":"","ping_status":"","sticky":false,"template":"","format":"standard","meta":{"footnotes":""},"categories":[142],"tags":[27556,114,115,32,33,151,543],"class_list":{"0":"post-117997","1":"post","2":"type-post","3":"status-publish","4":"format-standard","5":"has-post-thumbnail","7":"category-tv","8":"tag-conteudo-ia","9":"tag-entertainment","10":"tag-entretenimento","11":"tag-portugal","12":"tag-pt","13":"tag-tv","14":"tag-ver-ouvir-ler"},"share_on_mastodon":{"url":"","error":""},"_links":{"self":[{"href":"https:\/\/www.europesays.com\/pt\/wp-json\/wp\/v2\/posts\/117997","targetHints":{"allow":["GET"]}}],"collection":[{"href":"https:\/\/www.europesays.com\/pt\/wp-json\/wp\/v2\/posts"}],"about":[{"href":"https:\/\/www.europesays.com\/pt\/wp-json\/wp\/v2\/types\/post"}],"author":[{"embeddable":true,"href":"https:\/\/www.europesays.com\/pt\/wp-json\/wp\/v2\/users\/2"}],"replies":[{"embeddable":true,"href":"https:\/\/www.europesays.com\/pt\/wp-json\/wp\/v2\/comments?post=117997"}],"version-history":[{"count":0,"href":"https:\/\/www.europesays.com\/pt\/wp-json\/wp\/v2\/posts\/117997\/revisions"}],"wp:featuredmedia":[{"embeddable":true,"href":"https:\/\/www.europesays.com\/pt\/wp-json\/wp\/v2\/media\/117998"}],"wp:attachment":[{"href":"https:\/\/www.europesays.com\/pt\/wp-json\/wp\/v2\/media?parent=117997"}],"wp:term":[{"taxonomy":"category","embeddable":true,"href":"https:\/\/www.europesays.com\/pt\/wp-json\/wp\/v2\/categories?post=117997"},{"taxonomy":"post_tag","embeddable":true,"href":"https:\/\/www.europesays.com\/pt\/wp-json\/wp\/v2\/tags?post=117997"}],"curies":[{"name":"wp","href":"https:\/\/api.w.org\/{rel}","templated":true}]}}