{"id":117999,"date":"2025-10-19T23:32:07","date_gmt":"2025-10-19T23:32:07","guid":{"rendered":"https:\/\/www.europesays.com\/pt\/117999\/"},"modified":"2025-10-19T23:32:07","modified_gmt":"2025-10-19T23:32:07","slug":"por-favor-continuem-com-a-narrativa-de-que-vou-ser-despedido-ate-ao-natal","status":"publish","type":"post","link":"https:\/\/www.europesays.com\/pt\/117999\/","title":{"rendered":"\u00abPor favor, continuem com a narrativa de que vou ser despedido at\u00e9 ao Natal\u00bb"},"content":{"rendered":"<p style=\"margin-bottom:11px\">No rescaldo ao\u00a0<a href=\"https:\/\/maisfutebol.iol.pt\/jogo\/aominuto\/liverpool\/manchester-united\/13825508\" rel=\"nofollow noopener\" target=\"_blank\">triunfo em Anfield, ante o Liverpool\u00a0<\/a>(2-1), Ruben Amorim falou aos jornalistas em confer\u00eancia de imprensa, rebatendo a \u00abnarrativa\u00bb de que estaria de sa\u00edda do Manchester United.<\/p>\n<p>\u00abOs adeptos n\u00e3o pararam de cantar. N\u00e3o \u00e9 normal, ou \u00e9 dif\u00edcil encontrar algo assim. Tantos maus momentos e os adeptos continuam a apoiar o treinador, quando a imprensa continua a dizer que eu vou ser despedido at\u00e9 ao Natal. Estamos focados no pr\u00f3ximo jogo.\u00bb<\/p>\n<p>\u00abPor favor, continuem com essa narrativa, \u00e9 o melhor para mim. N\u00e3o vou aumentar o nosso objetivo, podem continuar com a vossa narrativa. Agora estamos focados em vencer o terceiro jogo de forma consecutiva. Precisamos de voltar \u00e0s competi\u00e7\u00f5es europeias. Mas este resultado n\u00e3o mudou nada. Somos a mesma equipa, mas a perspetiva exterior talvez tenha mudado\u00bb, atirou.<\/p>\n<p>Na an\u00e1lise ao d\u00e9rbi, o treinador portugu\u00eas admitiu que o resultado n\u00e3o significa que a exibi\u00e7\u00e3o tenha sido de alto gabarito.<\/p>\n<p>\u00abCome\u00e7\u00e1mos muito bem, com o esp\u00edrito correto, mas n\u00e3o estivemos bem em posse. Cri\u00e1mos e concedemos oportunidades. Ainda assim, gerimos bem o momento em que sofremos o golo do empate. Foi uma \u00f3tima vit\u00f3ria, mas n\u00e3o um jogo muito bom. O esp\u00edrito foi bom.\u00bb<\/p>\n<p>\u00abN\u00e3o tenho muitas vit\u00f3rias, portanto este resultado \u00e9 importante. E foi em Anfield. N\u00e3o perdemos o foco e a vit\u00f3ria esteve tamb\u00e9m nesses pormenores, dos quais falo h\u00e1 meses. Vamos repetir este esp\u00edrito na pr\u00f3xima semana. Este resultado foi tamb\u00e9m importante para os nossos adeptos, porque viram uma equipa diferente, na casa do campe\u00e3o em t\u00edtulo, o maior rival. Se mostrarmos este esp\u00edrito todos dias \u2013 at\u00e9 nos treinos \u2013 vamos ganhar muitos mais jogos.\u00bb<\/p>\n<p>\u00abDevemos agir por instinto, sobretudo nos maus momentos. E \u00e9 o que fa\u00e7o, \u00e9 o mais importante num treinador. Por vezes, um jogador atravessa uma boa fase, mas o contexto do jogo n\u00e3o pede o seu perfil. Quando perco pontos sou o respons\u00e1vel\u00bb, prosseguiu.<\/p>\n<p>Questionado sobre o defesa Harry Maguire e o guarda-redes Senne Lammens, Amorim desdobrou-se em elogios.<\/p>\n<p>\u00abNeste clube h\u00e1 muita press\u00e3o, n\u00e3o \u00e9 f\u00e1cil. Todos t\u00eam a oportunidade de jogar pelo Man United. Alguns saem e a vida segue. O Maguire \u00e9 importante para n\u00f3s e hoje foi decisivo. Por tudo o que passou, serve de exemplo. [Senne Lammens] Mostrou muita qualidade, ganh\u00e1mos tamb\u00e9m gra\u00e7as a ele.\u00bb<\/p>\n<p>Este\u00a0<a href=\"https:\/\/maisfutebol.iol.pt\/resultadoseclassificacoes\/107\/Inglaterra\/Premier-League\" rel=\"nofollow noopener\" target=\"_blank\">desfecho catapultou o Man United para o nono lugar, com 13 pontos<\/a>\u00a0\u2013 igualado com o Crystal Palace (8.\u00ba) \u2013 a dois pontos do Liverpool (3.\u00ba).\u00a0No calend\u00e1rio de Ruben Amorim segue-se a rece\u00e7\u00e3o ao Brighton (10.\u00ba), no s\u00e1bado (17h30).<\/p>\n","protected":false},"excerpt":{"rendered":"No rescaldo ao\u00a0triunfo em Anfield, ante o Liverpool\u00a0(2-1), Ruben Amorim falou aos jornalistas em confer\u00eancia de imprensa, rebatendo&hellip;\n","protected":false},"author":2,"featured_media":118000,"comment_status":"","ping_status":"","sticky":false,"template":"","format":"standard","meta":{"footnotes":""},"categories":[87],"tags":[10818,135,665,82,436,46,663,32,33,47,1052,134],"class_list":{"0":"post-117999","1":"post","2":"type-post","3":"status-publish","4":"format-standard","5":"has-post-thumbnail","7":"category-desporto","8":"tag-amorim","9":"tag-desporto","10":"tag-inglaterra","11":"tag-internacional","12":"tag-made-in","13":"tag-maisfutebol","14":"tag-manchester-united","15":"tag-portugal","16":"tag-pt","17":"tag-pura-paixao","18":"tag-ruben-amorim","19":"tag-sports"},"share_on_mastodon":{"url":"","error":""},"_links":{"self":[{"href":"https:\/\/www.europesays.com\/pt\/wp-json\/wp\/v2\/posts\/117999","targetHints":{"allow":["GET"]}}],"collection":[{"href":"https:\/\/www.europesays.com\/pt\/wp-json\/wp\/v2\/posts"}],"about":[{"href":"https:\/\/www.europesays.com\/pt\/wp-json\/wp\/v2\/types\/post"}],"author":[{"embeddable":true,"href":"https:\/\/www.europesays.com\/pt\/wp-json\/wp\/v2\/users\/2"}],"replies":[{"embeddable":true,"href":"https:\/\/www.europesays.com\/pt\/wp-json\/wp\/v2\/comments?post=117999"}],"version-history":[{"count":0,"href":"https:\/\/www.europesays.com\/pt\/wp-json\/wp\/v2\/posts\/117999\/revisions"}],"wp:featuredmedia":[{"embeddable":true,"href":"https:\/\/www.europesays.com\/pt\/wp-json\/wp\/v2\/media\/118000"}],"wp:attachment":[{"href":"https:\/\/www.europesays.com\/pt\/wp-json\/wp\/v2\/media?parent=117999"}],"wp:term":[{"taxonomy":"category","embeddable":true,"href":"https:\/\/www.europesays.com\/pt\/wp-json\/wp\/v2\/categories?post=117999"},{"taxonomy":"post_tag","embeddable":true,"href":"https:\/\/www.europesays.com\/pt\/wp-json\/wp\/v2\/tags?post=117999"}],"curies":[{"name":"wp","href":"https:\/\/api.w.org\/{rel}","templated":true}]}}