{"id":118011,"date":"2025-10-19T23:39:23","date_gmt":"2025-10-19T23:39:23","guid":{"rendered":"https:\/\/www.europesays.com\/pt\/118011\/"},"modified":"2025-10-19T23:39:23","modified_gmt":"2025-10-19T23:39:23","slug":"andre-ventura-diz-que-segurou-mitha-e-ele-nem-lhe-ligou-observador","status":"publish","type":"post","link":"https:\/\/www.europesays.com\/pt\/118011\/","title":{"rendered":"Andr\u00e9 Ventura diz que segurou Mith\u00e1 e ele nem lhe ligou \u2013 Observador"},"content":{"rendered":"<p>Depois de Gabriel Mith\u00e1 Ribeiro ter batido com a porta do Chega e ter, num <a href=\"https:\/\/observador.pt\/opiniao\/andre-ventura-os-7-pecados-mortais-do-predador-narcisico\/\" rel=\"nofollow noopener\" target=\"_blank\">artigo de opini\u00e3o<\/a> no Observador, <a href=\"https:\/\/observador.pt\/2025\/10\/17\/mitha-ribeiro-assume-saida-apos-ausencia-no-governo-sombra-e-acusa-ventura-de-ser-um-predador-narcisico-com-demonio-vingativo\/\" rel=\"nofollow noopener\" target=\"_blank\">acusado o l\u00edder do Chega<\/a> de ser um \u201cpredador narc\u00edsico\u201d que \u201cabusa de poder\u201d e o partido de ser \u201ccada vez mais\u00a0disfuncional no sentido patol\u00f3gico do termo\u201d, Andr\u00e9 Ventura reagiu, numa primeira abordagem ao tema, acusando o ex-deputado de querer tachos.<\/p>\n<p>\u201cA pol\u00edtica n\u00e3o pode ser uma luta por tachos, nem por lugares, tem que ser uma luta para exercer um servi\u00e7o em prol da causa p\u00fablica e um servi\u00e7o pelas pessoas\u201d, <a href=\"https:\/\/observador.pt\/2025\/10\/17\/ventura-rejeita-comentar-criticas-de-mitha-ribeiro-mas-atira-politica-nao-pode-ser-uma-luta-por-tachos\/\" rel=\"nofollow noopener\" target=\"_blank\">tinha dito na sexta-feira.\u00a0<\/a><\/p>\n<blockquote class=\"wp-embedded-content\" data-secret=\"Dvqt91BjKr\">\n<p><a href=\"https:\/\/observador.pt\/2025\/10\/17\/mitha-ribeiro-assume-saida-apos-ausencia-no-governo-sombra-e-acusa-ventura-de-ser-um-predador-narcisico-com-demonio-vingativo\/\" rel=\"nofollow noopener\" target=\"_blank\">Mith\u00e1 Ribeiro assume sa\u00edda ap\u00f3s aus\u00eancia no governo-sombra e acusa Ventura de ser um \u201cpredador narc\u00edsico\u201d com \u201cdem\u00f3nio vingativo\u201d<\/a><\/p>\n<\/blockquote>\n<p>\u00c9 que Mith\u00e1 Ribeiro bateu com a porta depois de n\u00e3o ter sido escolha para o Governo sombra do Chega.<\/p>\n<p>Neste domingo, Andr\u00e9 Ventura foi um pouco mais longe nas cr\u00edticas ao seu ex-deputado, que, disse, nem lhe ligou a dizer as causas da sa\u00edda. Na sua conta do Instagram, o l\u00edder do Chega assumiu tristeza, ainda para mais, indicou, porque Ventura defendeu a perman\u00eancia de Mith\u00e1 Ribeiro nas listas do Chega. \u201cFui eu que o segurei\u201d.<\/p>\n<p>\u201cEntristece-me muito. N\u00e3o devemos estar assim na pol\u00edtica. Neste caso talvez me pese um bocadinho mais porque\u00a0<strong>fui eu que segurei o professor Gabriel Mith\u00e1 Ribeiro<\/strong>, quando muitas das estruturas, inclusive a sua estrutura distrital, n\u00e3o queriam renovar como mandato de deputado, n\u00e3o o queriam manter na AR, a n\u00edvel nacional muitos dirigentes tamb\u00e9m n\u00e3o. Eu fiz esta aposta nele, inclusivamente indiquei-o para a mesa da Assembleia da Rep\u00fablica. Ele foi representante na mesa do Chega\u201d.<\/p>\n<p>E, diz ainda o l\u00edder do Chega, Mith\u00e1 Ribeiro sai, sem lhe ter ligado. \u201cN\u00e3o faz sentido nenhum, entristece e magoa por sentirmos um tal volte-face na forma de pensar e uma quebra de confian\u00e7a. <strong>Nem sequer uma chamada<\/strong>, a dizer vou sair por isto, isto, isto. \u00c9 uma forma de estar na pol\u00edtica que n\u00e3o interessa a ningu\u00e9m, n\u00e3o interessa ao chega\u201d, mas \u201cn\u00e3o me desfoca do objetivo\u201d.<\/p>\n<p>Come\u00e7a o v\u00eddeo a dizer que \u201cn\u00e3o quero perder muito tempo com isto\u201d, mas \u201cfico triste e que me deixa triste, \u00e9 uma tristeza pesada que sinto por algu\u00e9m sair e dizer mal de todos. Dizer que eu sou um dem\u00f3nio, um narcisista, etc. s\u00f3 porque n\u00e3o teve lugar num governo sombra. Se eu o tivesse nomeado para o governo sombra eu j\u00e1 n\u00e3o era um dem\u00f3nio nem um narcisista nem o Chega era um partido ca\u00f3tico. A\u00ed j\u00e1 podia ser ministro sombra do Chega\u201d.<\/p>\n<p>Andr\u00e9 Ventura continua a mensagem voltando \u00e0 acusa\u00e7\u00e3o de que Mith\u00e1 Ribeiro estava \u00e0 espera de tachos: \u201c\u00c9 isto que d\u00e1 \u00e0s pessoas a ideia de que muitos pol\u00edticos s\u00f3 est\u00e3o aqui por lugares, tachos e quando n\u00e3o t\u00eam v\u00e3o-se embora e dizem mal de todos, inclusive dos que trabalharam com eles, e que andaram \u00e0 volta deles em campanha a puxar por eles e pelo partido\u201d.<\/p>\n<p>\u201cIsto s\u00e3o obst\u00e1culos, que n\u00e3o v\u00e3o mudar em nada a minha forma de fazer pol\u00edtica\u201d.<\/p>\n","protected":false},"excerpt":{"rendered":"Depois de Gabriel Mith\u00e1 Ribeiro ter batido com a porta do Chega e ter, num artigo de opini\u00e3o&hellip;\n","protected":false},"author":2,"featured_media":118012,"comment_status":"","ping_status":"","sticky":false,"template":"","format":"standard","meta":{"footnotes":""},"categories":[8],"tags":[3368,27,28,15,16,14,25,26,21,22,12,13,19,20,3369,302,32,23,24,33,17,18,29,30,31],"class_list":{"0":"post-118011","1":"post","2":"type-post","3":"status-publish","4":"format-standard","5":"has-post-thumbnail","7":"category-principais-noticias","8":"tag-andru00e9-ventura","9":"tag-breaking-news","10":"tag-breakingnews","11":"tag-featured-news","12":"tag-featurednews","13":"tag-headlines","14":"tag-latest-news","15":"tag-latestnews","16":"tag-main-news","17":"tag-mainnews","18":"tag-news","19":"tag-noticias","20":"tag-noticias-principais","21":"tag-noticiasprincipais","22":"tag-partido-chega","23":"tag-polu00edtica","24":"tag-portugal","25":"tag-principais-noticias","26":"tag-principaisnoticias","27":"tag-pt","28":"tag-top-stories","29":"tag-topstories","30":"tag-ultimas","31":"tag-ultimas-noticias","32":"tag-ultimasnoticias"},"share_on_mastodon":{"url":"","error":""},"_links":{"self":[{"href":"https:\/\/www.europesays.com\/pt\/wp-json\/wp\/v2\/posts\/118011","targetHints":{"allow":["GET"]}}],"collection":[{"href":"https:\/\/www.europesays.com\/pt\/wp-json\/wp\/v2\/posts"}],"about":[{"href":"https:\/\/www.europesays.com\/pt\/wp-json\/wp\/v2\/types\/post"}],"author":[{"embeddable":true,"href":"https:\/\/www.europesays.com\/pt\/wp-json\/wp\/v2\/users\/2"}],"replies":[{"embeddable":true,"href":"https:\/\/www.europesays.com\/pt\/wp-json\/wp\/v2\/comments?post=118011"}],"version-history":[{"count":0,"href":"https:\/\/www.europesays.com\/pt\/wp-json\/wp\/v2\/posts\/118011\/revisions"}],"wp:featuredmedia":[{"embeddable":true,"href":"https:\/\/www.europesays.com\/pt\/wp-json\/wp\/v2\/media\/118012"}],"wp:attachment":[{"href":"https:\/\/www.europesays.com\/pt\/wp-json\/wp\/v2\/media?parent=118011"}],"wp:term":[{"taxonomy":"category","embeddable":true,"href":"https:\/\/www.europesays.com\/pt\/wp-json\/wp\/v2\/categories?post=118011"},{"taxonomy":"post_tag","embeddable":true,"href":"https:\/\/www.europesays.com\/pt\/wp-json\/wp\/v2\/tags?post=118011"}],"curies":[{"name":"wp","href":"https:\/\/api.w.org\/{rel}","templated":true}]}}