{"id":118021,"date":"2025-10-19T23:48:17","date_gmt":"2025-10-19T23:48:17","guid":{"rendered":"https:\/\/www.europesays.com\/pt\/118021\/"},"modified":"2025-10-19T23:48:17","modified_gmt":"2025-10-19T23:48:17","slug":"nao-tenhas-medo-condena-presenca-de-antonio-capelo-em-nova-novela-da-tvi","status":"publish","type":"post","link":"https:\/\/www.europesays.com\/pt\/118021\/","title":{"rendered":"&#8220;N\u00e3o Tenhas Medo&#8221; condena presen\u00e7a de Ant\u00f3nio Capelo em nova novela da TVI"},"content":{"rendered":"<p>O movimento &#8220;N\u00e3o Tenhas Medo&#8221; expressou &#8220;profundo rep\u00fadio&#8221; pela passagem de cenas do ator Ant\u00f3nio Capelo na telenovela &#8220;Terra Forte&#8221;, que estreia esta segunda-feira, sem qualquer advert\u00eancia aos espectadores.<\/p>\n<p data-remotead-prev-elm=\"true\" data-remotead-elm-id=\"inread\">Em comunicado, divulgado este domingo \u00e0 noite, o movimento lamenta que a esta\u00e7\u00e3o &#8220;ignore as den\u00fancias p\u00fablicas de alegados abusos de poder e ass\u00e9dio sexual, incluindo situa\u00e7\u00f5es reportadas por alunos e menores de idade&#8221;.<\/p>\n<p>&#8220;Entendemos que a produ\u00e7\u00e3o televisiva deve pautar-se por valores \u00e9ticos, de responsabilidade social e de respeito \u00e0 dignidade humana. Entendemos que a escolha tenha sido feita enquanto ainda n\u00e3o havia conhecimento do assunto, mas manter a visibilidade de algu\u00e9m acusado de comportamentos t\u00e3o graves para posi\u00e7\u00e3o de destaque no hor\u00e1rio nobre n\u00e3o \u00e9 apenas um ato de insensibilidade, mas tamb\u00e9m uma mensagem de sil\u00eancio e descr\u00e9dito \u00e0s v\u00edtimas&#8221;, pode ler-se.<\/p>\n<p data-remotead-prev-elm=\"true\" data-remotead-elm-id=\"centro1\">O movimento acrescenta ainda: &#8220;Reafirmamos a nossa solidariedade a todas as pessoas que tiveram a coragem de denunciar e apelamos \u00e0s entidades respons\u00e1veis que revejam esta decis\u00e3o, tendo em conta o papel da arte e da cultura na perpetua\u00e7\u00e3o ou legitima\u00e7\u00e3o da impunidade.&#8221;<\/p>\n<p>Personagem morre e ator j\u00e1 n\u00e3o grava<\/p>\n<p>Perante as cr\u00edticas, uma fonte ligada \u00e0 produ\u00e7\u00e3o explicou que Ant\u00f3nio Capelo n\u00e3o foi afastado da novela, uma vez que a sua participa\u00e7\u00e3o &#8220;sempre esteve definida como especial&#8221;. A personagem que interpreta, Manuel Terra Forte &#8211; pai de Flor (Benedita Pereira) e marido de Rosa Maria (Cust\u00f3dia Gallego) -, morre na primeira parte da hist\u00f3ria, pelo que o ator j\u00e1 concluiu todas as grava\u00e7\u00f5es.<\/p>\n<p data-remotead-prev-elm=\"true\" data-remotead-elm-id=\"centro2\">Ant\u00f3nio Capelo, de 69 anos, est\u00e1 a ser acusado de ass\u00e9dio sexual e moral por antigos alunos da Academia Contempor\u00e2nea do Espet\u00e1culo, no Porto, onde foi professor e diretor art\u00edstico. Uma das alegadas v\u00edtimas contou \u00e0 SIC ter sido alvo de comportamentos inapropriados quando tinha 16 anos.<\/p>\n<p>O ator nega as acusa\u00e7\u00f5es, que est\u00e3o a ser investigadas pelas autoridades competentes.<\/p>\n<p data-remotead-prev-elm=\"true\" data-remotead-elm-id=\"centro3\">O Movimento &#8220;N\u00e3o Tenhas Medo&#8221;, fundado por v\u00edtimas e sobreviventes de abuso, tem assumido um papel ativo na den\u00fancia de casos semelhantes no meio art\u00edstico e educativo. No comunicado, sublinha que &#8220;a responsabilidade social da comunica\u00e7\u00e3o e da cultura deve prevalecer sobre qualquer l\u00f3gica de espet\u00e1culo&#8221;.<\/p>\n","protected":false},"excerpt":{"rendered":"O movimento &#8220;N\u00e3o Tenhas Medo&#8221; expressou &#8220;profundo rep\u00fadio&#8221; pela passagem de cenas do ator Ant\u00f3nio Capelo na telenovela&hellip;\n","protected":false},"author":2,"featured_media":118022,"comment_status":"","ping_status":"","sticky":false,"template":"","format":"standard","meta":{"footnotes":""},"categories":[85],"tags":[11347,27279,114,115,2931,32,33,162],"class_list":{"0":"post-118021","1":"post","2":"type-post","3":"status-publish","4":"format-standard","5":"has-post-thumbnail","7":"category-entretenimento","8":"tag-acusacao","9":"tag-antonio-capelo","10":"tag-entertainment","11":"tag-entretenimento","12":"tag-novela","13":"tag-portugal","14":"tag-pt","15":"tag-tvi"},"share_on_mastodon":{"url":"","error":""},"_links":{"self":[{"href":"https:\/\/www.europesays.com\/pt\/wp-json\/wp\/v2\/posts\/118021","targetHints":{"allow":["GET"]}}],"collection":[{"href":"https:\/\/www.europesays.com\/pt\/wp-json\/wp\/v2\/posts"}],"about":[{"href":"https:\/\/www.europesays.com\/pt\/wp-json\/wp\/v2\/types\/post"}],"author":[{"embeddable":true,"href":"https:\/\/www.europesays.com\/pt\/wp-json\/wp\/v2\/users\/2"}],"replies":[{"embeddable":true,"href":"https:\/\/www.europesays.com\/pt\/wp-json\/wp\/v2\/comments?post=118021"}],"version-history":[{"count":0,"href":"https:\/\/www.europesays.com\/pt\/wp-json\/wp\/v2\/posts\/118021\/revisions"}],"wp:featuredmedia":[{"embeddable":true,"href":"https:\/\/www.europesays.com\/pt\/wp-json\/wp\/v2\/media\/118022"}],"wp:attachment":[{"href":"https:\/\/www.europesays.com\/pt\/wp-json\/wp\/v2\/media?parent=118021"}],"wp:term":[{"taxonomy":"category","embeddable":true,"href":"https:\/\/www.europesays.com\/pt\/wp-json\/wp\/v2\/categories?post=118021"},{"taxonomy":"post_tag","embeddable":true,"href":"https:\/\/www.europesays.com\/pt\/wp-json\/wp\/v2\/tags?post=118021"}],"curies":[{"name":"wp","href":"https:\/\/api.w.org\/{rel}","templated":true}]}}