{"id":118025,"date":"2025-10-19T23:50:13","date_gmt":"2025-10-19T23:50:13","guid":{"rendered":"https:\/\/www.europesays.com\/pt\/118025\/"},"modified":"2025-10-19T23:50:13","modified_gmt":"2025-10-19T23:50:13","slug":"eua-prolongam-vida-das-centrais-a-carvao-dos-eua-para-alimentar-explosao-da-ia-combustiveis-fosseis","status":"publish","type":"post","link":"https:\/\/www.europesays.com\/pt\/118025\/","title":{"rendered":"EUA prolongam vida das centrais a carv\u00e3o dos EUA para alimentar explos\u00e3o da IA | Combust\u00edveis f\u00f3sseis"},"content":{"rendered":"<p>A Administra\u00e7\u00e3o Trump espera que a maior parte das centrais el\u00e9ctricas a carv\u00e3o adie o encerramento de modo a ajudar a fornecer a enorme quantidade de electricidade necess\u00e1ria para a Intelig\u00eancia Artificial (IA), de acordo com declara\u00e7\u00f5es do secret\u00e1rio da Energia, Chris Wright.<\/p>\n<p>Manter estas centrais, que normalmente t\u00eam meio s\u00e9culo de exist\u00eancia, faz parte de uma estrat\u00e9gia mais abrangente para aumentar a produ\u00e7\u00e3o energ\u00e9tica dos EUA, o que tamb\u00e9m inclui <a href=\"https:\/\/www.publico.pt\/2024\/09\/20\/tecnologia\/noticia\/eua-central-nuclear-three-mile-island-vai-reabrir-abastecer-inteligencia-artificial-microsoft-2104972\" rel=\"nofollow noopener\" target=\"_blank\">impulsionar a energia nuclear<\/a> e permitir que centrais el\u00e9ctricas de apoio operem de forma constante.<\/p>\n<p>A Administra\u00e7\u00e3o fez da expans\u00e3o de produ\u00e7\u00e3o energ\u00e9tica uma alta prioridade, ao mesmo tempo que rejeita preocupa\u00e7\u00f5es sobre as altera\u00e7\u00f5es clim\u00e1ticas, algo que o Presidente dos EUA, Donald Trump, afirmou ser uma \u2018<a href=\"https:\/\/www.publico.pt\/2025\/04\/29\/azul\/noticia\/cartilha-antiambiental-trump-centena-medidas-clima-ambiente-100-dias-2131221\" rel=\"nofollow noopener\" target=\"_blank\">vigarice<\/a>\u2019 global, no seu discurso na Assembleia Geral das Na\u00e7\u00f5es Unidas, em Setembro.<\/p>\n<p>        &#13;<\/p>\n<p>&#13;<br \/>\n                &#13;\n            <\/p>\n<p>&#13;<\/p>\n<p>Administra\u00e7\u00e3o prioriza ind\u00fastria f\u00f3ssil<\/p>\n<p>\u201cA sobriedade energ\u00e9tica regressou a Washington, D.C. Estamos focados no povo americano, no pre\u00e7o de servi\u00e7os p\u00fablicos e em evitar apag\u00f5es\u201d, disse \u00e0 Reuters o secret\u00e1rio de Estado da Energia, <a href=\"https:\/\/www.publico.pt\/2024\/11\/17\/mundo\/noticia\/trump-nomeia-empresario-petroleo-nega-alteracoes-climaticas-secretario-energia-2112225\" rel=\"nofollow noopener\" target=\"_blank\">Chris Wright,<\/a> um empres\u00e1rio da ind\u00fastria do petr\u00f3leo e negacionista das altera\u00e7\u00f5es clim\u00e1ticas. \u201cTemos de travar o encerramento de infra-estruturas ainda \u00fateis.\u201d<\/p>\n<p>O secret\u00e1rio da Energia disse que o Governo esteve em negocia\u00e7\u00f5es com muitos servi\u00e7os p\u00fablicos a n\u00edvel internacional e espera que a maioria das<a href=\"https:\/\/www.publico.pt\/2025\/04\/09\/azul\/noticia\/trump-quer-aumentar-producao-carvao-eua-mineiros-vao-voltar-trabalho-2129089\" rel=\"nofollow noopener\" target=\"_blank\"> centrais a carv\u00e3o<\/a> norte-americanas que est\u00e1 \u00e0 beira do encerramento adie a desactiva\u00e7\u00e3o.<\/p>\n<p>\u201cDiria que a maior parte dessa capacidade a carv\u00e3o ir\u00e1 permanecer activa\u201d, adiantou.<\/p>\n<p>A Administra\u00e7\u00e3o tamb\u00e9m est\u00e1 preparada para recorrer a energia de emerg\u00eancia para prolongar a longevidade das suas centrais a carv\u00e3o, afirmou Wright. Recentemente, o secret\u00e1rio da Energia ampliou o seu decreto de emerg\u00eancia para manter activa uma central a carv\u00e3o no Michigan, apesar de haver planos para esta fechar permanentemente, por motivos econ\u00f3micos.<\/p>\n<p>        &#13;<\/p>\n<p>&#13;<br \/>\n                &#13;\n            <\/p>\n<p>&#13;<\/p>\n<p>O Departamento de Energia tamb\u00e9m ordenou que uma central el\u00e9ctrica a g\u00e1s e petr\u00f3leo que estava prestes a fechar continuasse em funcionamento.<\/p>\n<p>Wright revelou que os EUA ir\u00e3o tentar p\u00f4r geradores de reserva e centrais el\u00e9ctricas suspensas a funcionar continuamente, em vez de o fazer apenas quando existe um aumento de procura de electricidade.<\/p>\n<p>A Casa Branca procura tamb\u00e9m aumentar a produ\u00e7\u00e3o de energia nuclear, incluindo atrav\u00e9s de reformas de regulamentos para apressar a emiss\u00e3o de licen\u00e7as e acolher novas tecnologias nucleares por via do Departamento de Energia.<\/p>\n<p>\u201cEmpurr\u00f5es\u201d para liderar na IA<\/p>\n<p>\u201cPrecisamos dessa ind\u00fastria como outra fonte de energia, portanto vamos dar empurr\u00f5es tempor\u00e1rios para a iniciar\u201d, diz Wright.<\/p>\n<p>Prev\u00ea-se que a procura total de electricidade nos EUA ir\u00e1 atingir m\u00e1ximos hist\u00f3ricos neste ano e no pr\u00f3ximo, segundo a Administra\u00e7\u00e3o de Informa\u00e7\u00e3o de Energia.<\/p>\n<p>O crescimento de consumo de energia nos Estados Unidos vai continuar a acelerar at\u00e9 ao fim da d\u00e9cada, enquanto v\u00e3o sendo actividas novos centros de dados de intelig\u00eancia artificial. A corrida global para dom\u00ednio da IA &#8211; especialmente <a href=\"https:\/\/www.publico.pt\/2025\/07\/24\/tecnologia\/noticia\/restricao-venda-chips-nvidia-gera-mercado-negro-milionario-china-2141625\" rel=\"nofollow noopener\" target=\"_blank\">entre os EUA e a China<\/a> &#8211; depende em muito da liga\u00e7\u00e3o destas unidades a novas fontes de energia.<\/p>\n<p>        &#13;<\/p>\n<p>&#13;<br \/>\n                &#13;\n            <\/p>\n<p>&#13;<\/p>\n<p>A <a href=\"https:\/\/www.publico.pt\/2025\/02\/13\/azul\/noticia\/carvao-cresce-china-combustiveis-fosseis-estao-curva-descendente-2122426\" rel=\"nofollow noopener\" target=\"_blank\">China produziu 100 Gigawatts <\/a>de energia a carv\u00e3o em 2024 e outros 100 Gigawatts est\u00e3o em desenvolvimento, de acordo com Wright. \u201cNeste momento, n\u00e3o interessa o que a <a href=\"https:\/\/www.publico.pt\/2025\/09\/25\/azul\/noticia\/china-assume-novos-planos-climaticos-constrastam-negacao-eua-2148471\" rel=\"nofollow noopener\" target=\"_blank\">China diz acerca de pol\u00edticas clim\u00e1ticas<\/a>\u201d, diz. \u201cEst\u00e3o a desenvolver a sua pr\u00f3pria electricidade e poder industrial e est\u00e3o a dizer: continuem a enviar-nos a vossa ind\u00fastria.\u201d<\/p>\n<p>O Departamento de Energia dos EUA est\u00e1 ainda a abrir terrenos federais, muitos deles protegidos, para instalar novas centrais el\u00e9ctricas e data centers ainda este ano.<\/p>\n","protected":false},"excerpt":{"rendered":"A Administra\u00e7\u00e3o Trump espera que a maior parte das centrais el\u00e9ctricas a carv\u00e3o adie o encerramento de modo&hellip;\n","protected":false},"author":2,"featured_media":118026,"comment_status":"","ping_status":"","sticky":false,"template":"","format":"standard","meta":{"footnotes":""},"categories":[83],"tags":[785,88,2271,786,92,89,90,2270,413,933,32,33],"class_list":{"0":"post-118025","1":"post","2":"type-post","3":"status-publish","4":"format-standard","5":"has-post-thumbnail","7":"category-empresas","8":"tag-azul","9":"tag-business","10":"tag-clima","11":"tag-combustiveis-fosseis","12":"tag-donald-trump","13":"tag-economy","14":"tag-empresas","15":"tag-energia","16":"tag-eua","17":"tag-inteligencia-artificial","18":"tag-portugal","19":"tag-pt"},"share_on_mastodon":{"url":"","error":""},"_links":{"self":[{"href":"https:\/\/www.europesays.com\/pt\/wp-json\/wp\/v2\/posts\/118025","targetHints":{"allow":["GET"]}}],"collection":[{"href":"https:\/\/www.europesays.com\/pt\/wp-json\/wp\/v2\/posts"}],"about":[{"href":"https:\/\/www.europesays.com\/pt\/wp-json\/wp\/v2\/types\/post"}],"author":[{"embeddable":true,"href":"https:\/\/www.europesays.com\/pt\/wp-json\/wp\/v2\/users\/2"}],"replies":[{"embeddable":true,"href":"https:\/\/www.europesays.com\/pt\/wp-json\/wp\/v2\/comments?post=118025"}],"version-history":[{"count":0,"href":"https:\/\/www.europesays.com\/pt\/wp-json\/wp\/v2\/posts\/118025\/revisions"}],"wp:featuredmedia":[{"embeddable":true,"href":"https:\/\/www.europesays.com\/pt\/wp-json\/wp\/v2\/media\/118026"}],"wp:attachment":[{"href":"https:\/\/www.europesays.com\/pt\/wp-json\/wp\/v2\/media?parent=118025"}],"wp:term":[{"taxonomy":"category","embeddable":true,"href":"https:\/\/www.europesays.com\/pt\/wp-json\/wp\/v2\/categories?post=118025"},{"taxonomy":"post_tag","embeddable":true,"href":"https:\/\/www.europesays.com\/pt\/wp-json\/wp\/v2\/tags?post=118025"}],"curies":[{"name":"wp","href":"https:\/\/api.w.org\/{rel}","templated":true}]}}