{"id":118070,"date":"2025-10-20T00:30:11","date_gmt":"2025-10-20T00:30:11","guid":{"rendered":"https:\/\/www.europesays.com\/pt\/118070\/"},"modified":"2025-10-20T00:30:11","modified_gmt":"2025-10-20T00:30:11","slug":"apos-alerta-de-desaparecimento-irma-de-claudio-ramos-e-encontrada-secret-story","status":"publish","type":"post","link":"https:\/\/www.europesays.com\/pt\/118070\/","title":{"rendered":"Ap\u00f3s alerta de desaparecimento, irm\u00e3 de Claudio Ramos \u00e9 encontrada &#8211; Secret Story"},"content":{"rendered":"<p>Iara Ramos Nascimento, irm\u00e3 do apresentador Cl\u00e1udio Ramos, de 47 anos, foi localizada com vida ap\u00f3s ter estado desaparecida durante cerca de uma semana.\u00a0<\/p>\n<p>O desaparecimento de Iara ocorreu no fim de semana anterior, quando saiu de casa e n\u00e3o regressou. O caso foi rapidamente comunicado \u00e0s autoridades e divulgado pelo pr\u00f3prio Cl\u00e1udio Ramos nas redes sociais, que apelou \u00e0 colabora\u00e7\u00e3o de todos para obter informa\u00e7\u00f5es sobre o paradeiro da irm\u00e3.<\/p>\n<p><img loading=\"lazy\" decoding=\"async\" alt=\"\" height=\"378\" src=\"https:\/\/www.europesays.com\/pt\/wp-content\/uploads\/2025\/10\/68f4253cd34e58bc67970d46.webp\" width=\"213\"\/><\/p>\n<p data-end=\"973\" data-start=\"659\">Durante os dias em que esteve desaparecida, foram realizadas buscas pela GNR em v\u00e1rias zonas do Alentejo, incluindo barragens e estradas secund\u00e1rias.\u00a0<\/p>\n<p data-end=\"1644\" data-start=\"1275\">Hoje, domingo, 19 de outubro de 2025, foi confirmado que Iara Ramos Nascimento apareceu e est\u00e1 bem. Quem o revelou foi Lu\u00eds Nascimento, irm\u00e3o de Iara e Claudio Ramos e ex-concorrente do Secret Story, atrav\u00e9s das redes sociais.\u00a0<\/p>\n<p data-end=\"1949\" data-is-last-node=\"\" data-is-only-node=\"\" data-start=\"1646\">A fam\u00edlia expressou o seu al\u00edvio e agradeceu o apoio e a solidariedade demonstrados durante os dias de incerteza. Luis Nascimento, irm\u00e3o de Cl\u00e1udio e Iara, prestou o seu agradecimento por toda a ajuda em nome da fam\u00edlia.\u00a0<\/p>\n<p data-end=\"1949\" data-is-last-node=\"\" data-is-only-node=\"\" data-start=\"1646\"><strong>\u00abDepois de dias de ang\u00fastia, a nossa irm\u00e3 foi encontrada e est\u00e1 bem. N\u00e3o h\u00e1 palavras para descrever o al\u00edvio e a gratid\u00e3o que sentimos.<br \/>Quero agradecer a todos os que partilharam, enviaram mensagens, ajudaram e se preocuparam connosco. O vosso carinho e solidariedade deram-nos for\u00e7a quando mais precis\u00e1vamos. Obrigada do fundo do cora\u00e7\u00e3o. \u2665\ufe0f\u00bb<\/strong><\/p>\n<p data-end=\"1949\" data-is-last-node=\"\" data-is-only-node=\"\" data-start=\"1646\">\u00a0<\/p>\n","protected":false},"excerpt":{"rendered":"Iara Ramos Nascimento, irm\u00e3 do apresentador Cl\u00e1udio Ramos, de 47 anos, foi localizada com vida ap\u00f3s ter estado&hellip;\n","protected":false},"author":2,"featured_media":118071,"comment_status":"","ping_status":"","sticky":false,"template":"","format":"standard","meta":{"footnotes":""},"categories":[85],"tags":[18706,27561,114,115,18705,27562,32,33,18704],"class_list":{"0":"post-118070","1":"post","2":"type-post","3":"status-publish","4":"format-standard","5":"has-post-thumbnail","7":"category-entretenimento","8":"tag-bastidores-secret-story","9":"tag-claudia-ramos","10":"tag-entertainment","11":"tag-entretenimento","12":"tag-entrevistas-concorrentes-tvi","13":"tag-iara-ramos","14":"tag-portugal","15":"tag-pt","16":"tag-vida-fora-da-casa"},"share_on_mastodon":{"url":"","error":""},"_links":{"self":[{"href":"https:\/\/www.europesays.com\/pt\/wp-json\/wp\/v2\/posts\/118070","targetHints":{"allow":["GET"]}}],"collection":[{"href":"https:\/\/www.europesays.com\/pt\/wp-json\/wp\/v2\/posts"}],"about":[{"href":"https:\/\/www.europesays.com\/pt\/wp-json\/wp\/v2\/types\/post"}],"author":[{"embeddable":true,"href":"https:\/\/www.europesays.com\/pt\/wp-json\/wp\/v2\/users\/2"}],"replies":[{"embeddable":true,"href":"https:\/\/www.europesays.com\/pt\/wp-json\/wp\/v2\/comments?post=118070"}],"version-history":[{"count":0,"href":"https:\/\/www.europesays.com\/pt\/wp-json\/wp\/v2\/posts\/118070\/revisions"}],"wp:featuredmedia":[{"embeddable":true,"href":"https:\/\/www.europesays.com\/pt\/wp-json\/wp\/v2\/media\/118071"}],"wp:attachment":[{"href":"https:\/\/www.europesays.com\/pt\/wp-json\/wp\/v2\/media?parent=118070"}],"wp:term":[{"taxonomy":"category","embeddable":true,"href":"https:\/\/www.europesays.com\/pt\/wp-json\/wp\/v2\/categories?post=118070"},{"taxonomy":"post_tag","embeddable":true,"href":"https:\/\/www.europesays.com\/pt\/wp-json\/wp\/v2\/tags?post=118070"}],"curies":[{"name":"wp","href":"https:\/\/api.w.org\/{rel}","templated":true}]}}