{"id":118076,"date":"2025-10-20T00:37:14","date_gmt":"2025-10-20T00:37:14","guid":{"rendered":"https:\/\/www.europesays.com\/pt\/118076\/"},"modified":"2025-10-20T00:37:14","modified_gmt":"2025-10-20T00:37:14","slug":"claudio-ramos-quebra-o-silencio-nas-redes-sociais-apos-irma-ser-localizada","status":"publish","type":"post","link":"https:\/\/www.europesays.com\/pt\/118076\/","title":{"rendered":"Cl\u00e1udio Ramos quebra o sil\u00eancio nas redes sociais, ap\u00f3s irm\u00e3 ser localizada"},"content":{"rendered":"<p>Foi no passado s\u00e1bado, dia 18, que\u00a0<a href=\"https:\/\/selfie.iol.pt\/famosos\/tvi\/irma-de-claudio-ramos-desaparecida-apresentador-lanca-apelo\/20251019\/68f426dcd34ee0c2fed16a6f\" target=\"_blank\" wbo-id=\"60\" rel=\"nofollow noopener\">Cl\u00e1udio Ramos<\/a>\u00a0deixou um apelo no Instagram, perante o desaparecimento da irm\u00e3 Iara,\u00a0<a href=\"https:\/\/selfie.iol.pt\/famosos\/claudio-ramos\/irma-de-claudio-ramos-ja-foi-localizada\/20251019\/68f50e02d34ee0c2fed16ccd\" target=\"_blank\" wbo-id=\"61\" rel=\"nofollow noopener\">que, entretanto, j\u00e1 foi localizada<\/a>.<\/p>\n<p>Ap\u00f3s este feliz e novo desenvolvimento, <a href=\"https:\/\/selfie.iol.pt\/famosos\/big-brother\/apos-irma-ser-localizada-claudio-ramos-desabafa-resta-nos-saber\/20251019\/68f53b9ad34ee0c2fed16e2f\" target=\"_blank\" rel=\"nofollow noopener\">o apresentador deixou uma mensagem<\/a> que foi emitida na edi\u00e7\u00e3o deste domingo, dia 19, do &#8220;Jornal Nacional&#8221;.<\/p>\n<p>Al\u00e9m disso, Cl\u00e1udio Ramos j\u00e1 se manifestou, pela primeira vez, nas redes sociais, ap\u00f3s a irm\u00e3 ter sido localizada.<\/p>\n<p>&#8220;Obrigado a todos&#8221;, agradeceu o comunicador, acrescentando um emoji em forma de cora\u00e7\u00e3o.<\/p>\n<p>Veja, agora, algumas das melhores imagens de Cl\u00e1udio Ramos nas galerias de fotografias que prepar\u00e1mos para si.<\/p>\n<p><img decoding=\"async\" alt=\"\" onclick=\"\" src=\"https:\/\/www.europesays.com\/pt\/wp-content\/uploads\/2025\/10\/1760920634_625_1024.jpeg\" title=\"Cl\u00e1udio Ramos\"\/><\/p>\n","protected":false},"excerpt":{"rendered":"Foi no passado s\u00e1bado, dia 18, que\u00a0Cl\u00e1udio Ramos\u00a0deixou um apelo no Instagram, perante o desaparecimento da irm\u00e3 Iara,\u00a0que,&hellip;\n","protected":false},"author":2,"featured_media":118077,"comment_status":"","ping_status":"","sticky":false,"template":"","format":"standard","meta":{"footnotes":""},"categories":[145],"tags":[211,210,329,21158,114,115,981,980,27442,1015,619,32,33,1012,162],"class_list":{"0":"post-118076","1":"post","2":"type-post","3":"status-publish","4":"format-standard","5":"has-post-thumbnail","7":"category-celebridades","8":"tag-celebridades","9":"tag-celebrities","10":"tag-claudio-ramos","11":"tag-desaparecimento","12":"tag-entertainment","13":"tag-entretenimento","14":"tag-familia","15":"tag-famosos","16":"tag-iara-ramos-nascimento","17":"tag-instagram","18":"tag-nacional","19":"tag-portugal","20":"tag-pt","21":"tag-selfie","22":"tag-tvi"},"share_on_mastodon":{"url":"","error":""},"_links":{"self":[{"href":"https:\/\/www.europesays.com\/pt\/wp-json\/wp\/v2\/posts\/118076","targetHints":{"allow":["GET"]}}],"collection":[{"href":"https:\/\/www.europesays.com\/pt\/wp-json\/wp\/v2\/posts"}],"about":[{"href":"https:\/\/www.europesays.com\/pt\/wp-json\/wp\/v2\/types\/post"}],"author":[{"embeddable":true,"href":"https:\/\/www.europesays.com\/pt\/wp-json\/wp\/v2\/users\/2"}],"replies":[{"embeddable":true,"href":"https:\/\/www.europesays.com\/pt\/wp-json\/wp\/v2\/comments?post=118076"}],"version-history":[{"count":0,"href":"https:\/\/www.europesays.com\/pt\/wp-json\/wp\/v2\/posts\/118076\/revisions"}],"wp:featuredmedia":[{"embeddable":true,"href":"https:\/\/www.europesays.com\/pt\/wp-json\/wp\/v2\/media\/118077"}],"wp:attachment":[{"href":"https:\/\/www.europesays.com\/pt\/wp-json\/wp\/v2\/media?parent=118076"}],"wp:term":[{"taxonomy":"category","embeddable":true,"href":"https:\/\/www.europesays.com\/pt\/wp-json\/wp\/v2\/categories?post=118076"},{"taxonomy":"post_tag","embeddable":true,"href":"https:\/\/www.europesays.com\/pt\/wp-json\/wp\/v2\/tags?post=118076"}],"curies":[{"name":"wp","href":"https:\/\/api.w.org\/{rel}","templated":true}]}}