{"id":118091,"date":"2025-10-20T00:55:10","date_gmt":"2025-10-20T00:55:10","guid":{"rendered":"https:\/\/www.europesays.com\/pt\/118091\/"},"modified":"2025-10-20T00:55:10","modified_gmt":"2025-10-20T00:55:10","slug":"o-que-e-a-arquitetura-raio-que-o-parta-conheca-o-estilo-reconhecido-como-patrimonio-de-belem-belem","status":"publish","type":"post","link":"https:\/\/www.europesays.com\/pt\/118091\/","title":{"rendered":"O que \u00e9 a arquitetura Raio-que-o-Parta? Conhe\u00e7a o estilo reconhecido como Patrim\u00f4nio de Bel\u00e9m | Bel\u00e9m"},"content":{"rendered":"<p>Foi aprovado por unanimidade na <a href=\"https:\/\/www.oliberal.com\/?q=C%C3%A2mara+Municipal+de+Bel%C3%A9m\" target=\"_blank\" rel=\"nofollow noopener\"><strong>C\u00e2mara Municipal de Bel\u00e9m<\/strong><\/a>, na \u00faltima quarta-feira (16\/10), <a href=\"https:\/\/www.oliberal.com\/belem\/arquitetura-raio-que-o-parta-e-reconhecida-como-patrimonio-cultural-de-belem-entenda-1.1037261\" target=\"_blank\" rel=\"nofollow noopener\">o projeto de lei que reconhece o estilo arquitet\u00f4nico<\/a> conhecido como &#8220;<strong>Raio-que-o-Parta<\/strong>&#8221; como<strong> Patrim\u00f4nio Cultural da cidade<\/strong>. Mas afinal, o que \u00e9 a arquitetura paraense do Raio-que-o-Parta?<\/p>\n<p>\u26a1\u00a0Embora o nome possa parecer um simples xingamento do vocabul\u00e1rio popular paraense, o &#8220;Raio-que-o-Parta&#8221; \u00e9 muito mais do que isso: trata-se de um verdadeiro movimento modernista popular que transformou fachadas de casas em obras de arte nas periferias e bairros oper\u00e1rios de <a href=\"https:\/\/www.oliberal.com\/belem\" target=\"_blank\" rel=\"nofollow noopener\"><strong>Bel\u00e9m<\/strong><\/a>, como a Pedreira, Guam\u00e1 e Terra Firme.\u00a0<\/p>\n<p><strong>VEJA MAIS<\/strong><\/p>\n<p>\n                  <a href=\"https:\/\/www.oliberal.com\/cultura\/artista-paraense-participa-de-exposicao-que-celebra-o-centenario-da-semana-de-arte-moderna-em-sao-pa-1.496587\" title=\"Artista paraense participa de exposi\u00e7\u00e3o pelo Centen\u00e1rio da Semana de Arte Moderna em S\u00e3o Paulo\" rel=\"nofollow noopener\" target=\"_blank\"><\/p>\n<p>  <img decoding=\"async\" class=\"delayed-image-load\" src=\"https:\/\/www.europesays.com\/pt\/wp-content\/uploads\/2025\/10\/Arquitetura-Raio-que-o-parta.png\" data-alt=\"Trecho do filme &quot;Um Ceu Partido ao Meio&quot; de Danielle Fonseca.\" data-title=\"Trecho do filme &quot;Um Ceu Partido ao Meio&quot; de Danielle Fonseca.\" alt=\"image\"\/><\/p>\n<p>              <\/a><br \/>\n                <a href=\"https:\/\/www.oliberal.com\/cultura\/artista-paraense-participa-de-exposicao-que-celebra-o-centenario-da-semana-de-arte-moderna-em-sao-pa-1.496587\" title=\"Artista paraense participa de exposi\u00e7\u00e3o pelo Centen\u00e1rio da Semana de Arte Moderna em S\u00e3o Paulo\" rel=\"nofollow noopener\" target=\"_blank\"><br \/>\n          <b>Artista paraense participa de exposi\u00e7\u00e3o pelo Centen\u00e1rio da Semana de Arte Moderna em S\u00e3o Paulo<\/b><br \/>Danielle Fonseca comp\u00f5e a mostra com seu trabalho sobre o estilo arquitet\u00f4nico modernista raio-que-o-parta.<br \/>\n        <\/a>\n      <\/p>\n<p>\n                  <a href=\"https:\/\/www.oliberal.com\/cultura\/auto-do-cirio-e-reconhecido-como-patrimonio-cultural-e-imaterial-do-para-1.1028140\" title=\"Auto do C\u00edrio \u00e9 reconhecido como Patrim\u00f4nio Cultural e Imaterial do Par\u00e1\" rel=\"nofollow noopener\" target=\"_blank\"><\/p>\n<p>  <img decoding=\"async\" class=\"delayed-image-load\" src=\"https:\/\/www.europesays.com\/pt\/wp-content\/uploads\/2025\/10\/Auto-do-Cirio.jpg\" data-alt=\"Auto do C\u00edrio ter\u00e1 novidades para o ano de 2023.\" data-title=\"Auto do C\u00edrio ter\u00e1 novidades para o ano de 2023.\" alt=\"image\"\/><\/p>\n<p>              <\/a><br \/>\n                <a href=\"https:\/\/www.oliberal.com\/cultura\/auto-do-cirio-e-reconhecido-como-patrimonio-cultural-e-imaterial-do-para-1.1028140\" title=\"Auto do C\u00edrio \u00e9 reconhecido como Patrim\u00f4nio Cultural e Imaterial do Par\u00e1\" rel=\"nofollow noopener\" target=\"_blank\"><br \/>\n          <b>Auto do C\u00edrio \u00e9 reconhecido como Patrim\u00f4nio Cultural e Imaterial do Par\u00e1<\/b><br \/>A vota\u00e7\u00e3o foi aprovada nesta ter\u00e7a (30), em Santar\u00e9m, ap\u00f3s vota\u00e7\u00e3o entre\u2026<br \/>\n        <\/a>\n      <\/p>\n<p>O que \u00e9 a arquitetura Raio-que-o-Parta?<\/p>\n<p>A arquitetura Raio-que-o-Parta \u00e9 um estilo est\u00e9tico popular que surgiu entre as d\u00e9cadas de 1940 e 1960 em Bel\u00e9m do Par\u00e1. Sua principal caracter\u00edstica \u00e9 o<strong> uso criativo de cacos de azulejos coloridos<\/strong>, aplicados de forma artesanal nas fachadas das casas, principalmente nas platibandas, que s\u00e3o faixas que ficam no topo das paredes, cobrindo o telhado.<\/p>\n<p>Com composi\u00e7\u00f5es geom\u00e9tricas, s\u00edmbolos religiosos, formas de animais e at\u00e9 elementos abstratos, o estilo mistura arte, identidade cultural e resist\u00eancia popular. Ele \u00e9 considerado uma manifesta\u00e7\u00e3o do modernismo popular paraense.<\/p>\n<p>  <img decoding=\"async\" class=\"delayed-image-load\" src=\"https:\/\/www.europesays.com\/pt\/wp-content\/uploads\/2025\/10\/raio-que-o-parta.jpeg\" data-alt=\"Raio-que-o-Parta: conhe\u00e7a o movimento arquitet\u00f4nico popular do Par\u00e1.\" data-title=\"Raio-que-o-Parta: conhe\u00e7a o movimento arquitet\u00f4nico popular do Par\u00e1.\" alt=\"image\"\/><\/p>\n<p>    Raio-que-o-Parta: conhe\u00e7a o movimento arquitet\u00f4nico popular do Par\u00e1. (Instagram\/@rederaioqueoparta)<\/p>\n<p>Origem do estilo Raio-que-o-Parta em Bel\u00e9m<\/p>\n<p>Durante o auge do <strong>modernismo no Brasil<\/strong>, artistas como Athos Bulc\u00e3o, C\u00e2ndido Portinari e Burle Marx popularizaram o uso de pain\u00e9is de azulejo em obras arquitet\u00f4nicas. No Par\u00e1, o movimento chegou adaptado \u00e0 realidade local. Arquitetos como Ruy Meira e Alcyr Meira trouxeram o uso de azulejos e cacos para murais e fachadas.<\/p>\n<p>O nome \u201cRaio-que-o-Parta\u201d, al\u00e9m da g\u00edria paraense, representa uma esp\u00e9cie de protesto visual, criado por fam\u00edlias das classes trabalhadoras que, sem acesso a arquitetos ou materiais caros, deram seu pr\u00f3prio jeito de &#8220;entrar na modernidade&#8221;. Muitas vezes, usavam cacos de azulejos quebrados durante o transporte na antiga estrada Bel\u00e9m-Bras\u00edlia, adquiridos a baixo custo para embelezar suas casas com um toque moderno.<\/p>\n<p>Preserva\u00e7\u00e3o e reconhecimento<\/p>\n<p>O reconhecimento da arquitetura Raio-que-o-Parta como Patrim\u00f4nio Cultural de Bel\u00e9m \u00e9 resultado de uma crescente mobiliza\u00e7\u00e3o para proteger esse estilo, que nos \u00faltimos anos vem sendo amea\u00e7ado por reformas que substituem os azulejos por pinturas comuns ou descaracterizam completamente as fachadas.<\/p>\n<p>Em 2020, as jovens arquitetas paraenses, Elis Almeida, Elisa Malcher e Gabrielle Arnour, criaram a <strong>Rede Raio-que-o-Parta<\/strong>, um projeto de mapeamento e preserva\u00e7\u00e3o das casas com o estilo espalhadas por Bel\u00e9m.<\/p>\n<p>O projeto ganhou for\u00e7a atrav\u00e9s do perfil no Instagram <a href=\"https:\/\/www.instagram.com\/rederaioqueoparta?utm_medium=website&amp;utm_source=archdaily.com.br\" target=\"_blank\" rel=\"nofollow noopener\"><strong>@rederaioqueoparta<\/strong><\/a>, que j\u00e1 conta com mais de 10 mil seguidores e re\u00fane um acervo colaborativo com fotos, v\u00eddeos e produ\u00e7\u00f5es art\u00edsticas inspiradas nas fachadas. A iniciativa busca registrar, divulgar e valorizar o movimento, al\u00e9m de promover oficinas e forma\u00e7\u00f5es sobre o estilo.<\/p>\n<blockquote class=\"instagram-media\" data-instgrm-captioned=\"\" data-instgrm-permalink=\"https:\/\/www.instagram.com\/p\/C-vpT1sSXKn\/?utm_source=ig_embed&amp;utm_campaign=loading\" data-instgrm-version=\"13\" style=\" background:#FFF; border:0; border-radius:3px; box-shadow:0 0 1px 0 rgba(0,0,0,0.5),0 1px 10px 0 rgba(0,0,0,0.15); margin: 1px; max-width:540px; min-width:326px; padding:0; width:99.375%; width:-webkit-calc(100% - 2px); width:calc(100% - 2px);\"\/>\n<p>                                    <script async src=\"\/\/www.instagram.com\/embed.js\"><\/script><\/p>\n","protected":false},"excerpt":{"rendered":"Foi aprovado por unanimidade na C\u00e2mara Municipal de Bel\u00e9m, na \u00faltima quarta-feira (16\/10), o projeto de lei que&hellip;\n","protected":false},"author":2,"featured_media":118092,"comment_status":"","ping_status":"","sticky":false,"template":"","format":"standard","meta":{"footnotes":""},"categories":[144],"tags":[207,205,206,203,201,202,204,114,115,32,33],"class_list":{"0":"post-118091","1":"post","2":"type-post","3":"status-publish","4":"format-standard","5":"has-post-thumbnail","7":"category-arte-e-design","8":"tag-arte","9":"tag-arte-e-design","10":"tag-artedesign","11":"tag-arts","12":"tag-arts-and-design","13":"tag-artsanddesign","14":"tag-design","15":"tag-entertainment","16":"tag-entretenimento","17":"tag-portugal","18":"tag-pt"},"share_on_mastodon":{"url":"","error":""},"_links":{"self":[{"href":"https:\/\/www.europesays.com\/pt\/wp-json\/wp\/v2\/posts\/118091","targetHints":{"allow":["GET"]}}],"collection":[{"href":"https:\/\/www.europesays.com\/pt\/wp-json\/wp\/v2\/posts"}],"about":[{"href":"https:\/\/www.europesays.com\/pt\/wp-json\/wp\/v2\/types\/post"}],"author":[{"embeddable":true,"href":"https:\/\/www.europesays.com\/pt\/wp-json\/wp\/v2\/users\/2"}],"replies":[{"embeddable":true,"href":"https:\/\/www.europesays.com\/pt\/wp-json\/wp\/v2\/comments?post=118091"}],"version-history":[{"count":0,"href":"https:\/\/www.europesays.com\/pt\/wp-json\/wp\/v2\/posts\/118091\/revisions"}],"wp:featuredmedia":[{"embeddable":true,"href":"https:\/\/www.europesays.com\/pt\/wp-json\/wp\/v2\/media\/118092"}],"wp:attachment":[{"href":"https:\/\/www.europesays.com\/pt\/wp-json\/wp\/v2\/media?parent=118091"}],"wp:term":[{"taxonomy":"category","embeddable":true,"href":"https:\/\/www.europesays.com\/pt\/wp-json\/wp\/v2\/categories?post=118091"},{"taxonomy":"post_tag","embeddable":true,"href":"https:\/\/www.europesays.com\/pt\/wp-json\/wp\/v2\/tags?post=118091"}],"curies":[{"name":"wp","href":"https:\/\/api.w.org\/{rel}","templated":true}]}}