{"id":1181,"date":"2025-07-25T16:35:20","date_gmt":"2025-07-25T16:35:20","guid":{"rendered":"https:\/\/www.europesays.com\/pt\/1181\/"},"modified":"2025-07-25T16:35:20","modified_gmt":"2025-07-25T16:35:20","slug":"irma-de-liam-payne-faz-homenagem-emocionante-ao-cantor-no-15o-aniversario-do-one-direction","status":"publish","type":"post","link":"https:\/\/www.europesays.com\/pt\/1181\/","title":{"rendered":"Irm\u00e3 de Liam Payne faz homenagem emocionante ao cantor no 15\u00ba anivers\u00e1rio do One Direction"},"content":{"rendered":"<p>A irm\u00e3 de <a href=\"https:\/\/hugogloss.uol.com.br\/tag\/liam-payne\" target=\"_blank\" rel=\"noopener nofollow\">Liam Payne<\/a>, Ruth Gibbins, prestou uma homenagem emocionante ao cantor e ao <a href=\"https:\/\/hugogloss.uol.com.br\/tag\/one-direction\" target=\"_blank\" rel=\"noopener nofollow\">One Direction<\/a> nesta quarta-feira (23). A data marca os 15 anos da banda formada no programa \u201c<a href=\"https:\/\/hugogloss.uol.com.br\/tag\/the-x-factor\" target=\"_blank\" rel=\"noopener nofollow\">The X Factor<\/a>\u201d em 2010.<\/p>\n<p>Ruth compartilhou uma foto dela e de Liam ao lado da fam\u00edlia, que integra o clipe da m\u00fasica \u201cStory of My Life\u201d. Al\u00e9m disso, ela compartilhou o print de uma mensagem trocada com o irm\u00e3o anos atr\u00e1s, quando ele se juntou a <a href=\"https:\/\/hugogloss.uol.com.br\/tag\/harry-styles\" target=\"_blank\" rel=\"noopener nofollow\">Harry Styles<\/a>, <a href=\"https:\/\/hugogloss.uol.com.br\/tag\/zayn-malik\" target=\"_blank\" rel=\"noopener nofollow\">Zayn Malik<\/a>, <a href=\"https:\/\/hugogloss.uol.com.br\/tag\/louis-tomlinson\" target=\"_blank\" rel=\"noopener nofollow\">Louis Tomlinson<\/a> e <a href=\"https:\/\/hugogloss.uol.com.br\/tag\/niall-horan\" target=\"_blank\" rel=\"noopener nofollow\">Niall Horan<\/a>: \u201cEu estou em uma boyband\u201d.<\/p>\n<p> <img loading=\"lazy\" decoding=\"async\" class=\"size-medium wp-image-1168990 img-fluid lazy\" alt=\"\" width=\"617\" height=\"347\" src=\"https:\/\/www.europesays.com\/pt\/wp-content\/uploads\/2025\/07\/HEAD-HG-42-617x347.png\"  \/>Irm\u00e3 de Liam Payne presta homenagem ao cantor no dia em que o One Direction completa 15 anos (Foto: Reprodu\u00e7\u00e3o\/Instagram)             <\/p>\n<p>Na publica\u00e7\u00e3o, Ruth refletiu sobre a jornada de Payne e o legado que ele deixou. \u201cLiam, essa \u00e9 para voc\u00ea. 15 anos da mensagem: \u2018Estou em uma boyband\u2019. Quando o papai desceu as escadas correndo para nos contar, completamente arrasado na \u00e9poca, que voc\u00ea tinha sido mandado para casa novamente, que voc\u00ea tinha sido colocado em uma boyband\u201d, iniciou.<\/p>\n<p>\u201cO seu amor pelo 1D nunca acabou. Voc\u00ea estava t\u00e3o orgulhoso do que conquistou e parte do amor que resta, nos guiando atrav\u00e9s dessa escurid\u00e3o, \u00e9 o amor de seus f\u00e3s, que te amaram e apoiaram por 15 anos. Eles sempre estar\u00e3o muito orgulhosos de voc\u00ea. Espero que voc\u00ea consiga ver isso\u201d, continuou ela.<\/p>\n<p> Continua depois da Publicidade <\/p>\n<p>Em seguida, a irm\u00e3 de Liam citou a parceria dele com os outros membros da banda. \u201cSeu amor e apoio aos outros garotos nunca parou. Voc\u00ea foi o primeiro a parabeniz\u00e1-los pelo sucesso deles depois da banda. Voc\u00ea sempre cantou suas m\u00fasicas, falou deles e de suas mem\u00f3rias. Eles eram os irm\u00e3os que voc\u00ea sempre quis\u201d, afirmou.<\/p>\n<p>\u201cTenho minhas melhores lembran\u00e7as da sua banda e de quando eu tinha 20 e poucos anos, assistindo ao seu sucesso com tanto orgulho. Uma das minhas mem\u00f3rias favoritas \u00e9 quando est\u00e1vamos em uma festa e Souts estava nos contando sobre a ideia do v\u00eddeo \u2018Story of My Life\u2019. Voc\u00ea disse: \u2018Pergunte a ele que foto nossa vamos usar\u2019. Ele nos disse e eu me virei para voc\u00ea e falei: \u2018Mas Nicola tem um mullet e eu tenho cabelo preto nela!&#8217;\u201d, recordou Gibbins.<\/p>\n<p>\u201cE voc\u00ea riu e disse: \u2018Eu sei\u2019, gritando com toda a certeza que tinha nos feito concordar em reencenar uma de nossas piores fotos. N\u00f3s nos divertimos muito filmando esse clipe com voc\u00ea. Todos os dias na sua companhia eram sempre um t\u00f4nico para minha alma, n\u00e3o importava onde estiv\u00e9ssemos no mundo. De nossas performances dan\u00e7ando a pequenos teatros, arenas e est\u00e1dios, mem\u00f3rias incr\u00edveis\u201d, mencionou a jovem.<\/p>\n<p><strong>Leia a \u00edntegra:<\/strong><\/p>\n<p> <img loading=\"lazy\" decoding=\"async\" class=\"size-medium wp-image-1168996 img-fluid lazy\" alt=\"\" width=\"513\" height=\"499\" src=\"https:\/\/www.europesays.com\/pt\/wp-content\/uploads\/2025\/07\/Ruth-relembra-momentos-ao-lado-do-irmao-Liam-513x499.jpg\"  \/>Ruth relembra momentos ao lado do irm\u00e3o, Liam (Foto: Reprodu\u00e7\u00e3o\/Instagram) <\/p>\n<p>Ruth ainda citou a vez em que perdeu um dos shows de Liam. \u201cOutra lembran\u00e7a que me veio \u00e0 mente hoje foi quando voamos para Los Angeles para assistir ao seu show e, por causa da alf\u00e2ndega, perdemos a primeira noite em que dever\u00edamos estar presentes. Quando voc\u00ea entrou no meu quarto de hotel naquela noite, me acordou para dizer \u2018oi\u2019 e colocar o papo em dia. E quando estava saindo, disse: \u2018Bem, Ru, voc\u00ea perdeu o David Beckham hoje \u00e0 noite\u2019. Pegou a bolsa da sua namorada e saiu do quarto, me deixando processar o desgosto de perder o David Beckham\u201d, brincou.<\/p>\n<p>Ao final, Gibbins declarou seu amor ao 1D e refor\u00e7ou o carinho dos f\u00e3s n\u00e3o s\u00f3 por Payne, mas por todos os membros do grupo: \u201cO 1D sempre ter\u00e1 um lugar especial no meu cora\u00e7\u00e3o. Voc\u00ea trabalhou duro pela banda, sempre mostrando o qu\u00e3o incr\u00edvel voc\u00ea \u00e9. Este ano, hoje, n\u00e3o \u00e9 mais como costumava ser. Tenho tantas homenagens de f\u00e3s para mostrar a voc\u00ea, e sei que voc\u00ea ficaria impressionado com tanto amor 15 anos depois\u201d.<\/p>\n<p> Continua depois da Publicidade <\/p>\n<p>\u201cMas enquanto acendo minha vela de quarta-feira e falo com voc\u00ea de todo o meu cora\u00e7\u00e3o, espero que esteja em algum lugar, sentado confortavelmente, com o computador ligado, ouvindo a m\u00fasica da sua banda do come\u00e7o ao fim, sorrindo. Com amor sempre Liam. Uma vez na vida, voc\u00ea foi meu\u201d, concluiu a irm\u00e3 do artista.<\/p>\n<p> <img loading=\"lazy\" decoding=\"async\" class=\"size-medium wp-image-1169004 img-fluid lazy\" alt=\"\" width=\"512\" height=\"499\" src=\"https:\/\/www.europesays.com\/pt\/wp-content\/uploads\/2025\/07\/Irma-de-Liam-se-declara-para-o-cantor-512x499.jpg\"  \/>Irm\u00e3 de Liam se declara para o cantor (Foto: Reprodu\u00e7\u00e3o\/Instagram) Continua depois da Publicidade <\/p>\n<p>O texto emocionante foi publicado nove meses ap\u00f3s a <a href=\"https:\/\/hugogloss.uol.com.br\/famosos\/liam-payne-do-one-direction-morre-aos-31-anos-diz-imprensa-argentina\/\" target=\"_blank\" rel=\"noopener nofollow\">tr\u00e1gica morte de Liam Payne<\/a>, em outubro de 2024, aos 31 anos. Ele caiu da sacada de um hotel em Buenos Aires, na Argentina. Exames toxicol\u00f3gicos apontaram que o cantor utilizou diversas drogas antes do acidente. Payne deixou o filho, Bear, de 8 anos, fruto de seu antigo relacionamento com a cantora <a href=\"https:\/\/hugogloss.uol.com.br\/tag\/cheryl-cole\" target=\"_blank\" rel=\"noopener nofollow\">Cheryl Cole<\/a>.<\/p>\n<p>                                                                    <a id=\"google-news\" class=\"google-news\" href=\"https:\/\/news.google.com\/publications\/CAAqBwgKMM6ViAswv82GAw?ceid=BR:pt-419&amp;amp;oc=3&amp;amp;hl=pt-BR&amp;amp;gl=BR\" target=\"_blank\" rel=\"nofollow noopener\"><\/p>\n<p>                                            Siga a <strong> Hugo Gloss no Google News<\/strong> e acompanhe nossos destaques<\/p>\n<p>                                    <\/a><\/p>\n","protected":false},"excerpt":{"rendered":"A irm\u00e3 de Liam Payne, Ruth Gibbins, prestou uma homenagem emocionante ao cantor e ao One Direction nesta&hellip;\n","protected":false},"author":2,"featured_media":1182,"comment_status":"","ping_status":"","sticky":false,"template":"","format":"standard","meta":{"footnotes":""},"categories":[141],"tags":[996,114,115,212,997,998,999,149,150,1000,1001,32,33,1002],"class_list":{"0":"post-1181","1":"post","2":"type-post","3":"status-publish","4":"format-standard","5":"has-post-thumbnail","7":"category-musica","8":"tag-aniversario","9":"tag-entertainment","10":"tag-entretenimento","11":"tag-harry-styles","12":"tag-homenagem","13":"tag-liam-payne","14":"tag-louis-tomlinson","15":"tag-music","16":"tag-musica","17":"tag-niall-horan","18":"tag-one-direction","19":"tag-portugal","20":"tag-pt","21":"tag-zayn-malik"},"share_on_mastodon":{"url":"","error":""},"_links":{"self":[{"href":"https:\/\/www.europesays.com\/pt\/wp-json\/wp\/v2\/posts\/1181","targetHints":{"allow":["GET"]}}],"collection":[{"href":"https:\/\/www.europesays.com\/pt\/wp-json\/wp\/v2\/posts"}],"about":[{"href":"https:\/\/www.europesays.com\/pt\/wp-json\/wp\/v2\/types\/post"}],"author":[{"embeddable":true,"href":"https:\/\/www.europesays.com\/pt\/wp-json\/wp\/v2\/users\/2"}],"replies":[{"embeddable":true,"href":"https:\/\/www.europesays.com\/pt\/wp-json\/wp\/v2\/comments?post=1181"}],"version-history":[{"count":0,"href":"https:\/\/www.europesays.com\/pt\/wp-json\/wp\/v2\/posts\/1181\/revisions"}],"wp:featuredmedia":[{"embeddable":true,"href":"https:\/\/www.europesays.com\/pt\/wp-json\/wp\/v2\/media\/1182"}],"wp:attachment":[{"href":"https:\/\/www.europesays.com\/pt\/wp-json\/wp\/v2\/media?parent=1181"}],"wp:term":[{"taxonomy":"category","embeddable":true,"href":"https:\/\/www.europesays.com\/pt\/wp-json\/wp\/v2\/categories?post=1181"},{"taxonomy":"post_tag","embeddable":true,"href":"https:\/\/www.europesays.com\/pt\/wp-json\/wp\/v2\/tags?post=1181"}],"curies":[{"name":"wp","href":"https:\/\/api.w.org\/{rel}","templated":true}]}}