{"id":118107,"date":"2025-10-20T01:09:08","date_gmt":"2025-10-20T01:09:08","guid":{"rendered":"https:\/\/www.europesays.com\/pt\/118107\/"},"modified":"2025-10-20T01:09:08","modified_gmt":"2025-10-20T01:09:08","slug":"artista-italiano-vende-escultura-invisivel-por-r-87-mil-entenda","status":"publish","type":"post","link":"https:\/\/www.europesays.com\/pt\/118107\/","title":{"rendered":"Artista italiano vende escultura invis\u00edvel por R$ 87 mil; entenda"},"content":{"rendered":"<p class=\"texto\">Vender o que n\u00e3o pode ser visto, e ainda convencer algu\u00e9m a pagar por isso, \u00e9 uma fa\u00e7anha que desafia n\u00e3o apenas o mercado de arte, mas tamb\u00e9m a pr\u00f3pria no\u00e7\u00e3o do que \u00e9 real. <\/p>\n<p class=\"texto\">Foi o que fez o artista italiano <strong>Salvatore Garau<\/strong>, que em 2021 leiloou uma <strong>escultura invis\u00edvel<\/strong> por 15 mil euros (cerca de R$ 87 mil).<\/p>\n<p class=\"texto\"><strong>Leia Tamb\u00e9m |\u00a0<a href=\"https:\/\/www.opovo.com.br\/vidaearte\/2025\/10\/19\/ultimo-show-de-gal-costa-vira-disco-e-traz-de-volta-a-lembranca-de-sua-forca-nos-palcos.html\" target=\"_self\" rel=\"nofollow noopener\">\u00daltimo show de Gal Costa vira disco e traz de volta a lembran\u00e7a de sua for\u00e7a nos palcos<\/a><\/strong><\/p>\n<p class=\"texto\">A obra, intitulada <strong>\u201cIo Sono\u201d (\u201cEu Sou\u201d)<\/strong>, n\u00e3o tem forma f\u00edsica e foi \u201cexposta\u201d em um espa\u00e7o vazio de 1,5m x 1,5m. O comprador recebeu apenas um certificado de autenticidade e nada mais.<\/p>\n<p class=\"texto\">Tr\u00eas anos depois, a cria\u00e7\u00e3o voltou aos holofotes ap\u00f3s um<strong> post viral<\/strong> do perfil brit\u00e2nico Pubity, que tem mais de 40 milh\u00f5es de seguidores.<\/p>\n<p class=\"texto\">A publica\u00e7\u00e3o resgatou o caso e acumulou quase\u00a0<a href=\"https:\/\/www.instagram.com\/p\/CPQ_zNMFLUX\/\" target=\"_self\" rel=\"nofollow noopener\">1 milh\u00e3o de curtidas<\/a>, reacendendo o debate sobre os <strong>limites da arte<\/strong> contempor\u00e2nea e o valor do intang\u00edvel.<\/p>\n<p class=\"texto\">Para Garau, a escultura \u00e9 feita de \u201car e esp\u00edrito\u201d. O artista, hoje com 67 anos, defende que o vazio tamb\u00e9m \u00e9 <strong>mat\u00e9ria criativa<\/strong>, um campo de energia que ganha forma por meio da percep\u00e7\u00e3o de quem o observa.<\/p>\n<p class=\"texto\">\u201cO v\u00e1cuo nada mais \u00e9 do que um <strong>espa\u00e7o cheio de energia<\/strong>, mesmo que o esvaziemos. De acordo com o princ\u00edpio da incerteza de Heisenberg, ele tem peso e se transforma em part\u00edculas, ou seja, em n\u00f3s\u201d, explicou em entrevistas.<\/p>\n<p class=\"texto\">No certificado que acompanha a obra, o artista descreve a pe\u00e7a como uma \u201c<strong>escultura imaterial<\/strong> para ser colocada em um espa\u00e7o livre de qualquer obst\u00e1culo\u201d, com dimens\u00f5es vari\u00e1veis e registro oficial.<\/p>\n<p class=\"texto\"><strong>Leia Mais |\u00a0<a href=\"https:\/\/www.opovo.com.br\/vidaearte\/2025\/10\/17\/raphael-ghanem-traz-stand-up-irreverente-a-fortaleza-veja-datas.html\" target=\"_self\" rel=\"nofollow noopener\">Raphael Ghanem traz stand up irreverente a Fortaleza; veja datas<\/a><\/strong><\/p>\n<p class=\"texto\">O documento, assinado e carimbado, recomenda que o local da exposi\u00e7\u00e3o tenha <strong>ilumina\u00e7\u00e3o e temperatura controladas<\/strong>, ainda que a obra n\u00e3o possa ser vista de forma alguma.<\/p>\n<p class=\"texto\">Garau, que j\u00e1 havia vendido outra pe\u00e7a invis\u00edvel intitulada \u201cBuddha in Contemplation\u201d por cerca de R$ 93 mil, argumenta que n\u00e3o comercializa o nada \u2014 e sim <strong>um conceito<\/strong>. \u201cQuando decido expor uma escultura imaterial em determinado espa\u00e7o, ele passa a concentrar uma <strong>densidade de pensamentos<\/strong>. \u00c9 isso que d\u00e1 forma \u00e0 obra\u201d, afirma. \u201cAfinal, n\u00e3o moldamos um Deus que nunca vimos?\u201d<\/p>\n<p class=\"texto\">A provoca\u00e7\u00e3o \u00e9 clara: se a arte \u00e9 feita de ideias, emo\u00e7\u00e3o e presen\u00e7a simb\u00f3lica, at\u00e9 o invis\u00edvel pode ocupar lugar no mundo. E, no caso de Garau, esse lugar precisa ter ao menos 150 cm x 150 cm de vazio \u2014 e muito espa\u00e7o para a imagina\u00e7\u00e3o.<\/p>\n<p>\tSobre o assunto \t\t    <\/p>\n<p>    D\u00favidas, Cr\u00edticas e Sugest\u00f5es?<br \/>\n        <a href=\"https:\/\/www.opovo.com.br\/falecomagente\" class=\"bluedefault\" rel=\"nofollow noopener\" target=\"_blank\">Fale com a gente<\/a><\/p>\n<p>    Tags<\/p>\n<p><script async src=\"\/\/www.instagram.com\/embed.js\"><\/script><\/p>\n","protected":false},"excerpt":{"rendered":"Vender o que n\u00e3o pode ser visto, e ainda convencer algu\u00e9m a pagar por isso, \u00e9 uma fa\u00e7anha&hellip;\n","protected":false},"author":2,"featured_media":118108,"comment_status":"","ping_status":"","sticky":false,"template":"","format":"standard","meta":{"footnotes":""},"categories":[144],"tags":[207,205,206,203,201,202,204,114,115,32,33],"class_list":{"0":"post-118107","1":"post","2":"type-post","3":"status-publish","4":"format-standard","5":"has-post-thumbnail","7":"category-arte-e-design","8":"tag-arte","9":"tag-arte-e-design","10":"tag-artedesign","11":"tag-arts","12":"tag-arts-and-design","13":"tag-artsanddesign","14":"tag-design","15":"tag-entertainment","16":"tag-entretenimento","17":"tag-portugal","18":"tag-pt"},"share_on_mastodon":{"url":"","error":""},"_links":{"self":[{"href":"https:\/\/www.europesays.com\/pt\/wp-json\/wp\/v2\/posts\/118107","targetHints":{"allow":["GET"]}}],"collection":[{"href":"https:\/\/www.europesays.com\/pt\/wp-json\/wp\/v2\/posts"}],"about":[{"href":"https:\/\/www.europesays.com\/pt\/wp-json\/wp\/v2\/types\/post"}],"author":[{"embeddable":true,"href":"https:\/\/www.europesays.com\/pt\/wp-json\/wp\/v2\/users\/2"}],"replies":[{"embeddable":true,"href":"https:\/\/www.europesays.com\/pt\/wp-json\/wp\/v2\/comments?post=118107"}],"version-history":[{"count":0,"href":"https:\/\/www.europesays.com\/pt\/wp-json\/wp\/v2\/posts\/118107\/revisions"}],"wp:featuredmedia":[{"embeddable":true,"href":"https:\/\/www.europesays.com\/pt\/wp-json\/wp\/v2\/media\/118108"}],"wp:attachment":[{"href":"https:\/\/www.europesays.com\/pt\/wp-json\/wp\/v2\/media?parent=118107"}],"wp:term":[{"taxonomy":"category","embeddable":true,"href":"https:\/\/www.europesays.com\/pt\/wp-json\/wp\/v2\/categories?post=118107"},{"taxonomy":"post_tag","embeddable":true,"href":"https:\/\/www.europesays.com\/pt\/wp-json\/wp\/v2\/tags?post=118107"}],"curies":[{"name":"wp","href":"https:\/\/api.w.org\/{rel}","templated":true}]}}