{"id":118109,"date":"2025-10-20T01:11:24","date_gmt":"2025-10-20T01:11:24","guid":{"rendered":"https:\/\/www.europesays.com\/pt\/118109\/"},"modified":"2025-10-20T01:11:24","modified_gmt":"2025-10-20T01:11:24","slug":"em-dona-de-mim-leona-da-noticia-avassaladora-a-sofia","status":"publish","type":"post","link":"https:\/\/www.europesays.com\/pt\/118109\/","title":{"rendered":"Em Dona de Mim, Leona d\u00e1 noticia avassaladora a Sofia"},"content":{"rendered":"<p>Nos pr\u00f3ximos cap\u00edtulos de Dona de Mim, Leona (Clara Moneke) vai brigar com Samuel (Juan Paiva) e Filipa (Cl\u00e1udia Abreu) pela guarda de Sofia (Elis Cabral). Seu depoimento ser\u00e1 emocionante, mas n\u00e3o o suficiente para a ju\u00edza decidir que ela \u00e9 a pessoa indicada para criar a menina.<\/p>\n<p>continua depois da publicidade<\/p>\n<p>O filho de Abel (Tony Ramos) <a href=\"https:\/\/natelinha.uol.com.br\/novelas\/2025\/10\/14\/dona-de-mim-samuel-toma-decisao-e-compromete-namoro-com-leona-232568.php\" rel=\"nofollow noopener\" target=\"_blank\">explicou para a namorada que o pedido feito <\/a>pelo empres\u00e1rio antes de morrer, para que seu nome voltasse \u00e0 certid\u00e3o da garotinha, foi retomada. Uma vez voltando a fazer parte dos Boaz, \u00e9 quest\u00e3o de tempo traz\u00ea-la de volta para a mans\u00e3o.<\/p>\n<p>S\u00f3 de saber da possibilidade de ter que morar na mesma casa que Jaques (Marcello Novaes), <a href=\"https:\/\/natelinha.uol.com.br\/novelas\/dona-de-mim\/personagem\/sofia\" rel=\"nofollow noopener\" target=\"_blank\">Sofia<\/a> teve pesadelos. Percebendo medo da menina, e o seu pr\u00f3prio de se separar dela, <a href=\"https:\/\/natelinha.uol.com.br\/novelas\/dona-de-mim\/personagem\/leona\" rel=\"nofollow noopener\" target=\"_blank\">Leona<\/a> decide entrar na briga para continuar a cri\u00e1-la.<\/p>\n<p>continua depois da publicidade<\/p>\n<p>Al\u00e9m dos dois, <a href=\"https:\/\/natelinha.uol.com.br\/novelas\/dona-de-mim\/personagem\/filipa\" rel=\"nofollow noopener\" target=\"_blank\">Filipa<\/a> tamb\u00e9m vai disputar a guarda da enteada, <a href=\"https:\/\/natelinha.uol.com.br\/novelas\/2025\/10\/10\/dona-de-mim-aproximacao-de-jaques-e-sofia-preocupa-leona--232424.php\" rel=\"nofollow noopener\" target=\"_blank\">manipulada pelo filho mais novo de Rosa<\/a> (Suely Franco), cujo interesse est\u00e1 nas a\u00e7\u00f5es que a crian\u00e7a herdou. A ex-bab\u00e1 se emociona ao dar seu depoimento sobre a rela\u00e7\u00e3o que tem com a &#8220;furac\u00e3ozinho&#8221;, mas perde a tutela mesmo assim. Saiba mais!<\/p>\n<p>Em Dona de Mim, Leona perde a guarda\u00a0de Sofia<\/p>\n<p><img decoding=\"async\" loading=\"lazy\" class=\"horizontal\" src=\"https:\/\/www.europesays.com\/pt\/wp-content\/uploads\/2025\/10\/tv-globo-dona-de-mim-leona-tem-que-se-despedir-de-sofia_641.jpeg\" width=\"1280\" height=\"719\" alt=\"Em Dona de Mim, Leona d\u00e1 noticia avassaladora a Sofia\"\/><\/p>\n<p>Nos pr\u00f3ximos cap\u00edtulos de <a href=\"https:\/\/natelinha.uol.com.br\/novelas\/dona-de-mim\" rel=\"nofollow noopener\" target=\"_blank\">Dona de Mim<\/a>, Leona entra na briga com Samuel e Filipa pela guarda de Sofia. A garotinha treme s\u00f3 com a hip\u00f3tese de voltar a morar na mans\u00e3o com Jaques, mas tanto o irm\u00e3o quanto a madrasta da menina insistem em lev\u00e1-la de volta ao conv\u00edvio da fam\u00edlia.<\/p>\n<p>continua depois da publicidade<\/p>\n<p>Antes de morrer, Abel entrou com pedido na justi\u00e7a para o seu nome voltar ao registro da filha. O processo andou um tempo parado, e quando retornou o resultado saiu favor\u00e1vel.<\/p>\n<p>Com Sofia voltando a fazer parte dos Boaz, o pr\u00f3ximo passo \u00e9 recuperar a guarda da crian\u00e7a, que est\u00e1 provisoriamente com Leona, para que ela volte a morar na mans\u00e3o com toda a fam\u00edlia.<\/p>\n<p><a href=\"https:\/\/natelinha.uol.com.br\/novelas\/2025\/09\/16\/dona-de-mim-fuga-de-sofia-obriga-filipa-a-tomar-decisao-sobre-enteada-231332.php\" rel=\"nofollow noopener\" target=\"_blank\">+\u00a0Dona de Mim: Fuga de Sofia obriga Filipa a tomar decis\u00e3o sobre enteada<\/a><\/p>\n<p>Al\u00e9m de Samuel, Filipa tamb\u00e9m entra na briga judicial, atendendo a um pedido de Jaques, com quem ela vem se relacionando. O vil\u00e3o diz que sua inten\u00e7\u00e3o \u00e9 realizar um dos \u00faltimos desejos de Rosa, mas est\u00e1 mesmo \u00e9 de olho nas a\u00e7\u00f5es que a sobrinha herdou da av\u00f3.<\/p>\n<p>continua depois da publicidade<\/p>\n<p>J\u00e1 Leona sempre teve uma rela\u00e7\u00e3o de m\u00e3e e filha com a crian\u00e7a, o que a torna a pessoa ideal para educ\u00e1-la. S\u00f3 que o \u00fanico jeito de ficar com Sofia ser\u00e1 disputando a guarda dela com o namorado e a atriz.<\/p>\n<p>A audi\u00eancia ser\u00e1 marcada para o mesmo dia do desfile da cole\u00e7\u00e3o criada pela ex-bab\u00e1 em parceria com a f\u00e1brica. Por conta dos compromissos profissionais, a hero\u00edna ser\u00e1 a \u00faltima a chegar na sess\u00e3o.<\/p>\n<p>Durante o seu depoimento, Leona detalha como \u00e9 o seu relacionamento com Sofia, desde que foi contratada para cuidar dela at\u00e9 agora, tendo a guarda provis\u00f3ria h\u00e1 alguns meses, e expressa sua preocupa\u00e7\u00e3o com a garotinha caso tenha que voltar para a casa dos Boaz.<\/p>\n<p>continua depois da publicidade<\/p>\n<p>Sensibilizados, tanto Filipa quanto Samuel acolhem a neta de Yara (Cida Moreno) que chora, emocionada. Em seguida, ser\u00e1 a vez dos argumentos de Vivian (Marina Rigueira) e Ricardo (Marcos Pasquim), representantes do presidente da f\u00e1brica e da atriz.<\/p>\n<p><a href=\"https:\/\/natelinha.uol.com.br\/novelas\/2025\/10\/14\/dona-de-mim-isabela-da-recado-a-filipa-antes-de-deixar-a-mansao--232566.php\" rel=\"nofollow noopener\" target=\"_blank\">+\u00a0Dona de Mim: Isabela d\u00e1 recado a Filipa antes de deixar a mans\u00e3o<\/a><\/p>\n<p>Ap\u00f3s ouviro todos os depoimentos, a ju\u00edza decide pela namorada de Jaques que vibra ao lado dele, enquanto Leona e o namorado ficam arrasados. A advogada do neto de Rosa contesta, mas a autoridade recusa os seus argumentos.<\/p>\n<p>continua depois da publicidade<\/p>\n<p>A cena seguinte mostra Leona chegando em casa cabisbaixa, enquanto encontra for\u00e7as para explicar a Sofia que ela, infelizmente, ter\u00e1 que se mudar de novo para a mans\u00e3o dos Boaz.<\/p>\n<p>A cena est\u00e1 prevista para ir ao ar no cap\u00edtulo do dia 24 de outubro.<\/p>\n<p>O\u00a0<strong>NaTelinha<\/strong>\u00a0divulga todos os dias os\u00a0<a href=\"https:\/\/natelinha.uol.com.br\/novelas\" rel=\"nofollow noopener\" target=\"_blank\"><strong>resumos dos cap\u00edtulos<\/strong><\/a>, detalhes dos personagens, entrevistas exclusivas com o elenco e spoiler da novela Dona de Mim.\u00a0<\/p>\n<p><strong>Assista ao\u00a0v\u00eddeo de abertura da novela das sete:\u00a0\u00a0<\/strong><\/p>\n<p>                                <img decoding=\"async\" loading=\"lazy\" class=\"horizontal\" alt=\"Imagem da thumbnail do v\u00eddeo!\" src=\"https:\/\/www.europesays.com\/pt\/wp-content\/uploads\/2025\/09\/1757761575_881_hqdefault.jpg\"\/><\/p>\n","protected":false},"excerpt":{"rendered":"Nos pr\u00f3ximos cap\u00edtulos de Dona de Mim, Leona (Clara Moneke) vai brigar com Samuel (Juan Paiva) e Filipa&hellip;\n","protected":false},"author":2,"featured_media":118110,"comment_status":"","ping_status":"","sticky":false,"template":"","format":"standard","meta":{"footnotes":""},"categories":[142],"tags":[1718,114,115,4775,1719,32,33,4906,151],"class_list":{"0":"post-118109","1":"post","2":"type-post","3":"status-publish","4":"format-standard","5":"has-post-thumbnail","7":"category-tv","8":"tag-dona-de-mim","9":"tag-entertainment","10":"tag-entretenimento","11":"tag-filipa-dona-de-mim","12":"tag-leona-dona-de-mim","13":"tag-portugal","14":"tag-pt","15":"tag-sofia-dona-de-mim","16":"tag-tv"},"share_on_mastodon":{"url":"","error":""},"_links":{"self":[{"href":"https:\/\/www.europesays.com\/pt\/wp-json\/wp\/v2\/posts\/118109","targetHints":{"allow":["GET"]}}],"collection":[{"href":"https:\/\/www.europesays.com\/pt\/wp-json\/wp\/v2\/posts"}],"about":[{"href":"https:\/\/www.europesays.com\/pt\/wp-json\/wp\/v2\/types\/post"}],"author":[{"embeddable":true,"href":"https:\/\/www.europesays.com\/pt\/wp-json\/wp\/v2\/users\/2"}],"replies":[{"embeddable":true,"href":"https:\/\/www.europesays.com\/pt\/wp-json\/wp\/v2\/comments?post=118109"}],"version-history":[{"count":0,"href":"https:\/\/www.europesays.com\/pt\/wp-json\/wp\/v2\/posts\/118109\/revisions"}],"wp:featuredmedia":[{"embeddable":true,"href":"https:\/\/www.europesays.com\/pt\/wp-json\/wp\/v2\/media\/118110"}],"wp:attachment":[{"href":"https:\/\/www.europesays.com\/pt\/wp-json\/wp\/v2\/media?parent=118109"}],"wp:term":[{"taxonomy":"category","embeddable":true,"href":"https:\/\/www.europesays.com\/pt\/wp-json\/wp\/v2\/categories?post=118109"},{"taxonomy":"post_tag","embeddable":true,"href":"https:\/\/www.europesays.com\/pt\/wp-json\/wp\/v2\/tags?post=118109"}],"curies":[{"name":"wp","href":"https:\/\/api.w.org\/{rel}","templated":true}]}}