{"id":118122,"date":"2025-10-20T01:22:09","date_gmt":"2025-10-20T01:22:09","guid":{"rendered":"https:\/\/www.europesays.com\/pt\/118122\/"},"modified":"2025-10-20T01:22:09","modified_gmt":"2025-10-20T01:22:09","slug":"patricia-poeta-faz-aparicao-com-o-filho-no-hospital-apos-revelar-que-ele-esta-em-tratamento","status":"publish","type":"post","link":"https:\/\/www.europesays.com\/pt\/118122\/","title":{"rendered":"Patr\u00edcia Poeta faz apari\u00e7\u00e3o com o filho no hospital ap\u00f3s revelar que ele est\u00e1 em tratamento"},"content":{"rendered":"<p>A apresentadora <a href=\"https:\/\/caras.com.br\/tags\/patricia-poeta\" rel=\"nofollow noopener\" target=\"_blank\"><strong>Patr\u00edcia Poeta<\/strong><\/a> est\u00e1 completando mais um ano de vida neste domingo, 19, e celebrou a data especial ao lado do filho, <strong><a href=\"https:\/\/caras.com.br\/tags\/felipe-poeta\" rel=\"nofollow noopener\" target=\"_blank\">Felipe Poeta<\/a><\/strong>, que<a href=\"https:\/\/caras.com.br\/atualidades\/quem-e-felipe-poeta-filho-de-patricia-poeta-enfrenta-problema-de-saude-e-fez-a-mae-chorar.phtml\" rel=\"nofollow noopener\" target=\"_blank\"> est\u00e1 internado para tratar um problema de sa\u00fade.<\/a> Nas redes sociais, a fam\u00edlia compartilhou registros da celebra\u00e7\u00e3o no hospital.<\/p>\n<p>Em seu perfil, Felipe compartilhou um v\u00eddeo em que aparece cantando parab\u00e9ns com um bolo no quarto do hospital. \u201cTe amo, m\u00e3e. Detalhes para a import\u00e2ncia de 19 e n\u00e3o 50\u201d, ele escreveu. O pai do rapaz, <strong>Amauri Soares<\/strong>, compartilhou registros da fam\u00edlia no hospital e mostrou o filho deitado na cama com uma guitarra no colo.<\/p>\n<p>\u201cCelebrando o anivers\u00e1rio de Patr\u00edcia Poeta com o bloco do Felip\u00e3o! Sa\u00fade e amor e vida\u201d, ele escreveu. Em seguida, mostrou que o herdeiro est\u00e1 com a perna imobilizada e se locomovendo com o apoio de muletas. \u201cRecupera\u00e7\u00e3o e amor e m\u00fasica\u201d, escreveu.<\/p>\n<p> <img loading=\"lazy\" decoding=\"async\" class=\"size-full wp-image-1020122 img-fluid lazy\" alt=\"Patr\u00edcia Poeta celebra anivers\u00e1rio com o filho no hospital - Foto: Reprodu\u00e7\u00e3o\/Instagram @patriciapoeta\" width=\"392\" height=\"691\" src=\"https:\/\/www.europesays.com\/pt\/wp-content\/uploads\/2025\/10\/patricia-poeta4.jpg\"  \/>Patr\u00edcia Poeta celebra anivers\u00e1rio com o filho no hospital \u2013 Foto: Reprodu\u00e7\u00e3o\/Instagram @patriciapoeta <img loading=\"lazy\" decoding=\"async\" class=\"size-full wp-image-1020123 img-fluid lazy\" alt=\"Patr\u00edcia Poeta celebra anivers\u00e1rio com o filho no hospital - Foto: Reprodu\u00e7\u00e3o\/Instagram @patriciapoeta\" width=\"390\" height=\"693\" src=\"https:\/\/www.europesays.com\/pt\/wp-content\/uploads\/2025\/10\/patricia-poeta3.jpg\"  \/>Patr\u00edcia Poeta celebra anivers\u00e1rio com o filho no hospital \u2013 Foto: Reprodu\u00e7\u00e3o\/Instagram @patriciapoeta <img loading=\"lazy\" decoding=\"async\" class=\"size-full wp-image-1020124 img-fluid lazy\" alt=\"Patr\u00edcia Poeta celebra anivers\u00e1rio com o filho no hospital - Foto: Reprodu\u00e7\u00e3o\/Instagram @patriciapoeta\" width=\"393\" height=\"690\" src=\"https:\/\/www.europesays.com\/pt\/wp-content\/uploads\/2025\/10\/patricia-poeta1.jpg\"  \/>Patr\u00edcia Poeta celebra anivers\u00e1rio com o filho no hospital \u2013 Foto: Reprodu\u00e7\u00e3o\/Instagram @patriciapoeta <img loading=\"lazy\" decoding=\"async\" class=\"size-full wp-image-1020125 img-fluid lazy\" alt=\"Patr\u00edcia Poeta celebra anivers\u00e1rio com o filho no hospital - Foto: Reprodu\u00e7\u00e3o\/Instagram @patriciapoeta\" width=\"387\" height=\"693\" src=\"https:\/\/www.europesays.com\/pt\/wp-content\/uploads\/2025\/10\/patricia-poeta.jpg\"  \/>Patr\u00edcia Poeta celebra anivers\u00e1rio com o filho no hospital \u2013 Foto: Reprodu\u00e7\u00e3o\/Instagram @patriciapoeta A sa\u00fade de Felipe Poeta <\/p>\n<p>Para quem n\u00e3o acompanhou, Patr\u00edcia Poeta se emocionou durante uma homenagem aos seus 25 anos de carreira na TV Globo, exibida na \u00faltima sexta-feira, 17. Durante o programa, ela abriu o cora\u00e7\u00e3o e compartilhou que passa por um momento delicado relacionado \u00e0 sa\u00fade de seu filho, Felipe Poeta,<a href=\"https:\/\/caras.com.br\/tv\/patricia-poeta-se-emociona-ao-revelar-que-o-filho-esta-em-tratamento.phtml\" rel=\"nofollow noopener\" target=\"_blank\"> que est\u00e1 tratando um problema de sa\u00fade h\u00e1 cerca de dois meses.<\/a><\/p>\n<p>\u201cEu estou emocionada, porque esse momento da minha vida, em termos pessoais, est\u00e1 sendo um dos mais dif\u00edceis. H\u00e1 dois meses meu filho est\u00e1 se tratando. Ent\u00e3o, o que eu queria dizer para voc\u00eas \u00e9 que voc\u00eas s\u00e3o o respiro e a leveza que eu falo sempre, que a gente tem um pouco de leveza no dia a dia. Ent\u00e3o, muito obrigada\u201c, declarou a apresentadora.<\/p>\n<p>Al\u00e9m disso, \u00e0 \u2018Quem\u2019, a assessoria informou que Felipe teve uma infec\u00e7\u00e3o, passou por uma cirurgia e est\u00e1 se recuperando bem.<\/p>\n<p>Leia tamb\u00e9m: <a href=\"https:\/\/caras.com.br\/atualidades\/quem-e-felipe-poeta-filho-de-patricia-poeta-enfrenta-problema-de-saude-e-fez-a-mae-chorar.phtml\" rel=\"nofollow noopener\" target=\"_blank\">Quem \u00e9 Felipe Poeta? Filho de Patr\u00edcia Poeta enfrenta problema de sa\u00fade e fez a m\u00e3e chorar<\/a><\/p>\n<blockquote class=\"instagram-media\" style=\"background: #FFF; border: 0; border-radius: 3px; box-shadow: 0 0 1px 0 rgba(0,0,0,0.5),0 1px 10px 0 rgba(0,0,0,0.15); margin: 1px; max-width: 540px; min-width: 326px; padding: 0; width: calc(100% - 2px);\" data-instgrm-captioned=\"\" data-instgrm-permalink=\"https:\/\/www.instagram.com\/p\/DO1pMbwErA1\/?utm_source=ig_embed&amp;utm_campaign=loading\" data-instgrm-version=\"14\"><\/blockquote>\n<p>\u00a0<\/p>\n<p>\u00a0<\/p>\n<p>        <a href=\"https:\/\/caras.com.br\/autor\/juliana-dracz\" rel=\"nofollow noopener\" target=\"_blank\">&#13;<br \/>\n          <img loading=\"lazy\" decoding=\"async\" alt=\"Juliana Dracz\" src=\"https:\/\/www.europesays.com\/pt\/wp-content\/uploads\/2025\/09\/436551461_2434711450057729_5105646040807821088_n_sqmd.png\" class=\"avatar avatar-115 photo rounded-circle\" height=\"115\" width=\"115\"\/>        <\/a><\/p>\n<p>Juliana Dracz \u00e9 rep\u00f3rter de conte\u00fado do site CARAS. Formada em Jornalismo pela Universidade Cat\u00f3lica de Bras\u00edlia, ela j\u00e1 trabalhou em grandes sites de entretenimento. Atualmente, escreve sobre novelas, celebridades e TV.<\/p>\n<ul class=\"terms-list post_tag list-inline\">\n<li class=\"felipe-poeta list-inline-item\">\n\t\t\t\t\t<a href=\"https:\/\/caras.com.br\/tags\/felipe-poeta\" class=\"item-category\" rel=\"nofollow noopener\" target=\"_blank\">Felipe Poeta<\/a>\n\t\t\t\t<\/li>\n<li class=\"patricia-poeta list-inline-item\">\n\t\t\t\t\t<a href=\"https:\/\/caras.com.br\/tags\/patricia-poeta\" class=\"item-category\" rel=\"nofollow noopener\" target=\"_blank\">patricia poeta<\/a>\n\t\t\t\t<\/li>\n<\/ul>\n<p>\t                                            <script async src=\"\/\/www.instagram.com\/embed.js\"><\/script><\/p>\n","protected":false},"excerpt":{"rendered":"A apresentadora Patr\u00edcia Poeta est\u00e1 completando mais um ano de vida neste domingo, 19, e celebrou a data&hellip;\n","protected":false},"author":2,"featured_media":118123,"comment_status":"","ping_status":"","sticky":false,"template":"","format":"standard","meta":{"footnotes":""},"categories":[145],"tags":[211,210,114,115,27570,10994,32,33],"class_list":{"0":"post-118122","1":"post","2":"type-post","3":"status-publish","4":"format-standard","5":"has-post-thumbnail","7":"category-celebridades","8":"tag-celebridades","9":"tag-celebrities","10":"tag-entertainment","11":"tag-entretenimento","12":"tag-felipe-poeta","13":"tag-patricia-poeta","14":"tag-portugal","15":"tag-pt"},"share_on_mastodon":{"url":"","error":""},"_links":{"self":[{"href":"https:\/\/www.europesays.com\/pt\/wp-json\/wp\/v2\/posts\/118122","targetHints":{"allow":["GET"]}}],"collection":[{"href":"https:\/\/www.europesays.com\/pt\/wp-json\/wp\/v2\/posts"}],"about":[{"href":"https:\/\/www.europesays.com\/pt\/wp-json\/wp\/v2\/types\/post"}],"author":[{"embeddable":true,"href":"https:\/\/www.europesays.com\/pt\/wp-json\/wp\/v2\/users\/2"}],"replies":[{"embeddable":true,"href":"https:\/\/www.europesays.com\/pt\/wp-json\/wp\/v2\/comments?post=118122"}],"version-history":[{"count":0,"href":"https:\/\/www.europesays.com\/pt\/wp-json\/wp\/v2\/posts\/118122\/revisions"}],"wp:featuredmedia":[{"embeddable":true,"href":"https:\/\/www.europesays.com\/pt\/wp-json\/wp\/v2\/media\/118123"}],"wp:attachment":[{"href":"https:\/\/www.europesays.com\/pt\/wp-json\/wp\/v2\/media?parent=118122"}],"wp:term":[{"taxonomy":"category","embeddable":true,"href":"https:\/\/www.europesays.com\/pt\/wp-json\/wp\/v2\/categories?post=118122"},{"taxonomy":"post_tag","embeddable":true,"href":"https:\/\/www.europesays.com\/pt\/wp-json\/wp\/v2\/tags?post=118122"}],"curies":[{"name":"wp","href":"https:\/\/api.w.org\/{rel}","templated":true}]}}