{"id":118124,"date":"2025-10-20T01:23:10","date_gmt":"2025-10-20T01:23:10","guid":{"rendered":"https:\/\/www.europesays.com\/pt\/118124\/"},"modified":"2025-10-20T01:23:10","modified_gmt":"2025-10-20T01:23:10","slug":"festa-surpresa-junta-centenas-de-arquitetos-para-homenagear-o-senhor-jorge","status":"publish","type":"post","link":"https:\/\/www.europesays.com\/pt\/118124\/","title":{"rendered":"Festa surpresa junta centenas de arquitetos para homenagear o senhor Jorge"},"content":{"rendered":"<p class=\"category\"><a href=\"https:\/\/sicnoticias.pt\/pais\" rel=\"nofollow noopener\" target=\"_blank\">Pa\u00eds<\/a><\/p>\n<p>O que faz uma multid\u00e3o de arquitetos, num s\u00e1bado \u00e0 tarde, na esplanada da Faculdade de Arquitetura do Porto? Uma festa para um funcion\u00e1rio querido de todos.<\/p>\n<p><img decoding=\"async\" src=\"https:\/\/www.europesays.com\/pt\/wp-content\/uploads\/2025\/10\/1760923390_290_mw-1200.webp\" alt=\"\"\/><\/p>\n<p>Loading&#8230;<\/p>\n<p><strong>Cerca de 1500 estudantes e ex-estudantes da Faculdade de Arquitetura do Porto juntaram-se para homenagear um funcion\u00e1rio da secretaria que chegou \u00e0 idade da reforma.<\/strong><\/p>\n<p>Na hora da despedida, oito gera\u00e7\u00f5es de arquitetos quiseram dizer &#8216;obrigado&#8217; ao &#8220;senhor Jorge&#8221;.<\/p>\n<p>Uma festa-supresa que serviu para recordar a greve de fome levada a cabo por Jorge Vieira em 1993, que permitiu a integra\u00e7\u00e3o de 75 trabalhadores prec\u00e1rios na Universidade do Porto.<\/p>\n<p>O &#8220;senhor Jorge&#8221; sabe de cor praticamente os nomes de todos os ex-estudantes.<\/p>\n<p>A proximidade nasceu em 1993, quando o governo de ent\u00e3o, liderado por Cavaco Silva, resolveu dispensar 75 funcion\u00e1rios com v\u00ednculo prec\u00e1rio \u00e0 Universidade do Porto. Jorge Vieira entrou em greve de fome.<\/p>\n<p>Num movimento sem precedentes, os estudantes de arquitetura fecharam a faculdade e juntaram-se ao protesto.<\/p>\n<p>A express\u00e3o do reconhecimento dos estudantes de Arquitectura fica gravada noutra das grandes paix\u00f5es de Jorge Vieira: uma camisola do FC do Porto com as assinaturas de todos os jogadores da temporada 25\/26.<\/p>\n","protected":false},"excerpt":{"rendered":"Pa\u00eds O que faz uma multid\u00e3o de arquitetos, num s\u00e1bado \u00e0 tarde, na esplanada da Faculdade de Arquitetura&hellip;\n","protected":false},"author":2,"featured_media":118125,"comment_status":"","ping_status":"","sticky":false,"template":"","format":"standard","meta":{"footnotes":""},"categories":[144],"tags":[207,205,206,203,201,202,204,114,115,32,33],"class_list":{"0":"post-118124","1":"post","2":"type-post","3":"status-publish","4":"format-standard","5":"has-post-thumbnail","7":"category-arte-e-design","8":"tag-arte","9":"tag-arte-e-design","10":"tag-artedesign","11":"tag-arts","12":"tag-arts-and-design","13":"tag-artsanddesign","14":"tag-design","15":"tag-entertainment","16":"tag-entretenimento","17":"tag-portugal","18":"tag-pt"},"share_on_mastodon":{"url":"","error":""},"_links":{"self":[{"href":"https:\/\/www.europesays.com\/pt\/wp-json\/wp\/v2\/posts\/118124","targetHints":{"allow":["GET"]}}],"collection":[{"href":"https:\/\/www.europesays.com\/pt\/wp-json\/wp\/v2\/posts"}],"about":[{"href":"https:\/\/www.europesays.com\/pt\/wp-json\/wp\/v2\/types\/post"}],"author":[{"embeddable":true,"href":"https:\/\/www.europesays.com\/pt\/wp-json\/wp\/v2\/users\/2"}],"replies":[{"embeddable":true,"href":"https:\/\/www.europesays.com\/pt\/wp-json\/wp\/v2\/comments?post=118124"}],"version-history":[{"count":0,"href":"https:\/\/www.europesays.com\/pt\/wp-json\/wp\/v2\/posts\/118124\/revisions"}],"wp:featuredmedia":[{"embeddable":true,"href":"https:\/\/www.europesays.com\/pt\/wp-json\/wp\/v2\/media\/118125"}],"wp:attachment":[{"href":"https:\/\/www.europesays.com\/pt\/wp-json\/wp\/v2\/media?parent=118124"}],"wp:term":[{"taxonomy":"category","embeddable":true,"href":"https:\/\/www.europesays.com\/pt\/wp-json\/wp\/v2\/categories?post=118124"},{"taxonomy":"post_tag","embeddable":true,"href":"https:\/\/www.europesays.com\/pt\/wp-json\/wp\/v2\/tags?post=118124"}],"curies":[{"name":"wp","href":"https:\/\/api.w.org\/{rel}","templated":true}]}}