{"id":118132,"date":"2025-10-20T01:29:10","date_gmt":"2025-10-20T01:29:10","guid":{"rendered":"https:\/\/www.europesays.com\/pt\/118132\/"},"modified":"2025-10-20T01:29:10","modified_gmt":"2025-10-20T01:29:10","slug":"mulheres-entre-40-e-59-anos-sao-as-principais-vitimas-de-cancer-de-mama-em-sc","status":"publish","type":"post","link":"https:\/\/www.europesays.com\/pt\/118132\/","title":{"rendered":"Mulheres entre 40 e 59 anos s\u00e3o as principais v\u00edtimas de c\u00e2ncer de mama em SC"},"content":{"rendered":"<p>                            <img width=\"944\" height=\"531\" src=\"https:\/\/www.europesays.com\/pt\/wp-content\/uploads\/2025\/10\/cancer-de-mama-6-944x531.jpg\" class=\"attachment-custom-large size-custom-large article-featured-image\" alt=\"c\u00e2ncer de mama\" fetchpriority=\"high\" decoding=\"async\"  \/><\/p>\n<p>Grande Florian\u00f3polis lidera com n\u00famero de mortes em 2025 (Foto: Banco de imagens)<\/p>\n<p>Neste domingo (19) \u00e9 celebrado o Dia Mundial de Combate ao C\u00e2ncer de Mama, que integra a campanha Outubro Rosa de conscientiza\u00e7\u00e3o sobre a doen\u00e7a. Em Santa Catarina, 1277 mulheres morreram em decorr\u00eancia da doen\u00e7a entre janeiro de 2024 e junho de 2025. A maior parte das mortes foi de mulheres de 40 a 59 anos.<\/p>\n<p>Continua depois da publicidade<\/p>\n<p>Segundo dados da Secretaria de Estado da Sa\u00fade de Santa Catarina (SES\/SC), foram 471 mortes nesta faixa et\u00e1ria no per\u00edodo, grupo que mais teve casos de c\u00e2ncer de mama que levaram a morte. Depois aparecem as mulheres de 60 a 69 anos, com 274 mortes, 70 a 79 anos, com 230 mortes, e mais de 80 anos, com 218 mortes.<\/p>\n<p>A mamografia, exame fundamental para a detec\u00e7\u00e3o precoce do c\u00e2ncer de mama, come\u00e7ou a ser recomendada pelo Minist\u00e9rio da Sa\u00fade para mulheres a partir dos 40 anos no m\u00eas passado. At\u00e9 ent\u00e3o, a orienta\u00e7\u00e3o era que o exame fosse feito a partir dos 50 anos de idade.<\/p>\n<p>A amplia\u00e7\u00e3o ocorre por conta do crescimento dos casos da doen\u00e7a nessa faixa et\u00e1ria. De acordo com o minist\u00e9rio, mulheres de 40 a 49 anos concentram 23% dos casos da doen\u00e7a no pa\u00eds. Tamb\u00e9m foi ampliado o rastreamento ativo, quando a mamografia \u00e9 solicitada de forma preventiva a cada dois anos, com idade limite que\u00a0passa a ser de 74 anos. Quase 60% dos casos de c\u00e2ncer de mama est\u00e3o concentrados entre 50 e 74 anos.<\/p>\n<p>Mortes c\u00e2ncer de mama por idade em SC em 2025<\/p>\n<p>Continua depois da publicidade<\/p>\n<p>Em todo o ano de 2024 foram 836 mortes por conta da doen\u00e7a, enquanto at\u00e9 junho deste ano a SES registrou 441 \u00f3bitos. Ainda, os dados revelam as regi\u00f5es onde a doen\u00e7a deixou mais v\u00edtimas em 2025. A Grande Florian\u00f3polis lidera, seguida da Foz do Rio Itaja\u00ed e da regi\u00e3o Nordeste. Confira abaixo:<\/p>\n<ul class=\"wp-block-list\">\n<li>Grande Florian\u00f3polis \u2013 89<\/li>\n<li>Foz do Rio Itaja\u00ed \u2013 64<\/li>\n<li>Nordeste \u2013 51<\/li>\n<li>M\u00e9dio Vale do Itaja\u00ed \u2013 50<\/li>\n<li>Vale do Itapocu \u2013 25<\/li>\n<li>Carbon\u00edfera \u2013 20<\/li>\n<li>Oeste \u2013 19<\/li>\n<li>Alto Vale do Itaja\u00ed \u2013 19<\/li>\n<li>Meio Oeste \u2013 16<\/li>\n<li>Alto Vale Rio do Peixe \u2013 15<\/li>\n<li>Serra Catarinense \u2013 15<\/li>\n<li>Planalto Norte \u2013 12<\/li>\n<li>Xanxer\u00ea \u2013 11<\/li>\n<li>Alto Uruguai Catarinense \u2013 10<\/li>\n<li>Laguna \u2013 13<\/li>\n<li>Extremo Sul \u2013 8<\/li>\n<li>Extremo Oeste \u2013 4<\/li>\n<\/ul>\n<p>Taxa de mortalidade<\/p>\n<p>De acordo com dados do Sistema de Informa\u00e7\u00e3o sobre Mortalidade fornecidos pela SES, a taxa de mortalidade por c\u00e2ncer de mama foi de 20,6. O \u00edndice \u00e9 o mais alto entre as mulheres catarinenses, seguido do c\u00e2ncer de traqueia, br\u00f4nquios e pulm\u00f5es, com 17,2 de taxa de mortalidade. A doen\u00e7a \u00e9 a que mais mata entre os homens de Santa Catarina, com taxa de 24,8.<\/p>\n<p>As regi\u00f5es com as maiores taxas de mortalidade por c\u00e2ncer de mama foram a Serra catarinense (27,4), o Alto Vale do Itaja\u00ed (25,4) e o Planalto Norte (24,1) em 2024. A taxa de mortalidade cresce conforme a faixa et\u00e1ria, sendo de 8 entre 30 e 39 anos, 19,4 de 40 a 49 anos, 37,7 de 50 a 59 anos e 49,9 de 60 a 69 anos.<\/p>\n<p>Continua depois da publicidade<\/p>\n<p>A\u00e7\u00f5es de combate ao c\u00e2ncer de mama<\/p>\n<p>Os m\u00eas de Outubro Rosa re\u00fane a\u00e7\u00f5es de combate ao c\u00e2ncer de mama em Santa Catarina, realizadas por parte da Secretaria de Estado da Sa\u00fade (SES). Em nota recente, a SES afirmou que a\u00e7\u00f5es de conscientiza\u00e7\u00e3o e preven\u00e7\u00e3o est\u00e3o previstas para ocorrer em hospitais da rede estadual.<\/p>\n<p>Ainda, houve o lan\u00e7amento da Unidade M\u00f3vel Sa\u00fade da Mulher, com carretas que percorrer\u00e3o as 17 regionais de sa\u00fade, oferecendo mamografias e ultrassonografias para mulheres na fila de espera.<\/p>\n<p>\u2014 Desde 2023 estamos realizando a\u00e7\u00f5es para ampliar os atendimentos e melhorar o acesso aos servi\u00e7os de sa\u00fade, agora no Outubro Rosa, estamos intensificando as a\u00e7\u00f5es voltadas \u00e0s mulheres. Estamos investindo em diversas frentes, como parcerias com os munic\u00edpios, aquisi\u00e7\u00e3o de equipamentos e novos investimentos na \u00e1rea. A Carreta trar\u00e1 resultados importantes para garantir que essas mulheres tenham apoio e acesso direto aos servi\u00e7os. Seguimos o Plano de Governo, avan\u00e7ando e entregando muito mais \u2014 destacou o secret\u00e1rio de Estado da Sa\u00fade, Diogo Demarchi.<\/p>\n<p>Em 2024, cerca de 3,2 mil pessoas receberam o diagn\u00f3stico de c\u00e2ncer de mama e 170 mil mamografias foram realizadas pelo Sistema \u00danico de Sa\u00fade (SUS). O n\u00famero representa um crescimento de mais de 13% no n\u00famero de exames de rastreamento desde 2022.<\/p>\n<p>Continua depois da publicidade<\/p>\n<p>Leia tamb\u00e9m<\/p>\n<p><a href=\"https:\/\/www.nsctotal.com.br\/noticias\/diagnostico-de-cancer-de-mama-traz-medo-e-impacta-na-saude-mental-de-mulheres\" target=\"_blank\" rel=\"noreferrer noopener nofollow\"><strong>Diagn\u00f3stico de c\u00e2ncer de mama traz medo e impacta na sa\u00fade mental de mulheres<\/strong><\/a><\/p>\n<p><a href=\"https:\/\/www.nsctotal.com.br\/noticias\/erro-em-diagnostico-faz-mulher-passar-por-quimioterapia-sem-ter-cancer-em-chapeco\" target=\"_blank\" rel=\"noreferrer noopener nofollow\"><strong>Erro em diagn\u00f3stico faz mulher passar por quimioterapia sem ter c\u00e2ncer em Chapec\u00f3<\/strong><\/a><\/p>\n","protected":false},"excerpt":{"rendered":"Grande Florian\u00f3polis lidera com n\u00famero de mortes em 2025 (Foto: Banco de imagens) Neste domingo (19) \u00e9 celebrado&hellip;\n","protected":false},"author":2,"featured_media":118133,"comment_status":"","ping_status":"","sticky":false,"template":"","format":"standard","meta":{"footnotes":""},"categories":[86],"tags":[829,116,32,33,117],"class_list":{"0":"post-118132","1":"post","2":"type-post","3":"status-publish","4":"format-standard","5":"has-post-thumbnail","7":"category-saude","8":"tag-conteudo-liberado","9":"tag-health","10":"tag-portugal","11":"tag-pt","12":"tag-saude"},"share_on_mastodon":{"url":"","error":""},"_links":{"self":[{"href":"https:\/\/www.europesays.com\/pt\/wp-json\/wp\/v2\/posts\/118132","targetHints":{"allow":["GET"]}}],"collection":[{"href":"https:\/\/www.europesays.com\/pt\/wp-json\/wp\/v2\/posts"}],"about":[{"href":"https:\/\/www.europesays.com\/pt\/wp-json\/wp\/v2\/types\/post"}],"author":[{"embeddable":true,"href":"https:\/\/www.europesays.com\/pt\/wp-json\/wp\/v2\/users\/2"}],"replies":[{"embeddable":true,"href":"https:\/\/www.europesays.com\/pt\/wp-json\/wp\/v2\/comments?post=118132"}],"version-history":[{"count":0,"href":"https:\/\/www.europesays.com\/pt\/wp-json\/wp\/v2\/posts\/118132\/revisions"}],"wp:featuredmedia":[{"embeddable":true,"href":"https:\/\/www.europesays.com\/pt\/wp-json\/wp\/v2\/media\/118133"}],"wp:attachment":[{"href":"https:\/\/www.europesays.com\/pt\/wp-json\/wp\/v2\/media?parent=118132"}],"wp:term":[{"taxonomy":"category","embeddable":true,"href":"https:\/\/www.europesays.com\/pt\/wp-json\/wp\/v2\/categories?post=118132"},{"taxonomy":"post_tag","embeddable":true,"href":"https:\/\/www.europesays.com\/pt\/wp-json\/wp\/v2\/tags?post=118132"}],"curies":[{"name":"wp","href":"https:\/\/api.w.org\/{rel}","templated":true}]}}