{"id":118138,"date":"2025-10-20T01:33:08","date_gmt":"2025-10-20T01:33:08","guid":{"rendered":"https:\/\/www.europesays.com\/pt\/118138\/"},"modified":"2025-10-20T01:33:08","modified_gmt":"2025-10-20T01:33:08","slug":"papa-que-os-instrumentos-da-guerra-cedam-lugar-aos-da-paz","status":"publish","type":"post","link":"https:\/\/www.europesays.com\/pt\/118138\/","title":{"rendered":"Papa: que os instrumentos da guerra cedam lugar aos da paz"},"content":{"rendered":"<p>O Papa pediu o fim da viol\u00eancia na Terra Santa, Ucr\u00e2nia e Mianmar, onde continuam chegando not\u00edcias de viol\u00eancia contra pessoas e infraestruturas civis: os respons\u00e1veis internacionais devem agir com &#8220;sabedoria e perseveran\u00e7a&#8221;. Ele prestou homenagem &#8220;aos homens e mulheres que deixaram tudo para levar o Evangelho a quem n\u00e3o o conhece&#8221;. Entre os presentes na Pra\u00e7a S\u00e3o Pedro para a missa de canoniza\u00e7\u00e3o estavam os presidentes da It\u00e1lia e do L\u00edbano.<\/p>\n<p><b>Mariangela Jaguraba \u2013 Vatican News<\/b><\/p>\n<p>No final da missa de canoniza\u00e7\u00e3o celebrada na Pra\u00e7a S\u00e3o Pedro, neste domingo, 19 de outubro, 29\u00ba do Tempo Comum e Dia Mundial das Miss\u00f5es, o Papa Le\u00e3o XIV saudou cordialmente todos aqueles que participaram da celebra\u00e7\u00e3o definida pelo Pont\u00edfice &#8220;uma grande festa da santidade&#8221;.<\/p>\n<p>O Papa agradeceu aos cardeais, patriarcas e bispos presentes. Saudou tamb\u00e9m com gratid\u00e3o o presidente da Rep\u00fablica Italiana, Sergio Mattarella, e o presidente do L\u00edbano, Joseph Aoun, e as ilustres delega\u00e7\u00f5es oficiais, especialmente as da Arm\u00eania e da Venezuela.<\/p>\n<blockquote>\n<p>\u201cAcolho com alegria as filhas espirituais das Fundadoras canonizadas hoje e as diversas comunidades e associa\u00e7\u00f5es inspiradas pelos carismas dos novos Santos. Obrigado a todos pela sua dedicada participa\u00e7\u00e3o.\u201d<\/p>\n<\/blockquote>\n<p>A seguir, saudou &#8220;<b>os demais peregrinos presentes, especialmente a Irmandade do Senhor dos Milagres, que celebrou a tradicional prociss\u00e3o<\/b>&#8220;.<\/p>\n<p>Le\u00e3o XIV recordou que neste domingo celebra-se o Dia Mundial das Miss\u00f5es, e acrescentou:<\/p>\n<blockquote>\n<p>\u201cA Igreja \u00e9 inteiramente mission\u00e1ria, mas hoje rezamos especialmente por aqueles homens e mulheres que deixaram tudo para levar o Evangelho a quem n\u00e3o o conhece. Eles s\u00e3o mission\u00e1rios de esperan\u00e7a entre os povos. Que o Senhor os aben\u00e7oe!\u201d<\/p>\n<\/blockquote>\n<p>A seguir, o Papa fez um apelo pelo cessar-fogo em Mianmar, definindo como &#8220;<b>dolorosas<\/b>&#8221; as not\u00edcias que chegam deste pa\u00eds do Sudeste Asi\u00e1tico, pois &#8220;<b>relatam cont\u00ednuos confrontos armados e bombardeios a\u00e9reos, mesmo contra pessoas e infraestruturas civis<\/b>&#8220;.<\/p>\n<blockquote>\n<p>\u201cEstou pr\u00f3ximo de todos aqueles que sofrem por causa da viol\u00eancia, da inseguran\u00e7a e de tantas dificuldades. Renovo o meu apelo sincero para que se chegue a um cessar-fogo imediato e eficaz. Que os instrumentos da guerra cedam lugar aos da paz, atrav\u00e9s de um di\u00e1logo inclusivo e construtivo!\u201d<\/p>\n<\/blockquote>\n<p>Por fim, Le\u00e3o XIV convidou a confiar &#8220;<b>\u00e0 intercess\u00e3o da Virgem Maria e dos novos Santos a nossa cont\u00ednua ora\u00e7\u00e3o pela paz, na Terra Santa, na Ucr\u00e2nia e em outros lugares de guerra<\/b>&#8220;. &#8220;Que Deus conceda a todos os respons\u00e1veis sabedoria e perseveran\u00e7a, para avan\u00e7ar na busca de uma paz justa e duradoura&#8221;, concluiu.<\/p>\n","protected":false},"excerpt":{"rendered":"O Papa pediu o fim da viol\u00eancia na Terra Santa, Ucr\u00e2nia e Mianmar, onde continuam chegando not\u00edcias de&hellip;\n","protected":false},"author":2,"featured_media":118139,"comment_status":"","ping_status":"","sticky":false,"template":"","format":"standard","meta":{"footnotes":""},"categories":[50],"tags":[5834,27,28,15,16,830,14,25,26,21,22,27571,3121,62,12,13,19,20,811,806,23,24,10353,11583,17,18,840,29,30,31,63,64,65],"class_list":{"0":"post-118138","1":"post","2":"type-post","3":"status-publish","4":"format-standard","5":"has-post-thumbnail","7":"category-mundo","8":"tag-angelus","9":"tag-breaking-news","10":"tag-breakingnews","11":"tag-featured-news","12":"tag-featurednews","13":"tag-guerra","14":"tag-headlines","15":"tag-latest-news","16":"tag-latestnews","17":"tag-main-news","18":"tag-mainnews","19":"tag-mianmar","20":"tag-missionarios","21":"tag-mundo","22":"tag-news","23":"tag-noticias","24":"tag-noticias-principais","25":"tag-noticiasprincipais","26":"tag-papa-leao-xiv","27":"tag-paz","28":"tag-principais-noticias","29":"tag-principaisnoticias","30":"tag-santos-e-beatos","31":"tag-terra-santa","32":"tag-top-stories","33":"tag-topstories","34":"tag-ucrania","35":"tag-ultimas","36":"tag-ultimas-noticias","37":"tag-ultimasnoticias","38":"tag-world","39":"tag-world-news","40":"tag-worldnews"},"share_on_mastodon":{"url":"","error":""},"_links":{"self":[{"href":"https:\/\/www.europesays.com\/pt\/wp-json\/wp\/v2\/posts\/118138","targetHints":{"allow":["GET"]}}],"collection":[{"href":"https:\/\/www.europesays.com\/pt\/wp-json\/wp\/v2\/posts"}],"about":[{"href":"https:\/\/www.europesays.com\/pt\/wp-json\/wp\/v2\/types\/post"}],"author":[{"embeddable":true,"href":"https:\/\/www.europesays.com\/pt\/wp-json\/wp\/v2\/users\/2"}],"replies":[{"embeddable":true,"href":"https:\/\/www.europesays.com\/pt\/wp-json\/wp\/v2\/comments?post=118138"}],"version-history":[{"count":0,"href":"https:\/\/www.europesays.com\/pt\/wp-json\/wp\/v2\/posts\/118138\/revisions"}],"wp:featuredmedia":[{"embeddable":true,"href":"https:\/\/www.europesays.com\/pt\/wp-json\/wp\/v2\/media\/118139"}],"wp:attachment":[{"href":"https:\/\/www.europesays.com\/pt\/wp-json\/wp\/v2\/media?parent=118138"}],"wp:term":[{"taxonomy":"category","embeddable":true,"href":"https:\/\/www.europesays.com\/pt\/wp-json\/wp\/v2\/categories?post=118138"},{"taxonomy":"post_tag","embeddable":true,"href":"https:\/\/www.europesays.com\/pt\/wp-json\/wp\/v2\/tags?post=118138"}],"curies":[{"name":"wp","href":"https:\/\/api.w.org\/{rel}","templated":true}]}}