{"id":118144,"date":"2025-10-20T01:37:08","date_gmt":"2025-10-20T01:37:08","guid":{"rendered":"https:\/\/www.europesays.com\/pt\/118144\/"},"modified":"2025-10-20T01:37:08","modified_gmt":"2025-10-20T01:37:08","slug":"edificio-mais-pesado-do-planeta-e-um-colosso-de-41-mil-toneladas-1-100-quartos-12-andares-e-20-mil-vagas-de-estacionamento","status":"publish","type":"post","link":"https:\/\/www.europesays.com\/pt\/118144\/","title":{"rendered":"Edif\u00edcio mais pesado do planeta \u00e9 um colosso de 4,1 mil toneladas, 1.100 quartos, 12 andares e 20 mil vagas de estacionamento"},"content":{"rendered":"<p>Ele domina a paisagem de Bucareste como um gigante de m\u00e1rmore branco. O\u00a0Pal\u00e1cio do Parlamento da Rom\u00eania\u00a0\u2014 tamb\u00e9m conhecido como\u00a0Casa do Povo\u00a0\u2014 \u00e9 mais do que o\u00a0edif\u00edcio mais pesado do planeta, com\u00a04,1 milh\u00f5es de toneladas\u00a0distribu\u00eddas em\u00a012 andares,\u00a01.100 salas\u00a0e\u00a020 mil vagas de estacionamento. \u00c9, acima de tudo, um monumento \u00e0 megalomania do ditador\u00a0Nicolae Ceau\u0219escu, que o idealizou nos anos 1980 para ser o cora\u00e7\u00e3o e o s\u00edmbolo de seu regime.<\/p>\n<p>A primeira pedra foi lan\u00e7ada em\u00a01984, no auge do regime comunista. Para abrir espa\u00e7o ao projeto,\u00a0um sexto de Bucareste foi demolido\u00a0\u2014 cerca de\u00a040 mil pessoas foram removidas \u00e0 for\u00e7a\u00a0e o hist\u00f3rico\u00a0bairro de Uranus, com suas casas e jardins, foi apagado do mapa. O pr\u00f3prio Ceau\u0219escu supervisionava semanalmente as obras, alterando projetos a seu gosto, mesmo sem compreender os planos t\u00e9cnicos.<\/p>\n<p>Mais de\u00a0100 mil trabalhadores\u00a0participaram da constru\u00e7\u00e3o, muitos deles soldados, obrigados a trabalhar em regime quase militar. O ritmo fren\u00e9tico era sustentado \u00e0 custa de vidas humanas: dezenas morreram nas obras e outros tantos sucumbiram \u00e0 exaust\u00e3o ou aos deslocamentos for\u00e7ados.<\/p>\n<p><img loading=\"lazy\" decoding=\"async\" width=\"1200\" height=\"600\" src=\"https:\/\/www.europesays.com\/pt\/wp-content\/uploads\/2025\/10\/image-142-1200x600.png\" alt=\"\" class=\"wp-image-22477\"  \/>Pal\u00e1cio do Parlamento (Reprodu\u00e7\u00e3o\/Wikimedia Commons)<\/p>\n<p><strong>O peso do m\u00e1rmore e da ambi\u00e7\u00e3o<\/strong><\/p>\n<p>De acordo com o\u00a0Guinness World Records, o edif\u00edcio consome n\u00fameros descomunais:<\/p>\n<ul class=\"wp-block-list\">\n<li><strong>700 mil toneladas de a\u00e7o e bronze<\/strong><\/li>\n<li><strong>1 milh\u00e3o de metros c\u00fabicos de m\u00e1rmore da Transilv\u00e2nia<\/strong><\/li>\n<li><strong>3.500 toneladas de vidro<\/strong><\/li>\n<li><strong>900 mil metros c\u00fabicos de madeira<\/strong><\/li>\n<li><strong>550 mil toneladas de cimento<\/strong><\/li>\n<li><strong>2 milh\u00f5es de toneladas de areia<\/strong><\/li>\n<\/ul>\n<p>No interior, h\u00e1\u00a0480 lustres,\u00a01.409 espelhos e lumin\u00e1rias\u00a0e\u00a0200 mil metros quadrados de tapetes\u00a0\u2014 tudo\u00a0produzido na Rom\u00eania, numa tentativa de exibir autossufici\u00eancia nacional.<\/p>\n<p>O pal\u00e1cio mede\u00a0270 metros de comprimento,\u00a0245 de largura\u00a0e\u00a086 de altura, al\u00e9m de\u00a092 metros subterr\u00e2neos\u00a0\u2014 o equivalente a um pr\u00e9dio de sete andares escondido sob a terra. No subsolo, Ceau\u0219escu mandou construir\u00a0um bunker nuclear\u00a0e\u00a0uma rede de 20 km de t\u00faneis secretos, que se estende at\u00e9 o aeroporto da cidade, para fuga em caso de guerra.<\/p>\n<p><strong>Luxo em tempos de escassez<\/strong><\/p>\n<p>Enquanto os sal\u00f5es do Pal\u00e1cio do Parlamento exibiam lustres de cristal e colunas de m\u00e1rmore, o povo romeno enfrentava\u00a0racionamentos de energia e comida,\u00a0apag\u00f5es\u00a0e\u00a0toques de recolher. A ironia \u00e9 que o edif\u00edcio, chamado de\u00a0Casa do Povo, foi concebido para\u00a0concentrar o poder do Estado sob o controle absoluto do ditador.<\/p>\n<p>Ceau\u0219escu jamais viu sua obra conclu\u00edda \u2014 foi\u00a0executado em 1989, antes do t\u00e9rmino da constru\u00e7\u00e3o, que s\u00f3 foi finalizada em\u00a01997.<\/p>\n<p>Hoje, o Pal\u00e1cio abriga o\u00a0Parlamento da Rom\u00eania, o\u00a0Museu Nacional de Arte Contempor\u00e2nea\u00a0e outros \u00f3rg\u00e3os p\u00fablicos. Apenas\u00a0uma fra\u00e7\u00e3o dos mais de mil c\u00f4modos\u00a0\u00e9 aberta a visitantes, por meio de visitas guiadas que revelam parte da grandiosidade e do peso hist\u00f3rico do edif\u00edcio.<\/p>\n<p>Projetado pela arquiteta\u00a0Anca Petrescu, que dedicou\u00a033 anos de sua vida\u00a0\u00e0 obra, o pal\u00e1cio \u00e9 um s\u00edmbolo amb\u00edguo:\u00a0orgulho arquitet\u00f4nico e cicatriz pol\u00edtica.<\/p>\n<p>Seu gigantismo continua a provocar fasc\u00ednio e desconforto. Para alguns, \u00e9 o\u00a0s\u00edmbolo m\u00e1ximo da capacidade t\u00e9cnica romena. Para outros, o\u00a0memorial de um tempo de opress\u00e3o e vaidade.<\/p>\n","protected":false},"excerpt":{"rendered":"Ele domina a paisagem de Bucareste como um gigante de m\u00e1rmore branco. O\u00a0Pal\u00e1cio do Parlamento da Rom\u00eania\u00a0\u2014 tamb\u00e9m&hellip;\n","protected":false},"author":2,"featured_media":118145,"comment_status":"","ping_status":"","sticky":false,"template":"","format":"standard","meta":{"footnotes":""},"categories":[144],"tags":[207,205,206,203,201,202,204,114,115,32,33],"class_list":{"0":"post-118144","1":"post","2":"type-post","3":"status-publish","4":"format-standard","5":"has-post-thumbnail","7":"category-arte-e-design","8":"tag-arte","9":"tag-arte-e-design","10":"tag-artedesign","11":"tag-arts","12":"tag-arts-and-design","13":"tag-artsanddesign","14":"tag-design","15":"tag-entertainment","16":"tag-entretenimento","17":"tag-portugal","18":"tag-pt"},"share_on_mastodon":{"url":"","error":""},"_links":{"self":[{"href":"https:\/\/www.europesays.com\/pt\/wp-json\/wp\/v2\/posts\/118144","targetHints":{"allow":["GET"]}}],"collection":[{"href":"https:\/\/www.europesays.com\/pt\/wp-json\/wp\/v2\/posts"}],"about":[{"href":"https:\/\/www.europesays.com\/pt\/wp-json\/wp\/v2\/types\/post"}],"author":[{"embeddable":true,"href":"https:\/\/www.europesays.com\/pt\/wp-json\/wp\/v2\/users\/2"}],"replies":[{"embeddable":true,"href":"https:\/\/www.europesays.com\/pt\/wp-json\/wp\/v2\/comments?post=118144"}],"version-history":[{"count":0,"href":"https:\/\/www.europesays.com\/pt\/wp-json\/wp\/v2\/posts\/118144\/revisions"}],"wp:featuredmedia":[{"embeddable":true,"href":"https:\/\/www.europesays.com\/pt\/wp-json\/wp\/v2\/media\/118145"}],"wp:attachment":[{"href":"https:\/\/www.europesays.com\/pt\/wp-json\/wp\/v2\/media?parent=118144"}],"wp:term":[{"taxonomy":"category","embeddable":true,"href":"https:\/\/www.europesays.com\/pt\/wp-json\/wp\/v2\/categories?post=118144"},{"taxonomy":"post_tag","embeddable":true,"href":"https:\/\/www.europesays.com\/pt\/wp-json\/wp\/v2\/tags?post=118144"}],"curies":[{"name":"wp","href":"https:\/\/api.w.org\/{rel}","templated":true}]}}