{"id":118146,"date":"2025-10-20T01:39:11","date_gmt":"2025-10-20T01:39:11","guid":{"rendered":"https:\/\/www.europesays.com\/pt\/118146\/"},"modified":"2025-10-20T01:39:11","modified_gmt":"2025-10-20T01:39:11","slug":"secret-story-segredo-de-fabio-e-descoberto-e-liliana-reage-assim","status":"publish","type":"post","link":"https:\/\/www.europesays.com\/pt\/118146\/","title":{"rendered":"&#8220;Secret Story&#8221;: segredo de F\u00e1bio \u00e9 descoberto&#8230; e Liliana reage assim!"},"content":{"rendered":"<p>O bot\u00e3o dos segredos voltou a ser usado, no come\u00e7o da gala deste domingo, dia 19, de &#8220;<a href=\"https:\/\/tvi.iol.pt\/secretstory\/\" target=\"_blank\" rel=\"nofollow noopener\">Secret Story &#8211; Casa dos Segredos<\/a>&#8220;.<\/p>\n<p>Desta vez, foi Joana Pinheiro que acertou no segredo de F\u00e1bio Pereira. &#8220;Envolvi-me com uma concorrente da Casa&#8221; era o mist\u00e9rio que o jovem escondeu durante mais de um m\u00eas.<\/p>\n<p>Com o segredo de F\u00e1bio revelado para os restantes concorrentes, Liliana Oliveira mostrou-se surpresa e sorridente.<\/p>\n<p>Entretanto, em conversa com Cristina Ferreira, a jovem confessou estar em &#8220;choque&#8221; com este segredo.<\/p>\n<p>Veja, agora, algumas das melhores imagens de Liliana Oliveira e F\u00e1bio Pereira nas galerias de fotografias que prepar\u00e1mos para si.<\/p>\n","protected":false},"excerpt":{"rendered":"O bot\u00e3o dos segredos voltou a ser usado, no come\u00e7o da gala deste domingo, dia 19, de &#8220;Secret&hellip;\n","protected":false},"author":2,"featured_media":105936,"comment_status":"","ping_status":"","sticky":false,"template":"","format":"standard","meta":{"footnotes":""},"categories":[142],"tags":[2632,114,115,24884,980,24883,619,32,33,1014,1315,1012,151,162],"class_list":{"0":"post-118146","1":"post","2":"type-post","3":"status-publish","4":"format-standard","5":"has-post-thumbnail","7":"category-tv","8":"tag-casa-dos-segredos","9":"tag-entertainment","10":"tag-entretenimento","11":"tag-fabio-pereira","12":"tag-famosos","13":"tag-liliana-oliveira","14":"tag-nacional","15":"tag-portugal","16":"tag-pt","17":"tag-reality-show","18":"tag-secret-story","19":"tag-selfie","20":"tag-tv","21":"tag-tvi"},"share_on_mastodon":{"url":"","error":""},"_links":{"self":[{"href":"https:\/\/www.europesays.com\/pt\/wp-json\/wp\/v2\/posts\/118146","targetHints":{"allow":["GET"]}}],"collection":[{"href":"https:\/\/www.europesays.com\/pt\/wp-json\/wp\/v2\/posts"}],"about":[{"href":"https:\/\/www.europesays.com\/pt\/wp-json\/wp\/v2\/types\/post"}],"author":[{"embeddable":true,"href":"https:\/\/www.europesays.com\/pt\/wp-json\/wp\/v2\/users\/2"}],"replies":[{"embeddable":true,"href":"https:\/\/www.europesays.com\/pt\/wp-json\/wp\/v2\/comments?post=118146"}],"version-history":[{"count":0,"href":"https:\/\/www.europesays.com\/pt\/wp-json\/wp\/v2\/posts\/118146\/revisions"}],"wp:featuredmedia":[{"embeddable":true,"href":"https:\/\/www.europesays.com\/pt\/wp-json\/wp\/v2\/media\/105936"}],"wp:attachment":[{"href":"https:\/\/www.europesays.com\/pt\/wp-json\/wp\/v2\/media?parent=118146"}],"wp:term":[{"taxonomy":"category","embeddable":true,"href":"https:\/\/www.europesays.com\/pt\/wp-json\/wp\/v2\/categories?post=118146"},{"taxonomy":"post_tag","embeddable":true,"href":"https:\/\/www.europesays.com\/pt\/wp-json\/wp\/v2\/tags?post=118146"}],"curies":[{"name":"wp","href":"https:\/\/api.w.org\/{rel}","templated":true}]}}