{"id":118159,"date":"2025-10-20T01:49:20","date_gmt":"2025-10-20T01:49:20","guid":{"rendered":"https:\/\/www.europesays.com\/pt\/118159\/"},"modified":"2025-10-20T01:49:20","modified_gmt":"2025-10-20T01:49:20","slug":"vacinas-do-tipo-covid-19-estimulam-resposta-contra-cancros-observador","status":"publish","type":"post","link":"https:\/\/www.europesays.com\/pt\/118159\/","title":{"rendered":"Vacinas do tipo covid-19 estimulam resposta contra cancros \u2013 Observador"},"content":{"rendered":"<p>As vacinas de mRNA, como as que foram utilizadas contra a covid-19, t\u00eam a capacidade de estimular resposta imunit\u00e1ria contra cancros, permitindo aos doentes viverem mais tempo, descobriram investigadores de universidades norte-americanas.<\/p>\n<p>A conclus\u00e3o resulta de um estudo realizado nos \u00faltimos anos pelas universidades da Florida e do Texas e que \u00e9 hoje apresentado no Congresso da Sociedade Europeia de Oncologia M\u00e9dica, em Berlim.<\/p>\n<p>A investiga\u00e7\u00e3o concluiu que doentes com cancro do pulm\u00e3o ou de pele em estado avan\u00e7ado e que receberam uma vacina de mRNA contra a covid-19 no prazo de 100 dias ap\u00f3s o in\u00edcio dos tratamentos de imunoterapia, viveram mais tempo do que aqueles que n\u00e3o foram vacinados.<\/p>\n<p>O mRNA (RNA mensageiro) \u00e9 a mol\u00e9cula respons\u00e1vel por transmitir uma esp\u00e9cie de mensagem gen\u00e9tica que d\u00e1 instru\u00e7\u00f5es ao sistema imunit\u00e1rio para produzir determinadas prote\u00ednas que podem prevenir ou tratar doen\u00e7as. A investiga\u00e7\u00e3o do mRNA tem sido desenvolvida nas \u00faltimas d\u00e9cadas, mas ficou mais evidente com as vacinas contra a covid-19.<\/p>\n<p>Segundo a Universidade do Texas, esta descoberta constitui um \u201cmomento decisivo em mais de uma d\u00e9cada de investiga\u00e7\u00e3o\u201d de terapias baseadas na tecnologia de mRNA concebidas para \u201cdespertar\u201d o sistema imunit\u00e1rio contra o cancro.<\/p>\n<p>Trata-se de um \u201cpasso significativo em dire\u00e7\u00e3o a uma t\u00e3o aguardada vacina universal contra o cancro\u201d, que potencie os efeitos da imunoterapia no combate aos tumores, salientou a institui\u00e7\u00e3o, real\u00e7ando que os resultados da investiga\u00e7\u00e3o, se forem validados em ensaios cl\u00ednicos, poder\u00e3o ter um impacto alargado.<\/p>\n<p>\u201cAs implica\u00e7\u00f5es s\u00e3o extraordin\u00e1rias. Isto pode revolucionar todo o campo do tratamento oncol\u00f3gico\u201d, reconheceu o investigador e oncologista Elias Sayour, para quem em causa est\u00e1 a possibilidade de desenvolvimento de uma \u201cvacina universal contra o cancro, pronta a usar, para todos os doentes oncol\u00f3gicos\u201d.<\/p>\n<p>A equipa de investiga\u00e7\u00e3o analisou os dados existentes de doentes com cancro do pulm\u00e3o de c\u00e9lulas em est\u00e1dio tr\u00eas e quatro e com melanoma metast\u00e1tico tratados no centro MD Anderson da Universidade do Texas entre 2019 e 2023.<\/p>\n<p>Descobriram que a toma de uma vacina de mRNA contra a covid-19 at\u00e9 100 dias ap\u00f3s o in\u00edcio dos tratamentos de imunoterapia estava associada a uma esperan\u00e7a de vida significativamente mais elevada, tendo a diferen\u00e7a maior ocorrida em doentes nos quais j\u00e1 n\u00e3o se esperava uma resposta imunit\u00e1ria forte.<\/p>\n<p>No caso dos doentes com cancro do pulm\u00e3o, a vacina\u00e7\u00e3o foi associada a uma mediana de sobreviv\u00eancia de quase o dobro, de 20,6 meses para 37,3 meses.<\/p>\n<p>No caso dos doentes com melanoma metast\u00e1tico, 43 receberam a vacina at\u00e9 100 dias ap\u00f3s o in\u00edcio da imunoterapia, enquanto outros 167 doentes n\u00e3o foram vacinados. Com a vacina, a sobreviv\u00eancia mediana aumentou de 26,7 meses para um intervalo de 30 a 40 meses.<\/p>\n<p>O pr\u00f3ximo passo ser\u00e1 avan\u00e7ar com um grande ensaio cl\u00ednico, atrav\u00e9s da OneFlorida+ Clinical Research Network, um cons\u00f3rcio de hospitais, centros de sa\u00fade e cl\u00ednicas na Florida, Alabama, Ge\u00f3rgia, Arkansas, Calif\u00f3rnia e Minnesota.<\/p>\n<p>\u201cOs resultados deste estudo demonstram o qu\u00e3o poderosos s\u00e3o realmente os medicamentos de mRNA e que est\u00e3o a revolucionar o tratamento do cancro\u201d, real\u00e7ou Jeff Coller, cientista especializado nessa tecnologia e professor na Universidade Johns Hopkins.<\/p>\n","protected":false},"excerpt":{"rendered":"As vacinas de mRNA, como as que foram utilizadas contra a covid-19, t\u00eam a capacidade de estimular resposta&hellip;\n","protected":false},"author":2,"featured_media":118160,"comment_status":"","ping_status":"","sticky":false,"template":"","format":"standard","meta":{"footnotes":""},"categories":[8],"tags":[27,28,9731,15,16,14,25,26,21,22,12,13,19,20,32,23,24,33,2946,6824,17,18,29,30,31,2782],"class_list":{"0":"post-118159","1":"post","2":"type-post","3":"status-publish","4":"format-standard","5":"has-post-thumbnail","7":"category-principais-noticias","8":"tag-breaking-news","9":"tag-breakingnews","10":"tag-coronavu00edrus","11":"tag-featured-news","12":"tag-featurednews","13":"tag-headlines","14":"tag-latest-news","15":"tag-latestnews","16":"tag-main-news","17":"tag-mainnews","18":"tag-news","19":"tag-noticias","20":"tag-noticias-principais","21":"tag-noticiasprincipais","22":"tag-portugal","23":"tag-principais-noticias","24":"tag-principaisnoticias","25":"tag-pt","26":"tag-sau00fade","27":"tag-sau00fade-pu00fablica","28":"tag-top-stories","29":"tag-topstories","30":"tag-ultimas","31":"tag-ultimas-noticias","32":"tag-ultimasnoticias","33":"tag-vacinas"},"share_on_mastodon":{"url":"","error":""},"_links":{"self":[{"href":"https:\/\/www.europesays.com\/pt\/wp-json\/wp\/v2\/posts\/118159","targetHints":{"allow":["GET"]}}],"collection":[{"href":"https:\/\/www.europesays.com\/pt\/wp-json\/wp\/v2\/posts"}],"about":[{"href":"https:\/\/www.europesays.com\/pt\/wp-json\/wp\/v2\/types\/post"}],"author":[{"embeddable":true,"href":"https:\/\/www.europesays.com\/pt\/wp-json\/wp\/v2\/users\/2"}],"replies":[{"embeddable":true,"href":"https:\/\/www.europesays.com\/pt\/wp-json\/wp\/v2\/comments?post=118159"}],"version-history":[{"count":0,"href":"https:\/\/www.europesays.com\/pt\/wp-json\/wp\/v2\/posts\/118159\/revisions"}],"wp:featuredmedia":[{"embeddable":true,"href":"https:\/\/www.europesays.com\/pt\/wp-json\/wp\/v2\/media\/118160"}],"wp:attachment":[{"href":"https:\/\/www.europesays.com\/pt\/wp-json\/wp\/v2\/media?parent=118159"}],"wp:term":[{"taxonomy":"category","embeddable":true,"href":"https:\/\/www.europesays.com\/pt\/wp-json\/wp\/v2\/categories?post=118159"},{"taxonomy":"post_tag","embeddable":true,"href":"https:\/\/www.europesays.com\/pt\/wp-json\/wp\/v2\/tags?post=118159"}],"curies":[{"name":"wp","href":"https:\/\/api.w.org\/{rel}","templated":true}]}}