{"id":118161,"date":"2025-10-20T01:50:11","date_gmt":"2025-10-20T01:50:11","guid":{"rendered":"https:\/\/www.europesays.com\/pt\/118161\/"},"modified":"2025-10-20T01:50:11","modified_gmt":"2025-10-20T01:50:11","slug":"em-noite-emocionante-cristina-ferreira-desfila-elegancia-e-detalhe-em-branco-chama-a-atencao","status":"publish","type":"post","link":"https:\/\/www.europesays.com\/pt\/118161\/","title":{"rendered":"Em noite emocionante, Cristina Ferreira desfila eleg\u00e2ncia&#8230; e detalhe (em branco) chama a aten\u00e7\u00e3o!"},"content":{"rendered":"<p><a href=\"https:\/\/selfie.iol.pt\/famosos\/casa-dos-segredos\/cristina-ferreira-reage-ao-desaparecimento-da-irma-de-claudio-ramos\/20251019\/68f49e96d34e58bc67970d8e\" target=\"_blank\" rel=\"nofollow noopener\">Cristina Ferreira<\/a> conduz a sexta gala de &#8220;<a href=\"https:\/\/tvi.iol.pt\/secretstory\/\" target=\"_blank\" wbo-id=\"60\" rel=\"nofollow noopener\">Secret Story &#8211; Casa dos Segredos<\/a>&#8221; com um vestido bordeaux e com um detalhe que chama bastante a aten\u00e7\u00e3o: um enorme la\u00e7o branco pela cintura.<\/p>\n<p>No Instagram, a apresentadora de 48 anos, somou muitos elogios. &#8220;Maravilhosa&#8221;; &#8220;Est\u00e1 linda&#8221; e &#8220;Lind\u00edssima&#8221; s\u00e3o exemplos.<\/p>\n<p>Veja, agora, a imagem do\u00a0look\u00a0de Cristina Ferreira na galeria de fotografias que prepar\u00e1mos para si.<\/p>\n","protected":false},"excerpt":{"rendered":"Cristina Ferreira conduz a sexta gala de &#8220;Secret Story &#8211; Casa dos Segredos&#8221; com um vestido bordeaux e&hellip;\n","protected":false},"author":2,"featured_media":118162,"comment_status":"","ping_status":"","sticky":false,"template":"","format":"standard","meta":{"footnotes":""},"categories":[145],"tags":[2632,211,210,166,114,115,980,619,32,33,1014,10771,1315,1012,162],"class_list":{"0":"post-118161","1":"post","2":"type-post","3":"status-publish","4":"format-standard","5":"has-post-thumbnail","7":"category-celebridades","8":"tag-casa-dos-segredos","9":"tag-celebridades","10":"tag-celebrities","11":"tag-cristina-ferreira","12":"tag-entertainment","13":"tag-entretenimento","14":"tag-famosos","15":"tag-nacional","16":"tag-portugal","17":"tag-pt","18":"tag-reality-show","19":"tag-roupa","20":"tag-secret-story","21":"tag-selfie","22":"tag-tvi"},"share_on_mastodon":{"url":"","error":""},"_links":{"self":[{"href":"https:\/\/www.europesays.com\/pt\/wp-json\/wp\/v2\/posts\/118161","targetHints":{"allow":["GET"]}}],"collection":[{"href":"https:\/\/www.europesays.com\/pt\/wp-json\/wp\/v2\/posts"}],"about":[{"href":"https:\/\/www.europesays.com\/pt\/wp-json\/wp\/v2\/types\/post"}],"author":[{"embeddable":true,"href":"https:\/\/www.europesays.com\/pt\/wp-json\/wp\/v2\/users\/2"}],"replies":[{"embeddable":true,"href":"https:\/\/www.europesays.com\/pt\/wp-json\/wp\/v2\/comments?post=118161"}],"version-history":[{"count":0,"href":"https:\/\/www.europesays.com\/pt\/wp-json\/wp\/v2\/posts\/118161\/revisions"}],"wp:featuredmedia":[{"embeddable":true,"href":"https:\/\/www.europesays.com\/pt\/wp-json\/wp\/v2\/media\/118162"}],"wp:attachment":[{"href":"https:\/\/www.europesays.com\/pt\/wp-json\/wp\/v2\/media?parent=118161"}],"wp:term":[{"taxonomy":"category","embeddable":true,"href":"https:\/\/www.europesays.com\/pt\/wp-json\/wp\/v2\/categories?post=118161"},{"taxonomy":"post_tag","embeddable":true,"href":"https:\/\/www.europesays.com\/pt\/wp-json\/wp\/v2\/tags?post=118161"}],"curies":[{"name":"wp","href":"https:\/\/api.w.org\/{rel}","templated":true}]}}