{"id":118163,"date":"2025-10-20T01:53:12","date_gmt":"2025-10-20T01:53:12","guid":{"rendered":"https:\/\/www.europesays.com\/pt\/118163\/"},"modified":"2025-10-20T01:53:12","modified_gmt":"2025-10-20T01:53:12","slug":"secret-story-joana-desvenda-segredo-de-fabio-e-esta-foi-a-reacao-de-liliana-secret-story","status":"publish","type":"post","link":"https:\/\/www.europesays.com\/pt\/118163\/","title":{"rendered":"Secret Story: Joana desvenda segredo de F\u00e1bio. E esta foi a rea\u00e7\u00e3o de Liliana &#8211; Secret Story"},"content":{"rendered":"<p data-end=\"417\" data-start=\"143\">Os \u00faltimos dias na casa do <a href=\"https:\/\/tvi.iol.pt\/secretstory\/\" rel=\"nofollow noopener\" target=\"_blank\"><strong data-end=\"205\" data-start=\"185\">\u201cSecret Story 9\u201d<\/strong><\/a>, o reality show da <strong data-end=\"232\" data-start=\"225\">TVI<\/strong> conduzido por <strong data-end=\"268\" data-start=\"247\">Cristina Ferreira<\/strong>, t\u00eam sido marcados por novas desconfian\u00e7as, estrat\u00e9gias e muita curiosidade em torno de um dos segredos mais comentados da edi\u00e7\u00e3o: o de <strong data-end=\"414\" data-start=\"405\">F\u00e1bio<\/strong>.<\/p>\n<p data-end=\"703\" data-start=\"419\">Tudo come\u00e7ou quando <strong data-end=\"450\" data-start=\"439\">Liliana<\/strong> correu at\u00e9 <strong data-end=\"472\" data-start=\"462\">Marisa<\/strong> para tentar perceber qual era a sua teoria sobre o segredo do amigo especial. Liliana acreditava que algu\u00e9m dentro da casa estava prestes a descobrir a verdade \u2014 e, sem o saber, <strong data-end=\"700\" data-start=\"651\">Marisa acabou por acertar no segredo de F\u00e1bio<\/strong>.<\/p>\n<p data-end=\"955\" data-start=\"705\">A teoria de Marisa era clara e acerta em cheio no segredo do concorrente: \u201cJ\u00e1 me envolvi com uma concorrente da casa.\u201d A concorrente acreditava que a pessoa em quest\u00e3o poderia ser <strong data-end=\"857\" data-start=\"849\">Vera<\/strong>, depois de seguir algumas pistas que tinham sido deixadas, de forma subtil, ao longo da semana.<\/p>\n<p data-end=\"1138\" data-start=\"957\">Determinada a confirmar as suas suspeitas, <strong data-end=\"1044\" data-start=\"1000\">Liliana decidiu procurar outras opini\u00f5es<\/strong> junto dos colegas, tentando perceber quem mais poderia estar perto de descobrir o mist\u00e9rio.<\/p>\n<p data-end=\"1138\" data-start=\"957\">Veja o v\u00eddeo do momento, em baixo.<\/p>\n<p data-end=\"1138\" data-start=\"957\">\u00a0<\/p>\n<p data-end=\"1138\" data-start=\"957\">Mas foi durante a <strong data-end=\"1178\" data-start=\"1158\">gala desta noite<\/strong> que a verdade veio ao de cima: <strong data-end=\"1258\" data-start=\"1210\">Joana acabou por acertar no segredo de F\u00e1bio<\/strong>, revelando-o em direto e surpreendendo todos na casa \u2014 inclusive Marisa, que j\u00e1 tinha estado perigosamente pr\u00f3xima da resposta certa.<\/p>\n<p data-end=\"1138\" data-start=\"957\">\u00a0<\/p>\n<p>Entre emo\u00e7\u00f5es \u00e0 flor da pele e rea\u00e7\u00f5es inesperadas, a descoberta promete mexer com as din\u00e2micas dentro da casa mais vigiada do pa\u00eds, abrindo caminho para novas alian\u00e7as\u2026 e desconfian\u00e7as.<\/p>\n<p data-end=\"1138\" data-start=\"957\"><strong>Em cima, veja a galeria de imagens do momento de arranque da gala, que prepar\u00e1mos para si.<\/strong><\/p>\n<p data-end=\"1708\" data-start=\"1586\"><strong data-end=\"1630\" data-start=\"1589\">Acompanhe tudo na TVI e no TVI Player<\/strong>, onde as emo\u00e7\u00f5es do \u201cSecret Story 9\u201d continuam a crescer a cada epis\u00f3dio.<\/p>\n","protected":false},"excerpt":{"rendered":"Os \u00faltimos dias na casa do \u201cSecret Story 9\u201d, o reality show da TVI conduzido por Cristina Ferreira,&hellip;\n","protected":false},"author":2,"featured_media":118164,"comment_status":"","ping_status":"","sticky":false,"template":"","format":"standard","meta":{"footnotes":""},"categories":[142],"tags":[8113,2632,329,333,328,335,336,114,115,334,19082,330,19016,1326,338,19184,19019,13,32,33,1014,1315,7958,8174,151,162,11841,19020,227],"class_list":{"0":"post-118163","1":"post","2":"type-post","3":"status-publish","4":"format-standard","5":"has-post-thumbnail","7":"category-tv","8":"tag-alice-alves","9":"tag-casa-dos-segredos","10":"tag-claudio-ramos","11":"tag-comentadores","12":"tag-concorrentes","13":"tag-confrontos","14":"tag-discussoes","15":"tag-entertainment","16":"tag-entretenimento","17":"tag-exclusivos","18":"tag-fabio","19":"tag-gala","20":"tag-liliana","21":"tag-mafalda-castro","22":"tag-maria-botelho-moniz","23":"tag-marisa","24":"tag-marta-cardoso","25":"tag-noticias","26":"tag-portugal","27":"tag-pt","28":"tag-reality-show","29":"tag-secret-story","30":"tag-segredo","31":"tag-segredos","32":"tag-tv","33":"tag-tvi","34":"tag-vera","35":"tag-video-do-dia","36":"tag-videos"},"share_on_mastodon":{"url":"","error":""},"_links":{"self":[{"href":"https:\/\/www.europesays.com\/pt\/wp-json\/wp\/v2\/posts\/118163","targetHints":{"allow":["GET"]}}],"collection":[{"href":"https:\/\/www.europesays.com\/pt\/wp-json\/wp\/v2\/posts"}],"about":[{"href":"https:\/\/www.europesays.com\/pt\/wp-json\/wp\/v2\/types\/post"}],"author":[{"embeddable":true,"href":"https:\/\/www.europesays.com\/pt\/wp-json\/wp\/v2\/users\/2"}],"replies":[{"embeddable":true,"href":"https:\/\/www.europesays.com\/pt\/wp-json\/wp\/v2\/comments?post=118163"}],"version-history":[{"count":0,"href":"https:\/\/www.europesays.com\/pt\/wp-json\/wp\/v2\/posts\/118163\/revisions"}],"wp:featuredmedia":[{"embeddable":true,"href":"https:\/\/www.europesays.com\/pt\/wp-json\/wp\/v2\/media\/118164"}],"wp:attachment":[{"href":"https:\/\/www.europesays.com\/pt\/wp-json\/wp\/v2\/media?parent=118163"}],"wp:term":[{"taxonomy":"category","embeddable":true,"href":"https:\/\/www.europesays.com\/pt\/wp-json\/wp\/v2\/categories?post=118163"},{"taxonomy":"post_tag","embeddable":true,"href":"https:\/\/www.europesays.com\/pt\/wp-json\/wp\/v2\/tags?post=118163"}],"curies":[{"name":"wp","href":"https:\/\/api.w.org\/{rel}","templated":true}]}}