{"id":118173,"date":"2025-10-20T02:00:25","date_gmt":"2025-10-20T02:00:25","guid":{"rendered":"https:\/\/www.europesays.com\/pt\/118173\/"},"modified":"2025-10-20T02:00:25","modified_gmt":"2025-10-20T02:00:25","slug":"ficam-presos-dentro-do-carro-tesla-investigada-por-puxadores-eletronicos-mal-sucedidos","status":"publish","type":"post","link":"https:\/\/www.europesays.com\/pt\/118173\/","title":{"rendered":"Ficam presos dentro do carro. Tesla investigada por puxadores eletr\u00f3nicos mal sucedidos"},"content":{"rendered":"<p class=\"wp-caption-text top\"><a href=\"https:\/\/depositphotos.com\/editorial\/tesla-model-s-electric-car-zero-emissions-61615685.html\" rel=\"nofollow noopener noreferrer\" data-wpel-link=\"exclude\" target=\"_blank\">ifeelstock\/DepositPhotos<\/a><\/p>\n<p><img decoding=\"async\" loading=\"lazy\" class=\"wp-image-693012 size-kopa-image-size-3\" src=\"https:\/\/www.europesays.com\/pt\/wp-content\/uploads\/2025\/10\/6cf122491ee7aeef190927f90b7cf803-783x450.jpg\" alt=\"\" width=\"700\" height=\"402\"  \/><\/p>\n<p><strong>Travam, deixam de funcionar, falham. Os puxadores das portas dos Teslas desiludiram clientes. Model Y 2021 ser\u00e1 investigado.<\/strong><\/p>\n<p>A Tesla, fabricante de ve\u00edculos de Elon Musk, est\u00e1 a enfrentar uma s\u00e9rie de cr\u00edticas devido a <strong>falhas<\/strong> <strong>nos puxadores eletr\u00f3nicos do Model Y 2021,<\/strong> que se tornaram alvo de <strong>investiga\u00e7\u00e3o<\/strong> por parte da Administra\u00e7\u00e3o Nacional de Seguran\u00e7a Rodovi\u00e1ria dos Estados Unidos (NHTSA).<\/p>\n<p>Segundo informa\u00e7\u00f5es da Bloomberg, mais de 140 clientes apresentaram <a href=\"https:\/\/zap.aeiou.pt\/o-puxador-da-porta-do-carro-tem-uma-funcao-simples-mas-e-cada-vez-mais-complicado-693010\" data-wpel-link=\"internal\" rel=\"nofollow noopener\" target=\"_blank\">reclama\u00e7\u00f5es<\/a> sobre este componente \u00e0 ag\u00eancia.<\/p>\n<p>De acordo com os consumidores, <strong>os puxadores dos carros travaram e deixaram de funcionar<\/strong>. Al\u00e9m disso, estas ocorr\u00eancias parecem ter sido mais frequentes quando as baterias de voltagem dos carros apresentaram falhas.<\/p>\n<p>O resultado foi que adultos e crian\u00e7as n\u00e3o conseguiram utilizar os puxadores mec\u00e2nicos e ficaram presos no interior dos ve\u00edculos. Pelo menos quatro motoristas precisaram quebrar os vidros para conseguir acesso ao interior do carro. Em resposta, a Tesla prometeu repensar o design destes componentes.<\/p>\n<p>O problema das ma\u00e7anetas n\u00e3o \u00e9 exclusivo da Tesla. Recentemente, um SUV da marca chinesa BYD pegou fogo e uma pessoa ficou presa no interior enquanto outros tentavam abrir o carro para a retirar, sem sucesso. O motorista de 31 anos n\u00e3o resistiu, e o acidente levantou preocupa\u00e7\u00f5es e questionamentos sobre a <strong>fiabilidade e seguran\u00e7a dos modelos el\u00e9tricos da marca.<\/strong><\/p>\n<p>O Minist\u00e9rio da Ind\u00fastria e Tecnologia da Informa\u00e7\u00e3o da China agora exige ma\u00e7anetas mec\u00e2nicas externas e internas que possam ser operadas sem ferramentas, mesmo ap\u00f3s acidentes.<\/p>\n<p>Como o mercado chin\u00eas tem influ\u00eancia importante no setor autom\u00f3vel, \u00e9 prov\u00e1vel que a diretriz acabe sendo expandida para o restante do mundo. Se for o caso, as regras devem ser aplicadas na China em 2027, uma data bem pr\u00f3xima para a ind\u00fastria.<\/p>\n<p>At\u00e9 agora, sabe-se que <strong>a Tesla est\u00e1 a repensar o design dos puxadores<\/strong> dos seus carros e dever\u00e1 utilizar um sistema de abertura mec\u00e2nico na parte interna, que funcionaria em conjunto com o sistema eletr\u00f3nico. As demais fabricantes n\u00e3o comentaram como as mudan\u00e7as na China v\u00e3o afetar os seus modelos.<\/p>\n<p>    <a href=\"https:\/\/zap.aeiou.pt\/subscrever-newsletter\" data-wpel-link=\"internal\" rel=\"nofollow noopener\" target=\"_blank\">&#13;<br \/>\n        <img loading=\"lazy\" decoding=\"async\" class=\"aligncenter size-full wp-image-575475\" src=\"https:\/\/www.europesays.com\/pt\/wp-content\/uploads\/2025\/10\/1759862234_971_2d51fe4a0ba54894421ead1809309ed9-1-450x140.jpg\" alt=\"Subscreva a Newsletter ZAP\" width=\"450\" height=\"140\"\/>&#13;<br \/>\n    <\/a><\/p>\n<p>                <a href=\"https:\/\/whatsapp.com\/channel\/0029VaIC4EE2f3EJZPPSbR34\" data-wpel-link=\"external\" target=\"_blank\" rel=\"nofollow external noopener noreferrer\" class=\"ext-link\">&#13;<br \/>\n                    <img loading=\"lazy\" decoding=\"async\" class=\"aligncenter size-full wp-image-575475\" src=\"https:\/\/www.europesays.com\/pt\/wp-content\/uploads\/2025\/10\/1759862234_512_c68c559d956d4ca20f435ed74a6e71e6.png\" alt=\"Siga-nos no WhatsApp\" width=\"175\" height=\"64\"\/>&#13;<br \/>\n                <\/a><\/p>\n<p>                <a href=\"https:\/\/news.google.com\/publications\/CAAiEHRwZondIV71PDjWNoqMduEqFAgKIhB0cGaJ3SFe9Tw41jaKjHbh?hl=en-US&amp;gl=US&amp;ceid=US%3Aen\" data-wpel-link=\"external\" target=\"_blank\" rel=\"nofollow external noopener noreferrer\" class=\"ext-link\">&#13;<br \/>\n                    <img loading=\"lazy\" decoding=\"async\" class=\"aligncenter size-full wp-image-575475\" src=\"https:\/\/www.europesays.com\/pt\/wp-content\/uploads\/2025\/10\/1759862235_242_5123dd8b087b644fdb8f8603acd1bad4.png\" alt=\"Siga-nos no Google News\" width=\"176\" height=\"64\"\/>&#13;<br \/>\n                <\/a><\/p>\n","protected":false},"excerpt":{"rendered":"ifeelstock\/DepositPhotos Travam, deixam de funcionar, falham. Os puxadores das portas dos Teslas desiludiram clientes. Model Y 2021 ser\u00e1&hellip;\n","protected":false},"author":2,"featured_media":118174,"comment_status":"","ping_status":"","sticky":false,"template":"","format":"standard","meta":{"footnotes":""},"categories":[83],"tags":[2702,88,3981,89,7745,584,90,2771,32,33,296],"class_list":{"0":"post-118173","1":"post","2":"type-post","3":"status-publish","4":"format-standard","5":"has-post-thumbnail","7":"category-empresas","8":"tag-auto","9":"tag-business","10":"tag-carro","11":"tag-economy","12":"tag-eletronica","13":"tag-elon-musk","14":"tag-empresas","15":"tag-polemica","16":"tag-portugal","17":"tag-pt","18":"tag-tesla"},"share_on_mastodon":{"url":"","error":""},"_links":{"self":[{"href":"https:\/\/www.europesays.com\/pt\/wp-json\/wp\/v2\/posts\/118173","targetHints":{"allow":["GET"]}}],"collection":[{"href":"https:\/\/www.europesays.com\/pt\/wp-json\/wp\/v2\/posts"}],"about":[{"href":"https:\/\/www.europesays.com\/pt\/wp-json\/wp\/v2\/types\/post"}],"author":[{"embeddable":true,"href":"https:\/\/www.europesays.com\/pt\/wp-json\/wp\/v2\/users\/2"}],"replies":[{"embeddable":true,"href":"https:\/\/www.europesays.com\/pt\/wp-json\/wp\/v2\/comments?post=118173"}],"version-history":[{"count":0,"href":"https:\/\/www.europesays.com\/pt\/wp-json\/wp\/v2\/posts\/118173\/revisions"}],"wp:featuredmedia":[{"embeddable":true,"href":"https:\/\/www.europesays.com\/pt\/wp-json\/wp\/v2\/media\/118174"}],"wp:attachment":[{"href":"https:\/\/www.europesays.com\/pt\/wp-json\/wp\/v2\/media?parent=118173"}],"wp:term":[{"taxonomy":"category","embeddable":true,"href":"https:\/\/www.europesays.com\/pt\/wp-json\/wp\/v2\/categories?post=118173"},{"taxonomy":"post_tag","embeddable":true,"href":"https:\/\/www.europesays.com\/pt\/wp-json\/wp\/v2\/tags?post=118173"}],"curies":[{"name":"wp","href":"https:\/\/api.w.org\/{rel}","templated":true}]}}