{"id":118175,"date":"2025-10-20T02:01:16","date_gmt":"2025-10-20T02:01:16","guid":{"rendered":"https:\/\/www.europesays.com\/pt\/118175\/"},"modified":"2025-10-20T02:01:16","modified_gmt":"2025-10-20T02:01:16","slug":"putin-exigiu-donetsk-na-chamada-com-trump-vender-lhes-a-propria-perna-a-troco-de-nada","status":"publish","type":"post","link":"https:\/\/www.europesays.com\/pt\/118175\/","title":{"rendered":"Putin exigiu Donetsk na chamada com Trump. &#8220;Vender-lhes a pr\u00f3pria perna a troco de nada&#8221;"},"content":{"rendered":"<p class=\"wp-caption-text top\">ZAP \/\/  \/ Depositphotos; Institute for the Study of War<\/p>\n<p><img decoding=\"async\" loading=\"lazy\" class=\"size-kopa-image-size-3 wp-image-690107\" src=\"https:\/\/www.europesays.com\/pt\/wp-content\/uploads\/2025\/10\/1ecd1f7cf9c76458ce0d2741ee207c84-783x450.jpg\" alt=\"\" width=\"700\" height=\"402\"  \/><\/p>\n<p><strong>Vladimir Putin quer o controlo total de Donetsk. A exig\u00eancia do presidente da R\u00fassia coloca a Ucr\u00e2nia em clara desvantagem e pode dificultar o processo de negocia\u00e7\u00f5es para um Acordo de Paz. Para os ucranianos, \u201c\u00e9 como vender-lhes a pr\u00f3pria perna em troca de nada\u201d.<\/strong><\/p>\n<p>O presidente russo, <strong>Vladimir Putin<\/strong>, exigiu esta semana, durante uma chamada telef\u00f3nica com o presidente norte-americano <strong>Donald Trump<\/strong>, que Kiev cedesse o <strong>controlo total de Donetsk<\/strong>, regi\u00e3o de import\u00e2ncia estrat\u00e9gica no leste da Ucr\u00e2nia, como condi\u00e7\u00e3o para p\u00f4r fim \u00e0 guerra.<\/p>\n<p>A informa\u00e7\u00e3o foi veiculada sob anonimato, devido \u00e0 natureza sens\u00edvel das discuss\u00f5es, que decorreram \u00e0 porta fechada, por dois altos respons\u00e1veis familiarizados com o teor da conversa, citados pelo <a href=\"https:\/\/www.washingtonpost.com\/politics\/2025\/10\/18\/putin-trump-donetsk-war-ukraine\/\" data-wpel-link=\"external\" target=\"_blank\" rel=\"nofollow external noopener noreferrer\" class=\"ext-link\">The Washington Post<\/a>.<\/p>\n<p>Putin est\u00e1 <strong>h\u00e1 11 anos a tentar, sem sucesso, conquistar o territ\u00f3rio<\/strong>, tendi sido repetidamente<strong> repelido pelas for\u00e7as ucranianas<\/strong>, profundamente entrincheiradas numa zona que consideram essencial para travar um avan\u00e7o russo r\u00e1pido em direc\u00e7\u00e3o \u00e0 capital.<\/p>\n<p>O foco de Putin em Donetsk sugere que <strong>o l\u00edder russo n\u00e3o recua nas exig\u00eancias<\/strong> que t\u00eam mantido o conflito num impasse, apesar do optimismo de Trump quanto \u00e0 possibilidade de alcan\u00e7ar um acordo, afirmaram as fontes,<\/p>\n<p>Desde 2014, a <strong>R\u00fassia e for\u00e7as separatistas apoiadas por Moscovo<\/strong> reivindicam partes da regi\u00e3o, mas <strong>nunca conseguiram conquist\u00e1-la na totalidade<\/strong>.<\/p>\n<p>Trump n\u00e3o comentou publicamente a exig\u00eancia de Putin relativa \u00e0 entrega da totalidade de Donetsk, que <strong>at\u00e9 agora n\u00e3o tinha sido revelada<\/strong>. Na declara\u00e7\u00e3o feita sexta-feira, ap\u00f3s uma <a href=\"https:\/\/zap.aeiou.pt\/trump-zelenskyy-reuniao-eua-706781\" data-wpel-link=\"internal\" rel=\"nofollow noopener\" target=\"_blank\">reuni\u00e3o com o presidente ucraniano<\/a>, Volodymyr Zelensky, <strong>Trump n\u00e3o apoiou o pedido russo<\/strong>.<\/p>\n<p>O Presidente norte-americano<strong> planeia encontrar-se com Putin<\/strong>, nas pr\u00f3ximas semanas, na Hungria, para prosseguir as conversa\u00e7\u00f5es sobre o fim do conflito.<\/p>\n<p>\u201c<strong>Est\u00e1 na hora de p\u00f4r fim \u00e0s mortes e fazer um ACORDO<\/strong>! J\u00e1 foi derramado sangue suficiente, com fronteiras definidas pela guerra e pela coragem. Que parem onde est\u00e3o. Que ambos reivindiquem vit\u00f3ria e deixem a Hist\u00f3ria decidir!\u201d, <a href=\"https:\/\/truthsocial.com\/@realDonaldTrump\/posts\/115391463725537040\" data-wpel-link=\"external\" target=\"_blank\" rel=\"nofollow external noopener noreferrer\" class=\"ext-link\">escreveu<\/a> Trump nas redes sociais ap\u00f3s o encontro com Zelensky.<\/p>\n<p>Na chamada entre Donald Trump e Vladimir Putin, o l\u00edder russo ter\u00e1 sugerido estar <strong>disposto a abdicar de partes de duas outras regi\u00f5es<\/strong> ucranianas parcialmente ocupadas \u2014 <strong>Zaporizhzhia e Kherson<\/strong> \u2014 em troca do controlo total de Donetsk, referiram os respons\u00e1veis.<\/p>\n<p>Esta posi\u00e7\u00e3o \u00e9 uma <strong>exig\u00eancia territorial ligeiramente menos abrangente<\/strong> do que a <a href=\"https:\/\/zap.aeiou.pt\/o-que-putin-exige-para-acabar-a-guerra-696077\" data-wpel-link=\"internal\" rel=\"nofollow noopener\" target=\"_blank\">apresentada em Agosto<\/a>, durante a cimeira de Anchorage entre Trump e Putin. Alguns respons\u00e1veis da Casa Branca viram nisso um sinal de progresso, segundo uma das fontes, informada sobre a conversa.<\/p>\n<p>Os ucranianos, por\u00e9m, <strong>dificilmente o ver\u00e3o dessa forma<\/strong>, afirmou um alto diplomata europeu. \u201c<strong>\u00c9 como vender-lhes a pr\u00f3pria perna em troca de nada<\/strong>\u201d, comentou.<\/p>\n<p>As<strong> linhas da frente entre as for\u00e7as russas e ucranianas<\/strong> mantiveram-se praticamente estagnadas no \u00faltimo ano de conflito, sem ganhos significativos de parte a parte.<strong> A R\u00fassia controla cerca de 20% do territ\u00f3rio ucraniano<\/strong>. Moscovo lan\u00e7ou a invas\u00e3o em grande escala da Ucr\u00e2nia em Fevereiro de 2022.<\/p>\n<p>Trump voltou a centrar-se no objectivo de <strong>p\u00f4r fim \u00e0 guerra<\/strong> depois de ter obtido um cessar-fogo e um acordo de troca de ref\u00e9ns e prisioneiros em Gaza. O Presidente tem oscilado entre as perspectivas russa e ucraniana do conflito h\u00e1 meses.<\/p>\n<p>Os ucranianos esperavam obter de Donald Trump, na reuni\u00e3o de sexta-feira, acesso a <a href=\"https:\/\/zap.aeiou.pt\/o-que-significa-para-a-ucrania-ter-misseis-tomahawk-706745\" data-wpel-link=\"internal\" rel=\"nofollow noopener\" target=\"_blank\">m\u00edsseis de longo alcance Tomahawk<\/a>, mas acabaram por n\u00e3o conseguir este armamento.<\/p>\n<p>    <a href=\"https:\/\/zap.aeiou.pt\/subscrever-newsletter\" data-wpel-link=\"internal\" rel=\"nofollow noopener\" target=\"_blank\">&#13;<br \/>\n        <img loading=\"lazy\" decoding=\"async\" class=\"aligncenter size-full wp-image-575475\" src=\"https:\/\/www.europesays.com\/pt\/wp-content\/uploads\/2025\/10\/1759862234_971_2d51fe4a0ba54894421ead1809309ed9-1-450x140.jpg\" alt=\"Subscreva a Newsletter ZAP\" width=\"450\" height=\"140\"\/>&#13;<br \/>\n    <\/a><\/p>\n<p>                <a href=\"https:\/\/whatsapp.com\/channel\/0029VaIC4EE2f3EJZPPSbR34\" data-wpel-link=\"external\" target=\"_blank\" rel=\"nofollow external noopener noreferrer\" class=\"ext-link\">&#13;<br \/>\n                    <img loading=\"lazy\" decoding=\"async\" class=\"aligncenter size-full wp-image-575475\" src=\"https:\/\/www.europesays.com\/pt\/wp-content\/uploads\/2025\/10\/1759862234_512_c68c559d956d4ca20f435ed74a6e71e6.png\" alt=\"Siga-nos no WhatsApp\" width=\"175\" height=\"64\"\/>&#13;<br \/>\n                <\/a><\/p>\n<p>                <a href=\"https:\/\/news.google.com\/publications\/CAAiEHRwZondIV71PDjWNoqMduEqFAgKIhB0cGaJ3SFe9Tw41jaKjHbh?hl=en-US&amp;gl=US&amp;ceid=US%3Aen\" data-wpel-link=\"external\" target=\"_blank\" rel=\"nofollow external noopener noreferrer\" class=\"ext-link\">&#13;<br \/>\n                    <img loading=\"lazy\" decoding=\"async\" class=\"aligncenter size-full wp-image-575475\" src=\"https:\/\/www.europesays.com\/pt\/wp-content\/uploads\/2025\/10\/1759862235_242_5123dd8b087b644fdb8f8603acd1bad4.png\" alt=\"Siga-nos no Google News\" width=\"176\" height=\"64\"\/>&#13;<br \/>\n                <\/a><\/p>\n","protected":false},"excerpt":{"rendered":"ZAP \/\/ \/ Depositphotos; Institute for the Study of War Vladimir Putin quer o controlo total de Donetsk.&hellip;\n","protected":false},"author":2,"featured_media":118176,"comment_status":"","ping_status":"","sticky":false,"template":"","format":"standard","meta":{"footnotes":""},"categories":[50],"tags":[27,28,92,413,15,16,830,14,25,26,21,22,62,12,13,19,20,4007,23,24,839,17,18,840,29,30,31,2415,63,64,65],"class_list":{"0":"post-118175","1":"post","2":"type-post","3":"status-publish","4":"format-standard","5":"has-post-thumbnail","7":"category-mundo","8":"tag-breaking-news","9":"tag-breakingnews","10":"tag-donald-trump","11":"tag-eua","12":"tag-featured-news","13":"tag-featurednews","14":"tag-guerra","15":"tag-headlines","16":"tag-latest-news","17":"tag-latestnews","18":"tag-main-news","19":"tag-mainnews","20":"tag-mundo","21":"tag-news","22":"tag-noticias","23":"tag-noticias-principais","24":"tag-noticiasprincipais","25":"tag-politica-internacional","26":"tag-principais-noticias","27":"tag-principaisnoticias","28":"tag-russia","29":"tag-top-stories","30":"tag-topstories","31":"tag-ucrania","32":"tag-ultimas","33":"tag-ultimas-noticias","34":"tag-ultimasnoticias","35":"tag-vladimir-putin","36":"tag-world","37":"tag-world-news","38":"tag-worldnews"},"share_on_mastodon":{"url":"","error":""},"_links":{"self":[{"href":"https:\/\/www.europesays.com\/pt\/wp-json\/wp\/v2\/posts\/118175","targetHints":{"allow":["GET"]}}],"collection":[{"href":"https:\/\/www.europesays.com\/pt\/wp-json\/wp\/v2\/posts"}],"about":[{"href":"https:\/\/www.europesays.com\/pt\/wp-json\/wp\/v2\/types\/post"}],"author":[{"embeddable":true,"href":"https:\/\/www.europesays.com\/pt\/wp-json\/wp\/v2\/users\/2"}],"replies":[{"embeddable":true,"href":"https:\/\/www.europesays.com\/pt\/wp-json\/wp\/v2\/comments?post=118175"}],"version-history":[{"count":0,"href":"https:\/\/www.europesays.com\/pt\/wp-json\/wp\/v2\/posts\/118175\/revisions"}],"wp:featuredmedia":[{"embeddable":true,"href":"https:\/\/www.europesays.com\/pt\/wp-json\/wp\/v2\/media\/118176"}],"wp:attachment":[{"href":"https:\/\/www.europesays.com\/pt\/wp-json\/wp\/v2\/media?parent=118175"}],"wp:term":[{"taxonomy":"category","embeddable":true,"href":"https:\/\/www.europesays.com\/pt\/wp-json\/wp\/v2\/categories?post=118175"},{"taxonomy":"post_tag","embeddable":true,"href":"https:\/\/www.europesays.com\/pt\/wp-json\/wp\/v2\/tags?post=118175"}],"curies":[{"name":"wp","href":"https:\/\/api.w.org\/{rel}","templated":true}]}}