{"id":118198,"date":"2025-10-20T02:21:19","date_gmt":"2025-10-20T02:21:19","guid":{"rendered":"https:\/\/www.europesays.com\/pt\/118198\/"},"modified":"2025-10-20T02:21:19","modified_gmt":"2025-10-20T02:21:19","slug":"apos-dez-anos-antonio-bravo-abre-as-portas-do-quarto-e-revela-a-minha-grande-aposta","status":"publish","type":"post","link":"https:\/\/www.europesays.com\/pt\/118198\/","title":{"rendered":"Ap\u00f3s dez anos, Ant\u00f3nio Bravo abre as portas do quarto e revela: &#8220;A minha grande aposta&#8221;"},"content":{"rendered":"<p>No Instagram,\u00a0<a href=\"https:\/\/selfie.iol.pt\/famosos\/big-brother\/antonio-bravo-abre-as-portas-de-casa-mas-confessa-disseram-me-que-nao-gostavam-do-meu-papel-de-parede\/20250913\/68c52e78d34ee0c2fed00a79\" target=\"_blank\" rel=\"nofollow noopener\">Ant\u00f3nio Bravo<\/a>\u00a0fez uma partilha in\u00e9dita, na qual abriu as portas da respetiva casa, destacando o quarto.<\/p>\n<p>&#8220;Uma coisa de que preciso \u00e9 de arruma\u00e7\u00e3o. Quantos mais arm\u00e1rios&#8230; melhor!&#8221;, exclamou o finalista do &#8220;<a href=\"https:\/\/tvi.iol.pt\/bigbrother\/\" target=\"_blank\" rel=\"nofollow noopener\">Big Brother<\/a> 2021&#8243; na legenda de um dos registos.<\/p>\n<p>&#8220;Por isso \u00e9 que a minha grande aposta h\u00e1 dez anos foi o closet, que, entretanto, fui decorando e ao qual fui acrescentando coisas&#8221;, assinalou ainda.<\/p>\n<p>Veja este e outros detalhes do quarto de Ant\u00f3nio Bravo na galeria de fotografias que prepar\u00e1mos para si.<\/p>\n<p>\u00a0<\/p>\n","protected":false},"excerpt":{"rendered":"No Instagram,\u00a0Ant\u00f3nio Bravo\u00a0fez uma partilha in\u00e9dita, na qual abriu as portas da respetiva casa, destacando o quarto. &#8220;Uma&hellip;\n","protected":false},"author":2,"featured_media":118199,"comment_status":"","ping_status":"","sticky":false,"template":"","format":"standard","meta":{"footnotes":""},"categories":[142],"tags":[18968,48,2019,114,115,980,1015,619,32,33,1014,1012,151,162],"class_list":{"0":"post-118198","1":"post","2":"type-post","3":"status-publish","4":"format-standard","5":"has-post-thumbnail","7":"category-tv","8":"tag-antonio-bravo","9":"tag-big-brother","10":"tag-casa","11":"tag-entertainment","12":"tag-entretenimento","13":"tag-famosos","14":"tag-instagram","15":"tag-nacional","16":"tag-portugal","17":"tag-pt","18":"tag-reality-show","19":"tag-selfie","20":"tag-tv","21":"tag-tvi"},"share_on_mastodon":{"url":"","error":""},"_links":{"self":[{"href":"https:\/\/www.europesays.com\/pt\/wp-json\/wp\/v2\/posts\/118198","targetHints":{"allow":["GET"]}}],"collection":[{"href":"https:\/\/www.europesays.com\/pt\/wp-json\/wp\/v2\/posts"}],"about":[{"href":"https:\/\/www.europesays.com\/pt\/wp-json\/wp\/v2\/types\/post"}],"author":[{"embeddable":true,"href":"https:\/\/www.europesays.com\/pt\/wp-json\/wp\/v2\/users\/2"}],"replies":[{"embeddable":true,"href":"https:\/\/www.europesays.com\/pt\/wp-json\/wp\/v2\/comments?post=118198"}],"version-history":[{"count":0,"href":"https:\/\/www.europesays.com\/pt\/wp-json\/wp\/v2\/posts\/118198\/revisions"}],"wp:featuredmedia":[{"embeddable":true,"href":"https:\/\/www.europesays.com\/pt\/wp-json\/wp\/v2\/media\/118199"}],"wp:attachment":[{"href":"https:\/\/www.europesays.com\/pt\/wp-json\/wp\/v2\/media?parent=118198"}],"wp:term":[{"taxonomy":"category","embeddable":true,"href":"https:\/\/www.europesays.com\/pt\/wp-json\/wp\/v2\/categories?post=118198"},{"taxonomy":"post_tag","embeddable":true,"href":"https:\/\/www.europesays.com\/pt\/wp-json\/wp\/v2\/tags?post=118198"}],"curies":[{"name":"wp","href":"https:\/\/api.w.org\/{rel}","templated":true}]}}