{"id":118206,"date":"2025-10-20T02:27:07","date_gmt":"2025-10-20T02:27:07","guid":{"rendered":"https:\/\/www.europesays.com\/pt\/118206\/"},"modified":"2025-10-20T02:27:07","modified_gmt":"2025-10-20T02:27:07","slug":"redesenho-do-iphone-17-impulsiona-vendas-da-apple-19-10-2025-mercado","status":"publish","type":"post","link":"https:\/\/www.europesays.com\/pt\/118206\/","title":{"rendered":"Redesenho do iPhone 17 impulsiona vendas da Apple &#8211; 19\/10\/2025 &#8211; Mercado"},"content":{"rendered":"<p>O novo <a href=\"https:\/\/www1.folha.uol.com.br\/folha-topicos\/iphone\/\" rel=\"nofollow noopener\" target=\"_blank\">iPhone<\/a> 17 da <a href=\"https:\/\/www1.folha.uol.com.br\/folha-topicos\/apple\/\" rel=\"nofollow noopener\" target=\"_blank\">Apple<\/a> est\u00e1 impulsionando o crescimento mais forte da empresa em vendas de smartphones desde a pandemia de Covid-19, <a href=\"https:\/\/www1.folha.uol.com.br\/tec\/2025\/09\/iphones-17-e-air-chegam-nesta-sexta-19-ao-brasil-conheca-as-principais-novidades.shtml\" rel=\"nofollow noopener\" target=\"\">com o maior redesenho do seu carro-chefe em anos<\/a> se mostrando um sucesso.<\/p>\n<p>Em um primeiro momento, a vers\u00e3o redesenhada do dispositivo vem provando ser mais forte do que era esperado <a href=\"https:\/\/www1.folha.uol.com.br\/tec\/2025\/09\/apple-anuncia-iphone-17-com-versao-mais-fina-acompanhe.shtml\" rel=\"nofollow noopener\" target=\"\">antes de seu lan\u00e7amento em setembro<\/a>, de acordo com especialistas do setor que monitoram a cadeia de suprimentos da Apple, operadoras de celular e o tempo que os clientes precisam esperar pelo aparelho.<\/p>\n<p>Analistas preveem que a receita com smartphones voltar\u00e3o a crescer 4% no ano fiscal encerrado em setembro, atingindo US$ 209,3 bilh\u00f5es, de acordo com dados da Visible Alpha. A taxa de crescimento subir\u00e1 para quase 5% no ano fiscal de 2026, com as receitas do iPhone atingindo US$ 218,9 bilh\u00f5es.<\/p>\n<p>Isso leva a um aumento da confian\u00e7a do mercado \u00e0 medida que a Apple se aproxima da temporada crucial de vendas de fim de ano, apesar dos atrasos no lan\u00e7amento de recursos de intelig\u00eancia artificial e das tarifas de Donald Trump, que pesaram sobre o pre\u00e7o das a\u00e7\u00f5es da gigante do Vale do Sil\u00edcio ao longo do \u00faltimo ano.<\/p>\n<p>&#8220;\u00c9 justo descrever o lan\u00e7amento do iPhone 17 como surpreendente em rela\u00e7\u00e3o \u00e0s expectativas de Wall Street no final de agosto [antes do lan\u00e7amento]&#8221;, disse Gene Munster da Deepwater Asset Management.<\/p>\n<p>A receita da Apple com smartphones caiu 2% em 2023 e ficou est\u00e1vel no ano passado, depois que os consumidores gastaram muito em produtos eletr\u00f4nicos durante a pandemia.<\/p>\n<p>Mas as melhorias significativas nas c\u00e2meras, telas e baterias do iPhone este ano est\u00e3o tentando mais clientes a substitu\u00edrem aparelhos antigos.<\/p>\n<p>Citando dados da pr\u00f3pria loja da Apple e de operadoras, analistas do Bank of America disseram esta semana que o tempo de envio do iPhone 17 \u00e9 mais longo do que nos anos anteriores, o que &#8220;pode indicar uma demanda forte&#8221;.<\/p>\n<p>&#8220;Quando os prazos de entrega s\u00e3o mais longos, geralmente \u00e9 um ciclo de produto melhor&#8221;, disse Munster.<\/p>\n<p>O tempo de espera pelo novo iPhone \u00e9 cerca de 13% mais longo do que no ano passado, acrescentou ele, possivelmente sinalizando um &#8220;ciclo de atualiza\u00e7\u00e3o&#8221; mais amplo.<\/p>\n<p>Em 30 de outubro, a Apple reportar\u00e1 seu quarto trimestre fiscal, encerrado em setembro, incluindo as primeiras semanas de vendas do iPhone 17.<\/p>\n<p>&#8220;Claramente, \u00e9 um trimestre muito forte para a Apple&#8221;, disse Francisco Jeronimo, da IDC. &#8220;N\u00e3o me lembro da \u00faltima vez que vi filas do lado de fora da loja da Apple como tenho visto este ano.&#8221;<\/p>\n<p>Dados da cadeia de suprimentos da Apple sugeriram que os pedidos do iPhone 17 foram &#8220;muito mais fortes&#8221; do que os do iPhone 16 do ano passado, acrescentou.<\/p>\n<p>Quando se rastreia por n\u00famero de unidades, as vendas de iPhone permanecem est\u00e1veis. Entre o ano fiscal de 2024 e 2026 da Apple, devem ficar em torno de 235 milh\u00f5es, de acordo com dados da Visible Alpha.<\/p>\n<p>At\u00e9 2027, analistas preveem que o carro-chefe da empresa come\u00e7ar\u00e1 a vender mais de 240 milh\u00f5es de unidades, antes de subir para quase 260 milh\u00f5es at\u00e9 o final da d\u00e9cada, com rumores de mercado apontando para o lan\u00e7amento de um iPhone dobr\u00e1vel no pr\u00f3ximo ano.<\/p>\n<p>A Apple n\u00e3o divulga mais as vendas de unidades e prefere concentrar a aten\u00e7\u00e3o dos investidores nas receitas, com grande parte de seu crescimento geral vindo de sua base de usu\u00e1rios.<\/p>\n<p>A mais recente linha de iPhones foi impulsionada por <a href=\"https:\/\/www1.folha.uol.com.br\/tec\/2025\/09\/apple-da-desconto-de-r-1000-no-iphone-16-e-tira-o-15-do-site-oficial-veja-valores.shtml\" rel=\"nofollow noopener\" target=\"\">programas generosos de troca de aparelhos usados<\/a>. O modelo b\u00e1sico se beneficiou de pol\u00edticas de subs\u00eddio governamental para telefones mais baratos na China.<\/p>\n<p>Os iPhones continuam a ser respons\u00e1veis por mais da metade dos aproximadamente US$ 390 bilh\u00f5es de receita anual da Apple. O sucesso do iPhone 17 poderia ajudar a Apple a reverter um 2025 dif\u00edcil, marcado por tens\u00f5es comerciais que perturbaram suas cadeias de suprimentos globais.<\/p>\n<p>As a\u00e7\u00f5es da Apple atingiram um novo pico anual em setembro, quando houve o lan\u00e7amento do iPhone 17, mas recentemente ca\u00edram, j\u00e1 que Trump amea\u00e7ou tarifas de 100% sobre a China.<\/p>\n<p>Apesar da especula\u00e7\u00e3o de aumento de custos impulsionado por tarifas, a Apple optou por n\u00e3o aumentar os pre\u00e7os do dispositivo.<\/p>\n<p>Alguns analistas alertam que as expectativas do mercado para o novo iPhone podem ter avan\u00e7ado muito. No in\u00edcio deste m\u00eas, a Jefferies rebaixou as a\u00e7\u00f5es da Apple para &#8220;underperform&#8221; (desempenho abaixo da m\u00e9dia do mercado), citando &#8220;expectativas excessivas&#8221; para a demanda do iPhone.<\/p>\n","protected":false},"excerpt":{"rendered":"O novo iPhone 17 da Apple est\u00e1 impulsionando o crescimento mais forte da empresa em vendas de smartphones&hellip;\n","protected":false},"author":2,"featured_media":118207,"comment_status":"","ping_status":"","sticky":false,"template":"","format":"standard","meta":{"footnotes":""},"categories":[84],"tags":[247,109,107,108,236,249,32,33,105,103,104,954,106,110],"class_list":{"0":"post-118206","1":"post","2":"type-post","3":"status-publish","4":"format-standard","5":"has-post-thumbnail","7":"category-ciencia-e-tecnologia","8":"tag-apple","9":"tag-ciencia","10":"tag-ciencia-e-tecnologia","11":"tag-cienciaetecnologia","12":"tag-folha","13":"tag-iphone","14":"tag-portugal","15":"tag-pt","16":"tag-science","17":"tag-science-and-technology","18":"tag-scienceandtechnology","19":"tag-smartphones","20":"tag-technology","21":"tag-tecnologia"},"share_on_mastodon":{"url":"","error":""},"_links":{"self":[{"href":"https:\/\/www.europesays.com\/pt\/wp-json\/wp\/v2\/posts\/118206","targetHints":{"allow":["GET"]}}],"collection":[{"href":"https:\/\/www.europesays.com\/pt\/wp-json\/wp\/v2\/posts"}],"about":[{"href":"https:\/\/www.europesays.com\/pt\/wp-json\/wp\/v2\/types\/post"}],"author":[{"embeddable":true,"href":"https:\/\/www.europesays.com\/pt\/wp-json\/wp\/v2\/users\/2"}],"replies":[{"embeddable":true,"href":"https:\/\/www.europesays.com\/pt\/wp-json\/wp\/v2\/comments?post=118206"}],"version-history":[{"count":0,"href":"https:\/\/www.europesays.com\/pt\/wp-json\/wp\/v2\/posts\/118206\/revisions"}],"wp:featuredmedia":[{"embeddable":true,"href":"https:\/\/www.europesays.com\/pt\/wp-json\/wp\/v2\/media\/118207"}],"wp:attachment":[{"href":"https:\/\/www.europesays.com\/pt\/wp-json\/wp\/v2\/media?parent=118206"}],"wp:term":[{"taxonomy":"category","embeddable":true,"href":"https:\/\/www.europesays.com\/pt\/wp-json\/wp\/v2\/categories?post=118206"},{"taxonomy":"post_tag","embeddable":true,"href":"https:\/\/www.europesays.com\/pt\/wp-json\/wp\/v2\/tags?post=118206"}],"curies":[{"name":"wp","href":"https:\/\/api.w.org\/{rel}","templated":true}]}}