{"id":118210,"date":"2025-10-20T02:32:11","date_gmt":"2025-10-20T02:32:11","guid":{"rendered":"https:\/\/www.europesays.com\/pt\/118210\/"},"modified":"2025-10-20T02:32:11","modified_gmt":"2025-10-20T02:32:11","slug":"bruna-marquezine-e-joao-guilherme-sao-vistos-em-jantar-com-amigos-em-sao-paulo","status":"publish","type":"post","link":"https:\/\/www.europesays.com\/pt\/118210\/","title":{"rendered":"Bruna Marquezine e Jo\u00e3o Guilherme s\u00e3o vistos em jantar com amigos em S\u00e3o Paulo"},"content":{"rendered":"\n<p>Bruna Marquezine e Jo\u00e3o Guilherme aproveitaram o s\u00e1bado (18) para curtir um jantar tranquilo com amigos em S\u00e3o Paulo. Eles, que costumam se manter longe dos holofotes, foi visto no restaurante Broca, na zona sul da capital, acompanhados da insepar\u00e1vel cadelinha Chihiro.<\/p>\n<p>O encontro foi registrado pelo chef e propriet\u00e1rio do local, Cadu Evangelisti, que publicou as fotos nas redes sociais e agradeceu a visita. &#8220;Eles, incluindo a Chihiro, sempre nos trazem sorte e boas energias. Foto atualizada e enriquecida com sucesso. Obrigado, queridos, pelo prest\u00edgio de sempre&#8221;, escreveu o chef na legenda.<\/p>\n<p>Tamb\u00e9m estavam presentes o DJ Kaique e a influenciadora Y\u00e1 Burihan. Nas imagens divulgadas por Evangelisti, o grupo aparece sorridente e em clima de descontra\u00e7\u00e3o, refor\u00e7ando a boa rela\u00e7\u00e3o entre os artistas e o restaurante &#8211;que j\u00e1 havia recebido Bruna e Jo\u00e3o em outras ocasi\u00f5es.<\/p>\n<p>Em uma das publica\u00e7\u00f5es, o chef relembrou um registro feito h\u00e1 pouco mais de um ano, no mesmo local, quando o casal tamb\u00e9m marcou presen\u00e7a. &#8220;\u00c9 sempre bom ver clientes virando amigos&#8221;, comentou Cadu.<\/p>\n<p>A cadelinha Chihiro, uma das grandes companheiras de Bruna, tamb\u00e9m chamou aten\u00e7\u00e3o nas fotos. A atriz j\u00e1 havia levado o animal para a Fazenda Talism\u00e3, propriedade do cantor Leonardo, em fevereiro deste ano, durante a comemora\u00e7\u00e3o do anivers\u00e1rio de Jo\u00e3o. Desde ent\u00e3o, a mascote costuma acompanhar os dois em viagens e compromissos pessoais.<br \/>BRUI<\/p>\n","protected":false},"excerpt":{"rendered":"Bruna Marquezine e Jo\u00e3o Guilherme aproveitaram o s\u00e1bado (18) para curtir um jantar tranquilo com amigos em S\u00e3o&hellip;\n","protected":false},"author":2,"featured_media":118211,"comment_status":"","ping_status":"","sticky":false,"template":"","format":"standard","meta":{"footnotes":""},"categories":[145],"tags":[1249,3863,211,210,114,115,11887,4367,32,33,654],"class_list":{"0":"post-118210","1":"post","2":"type-post","3":"status-publish","4":"format-standard","5":"has-post-thumbnail","7":"category-celebridades","8":"tag-amigos","9":"tag-bruna-marquezine","10":"tag-celebridades","11":"tag-celebrities","12":"tag-entertainment","13":"tag-entretenimento","14":"tag-jantar","15":"tag-joao-guilherme","16":"tag-portugal","17":"tag-pt","18":"tag-sao-paulo"},"share_on_mastodon":{"url":"","error":""},"_links":{"self":[{"href":"https:\/\/www.europesays.com\/pt\/wp-json\/wp\/v2\/posts\/118210","targetHints":{"allow":["GET"]}}],"collection":[{"href":"https:\/\/www.europesays.com\/pt\/wp-json\/wp\/v2\/posts"}],"about":[{"href":"https:\/\/www.europesays.com\/pt\/wp-json\/wp\/v2\/types\/post"}],"author":[{"embeddable":true,"href":"https:\/\/www.europesays.com\/pt\/wp-json\/wp\/v2\/users\/2"}],"replies":[{"embeddable":true,"href":"https:\/\/www.europesays.com\/pt\/wp-json\/wp\/v2\/comments?post=118210"}],"version-history":[{"count":0,"href":"https:\/\/www.europesays.com\/pt\/wp-json\/wp\/v2\/posts\/118210\/revisions"}],"wp:featuredmedia":[{"embeddable":true,"href":"https:\/\/www.europesays.com\/pt\/wp-json\/wp\/v2\/media\/118211"}],"wp:attachment":[{"href":"https:\/\/www.europesays.com\/pt\/wp-json\/wp\/v2\/media?parent=118210"}],"wp:term":[{"taxonomy":"category","embeddable":true,"href":"https:\/\/www.europesays.com\/pt\/wp-json\/wp\/v2\/categories?post=118210"},{"taxonomy":"post_tag","embeddable":true,"href":"https:\/\/www.europesays.com\/pt\/wp-json\/wp\/v2\/tags?post=118210"}],"curies":[{"name":"wp","href":"https:\/\/api.w.org\/{rel}","templated":true}]}}