{"id":118218,"date":"2025-10-20T02:44:19","date_gmt":"2025-10-20T02:44:19","guid":{"rendered":"https:\/\/www.europesays.com\/pt\/118218\/"},"modified":"2025-10-20T02:44:19","modified_gmt":"2025-10-20T02:44:19","slug":"jovem-gravemente-ferida-numa-colisao-em-penafiel","status":"publish","type":"post","link":"https:\/\/www.europesays.com\/pt\/118218\/","title":{"rendered":"Jovem gravemente ferida numa colis\u00e3o em Penafiel"},"content":{"rendered":"<p>O acidente ocorreu perto do miradouro situado na freguesia de Sebolido e mobilizou 16 operacionais dos Bombeiros Volunt\u00e1rios de Entre-os-Rios, apoiados por seis ve\u00edculos.<\/p>\n<p data-remotead-prev-elm=\"true\" data-remotead-elm-id=\"inread\">Foi necess\u00e1rio desencarcer\u00e1-las da viatura onde seguiam. A equipa da Viatura M\u00e9dica de Emerg\u00eancia e Reanima\u00e7\u00e3o (VMER) do Vale do Sousa tamb\u00e9m esteve no local a prestar socorro \u00e0s v\u00edtimas, que foram depois transportadas para o Hospital Padre Am\u00e9rico, em Penafiel.<\/p>\n<p>A GNR e a Brigada de Tr\u00e2nsito tomaram conta da ocorr\u00eancia e coordenaram a circula\u00e7\u00e3o, j\u00e1 que o acidente obrigou ao corte da estrada nos dois sentidos.<\/p>\n","protected":false},"excerpt":{"rendered":"O acidente ocorreu perto do miradouro situado na freguesia de Sebolido e mobilizou 16 operacionais dos Bombeiros Volunt\u00e1rios&hellip;\n","protected":false},"author":2,"featured_media":118219,"comment_status":"","ping_status":"","sticky":false,"template":"","format":"standard","meta":{"footnotes":""},"categories":[10],"tags":[59,27,28,24260,27574,15,16,14,25,26,21,22,12,13,19,20,32,23,24,33,17,18,29,30,31],"class_list":{"0":"post-118218","1":"post","2":"type-post","3":"status-publish","4":"format-standard","5":"has-post-thumbnail","7":"category-portugal","8":"tag-acidente","9":"tag-breaking-news","10":"tag-breakingnews","11":"tag-colisao","12":"tag-concelho-penafiel","13":"tag-featured-news","14":"tag-featurednews","15":"tag-headlines","16":"tag-latest-news","17":"tag-latestnews","18":"tag-main-news","19":"tag-mainnews","20":"tag-news","21":"tag-noticias","22":"tag-noticias-principais","23":"tag-noticiasprincipais","24":"tag-portugal","25":"tag-principais-noticias","26":"tag-principaisnoticias","27":"tag-pt","28":"tag-top-stories","29":"tag-topstories","30":"tag-ultimas","31":"tag-ultimas-noticias","32":"tag-ultimasnoticias"},"share_on_mastodon":{"url":"","error":""},"_links":{"self":[{"href":"https:\/\/www.europesays.com\/pt\/wp-json\/wp\/v2\/posts\/118218","targetHints":{"allow":["GET"]}}],"collection":[{"href":"https:\/\/www.europesays.com\/pt\/wp-json\/wp\/v2\/posts"}],"about":[{"href":"https:\/\/www.europesays.com\/pt\/wp-json\/wp\/v2\/types\/post"}],"author":[{"embeddable":true,"href":"https:\/\/www.europesays.com\/pt\/wp-json\/wp\/v2\/users\/2"}],"replies":[{"embeddable":true,"href":"https:\/\/www.europesays.com\/pt\/wp-json\/wp\/v2\/comments?post=118218"}],"version-history":[{"count":0,"href":"https:\/\/www.europesays.com\/pt\/wp-json\/wp\/v2\/posts\/118218\/revisions"}],"wp:featuredmedia":[{"embeddable":true,"href":"https:\/\/www.europesays.com\/pt\/wp-json\/wp\/v2\/media\/118219"}],"wp:attachment":[{"href":"https:\/\/www.europesays.com\/pt\/wp-json\/wp\/v2\/media?parent=118218"}],"wp:term":[{"taxonomy":"category","embeddable":true,"href":"https:\/\/www.europesays.com\/pt\/wp-json\/wp\/v2\/categories?post=118218"},{"taxonomy":"post_tag","embeddable":true,"href":"https:\/\/www.europesays.com\/pt\/wp-json\/wp\/v2\/tags?post=118218"}],"curies":[{"name":"wp","href":"https:\/\/api.w.org\/{rel}","templated":true}]}}