{"id":118251,"date":"2025-10-20T03:29:29","date_gmt":"2025-10-20T03:29:29","guid":{"rendered":"https:\/\/www.europesays.com\/pt\/118251\/"},"modified":"2025-10-20T03:29:29","modified_gmt":"2025-10-20T03:29:29","slug":"veja-recursos-para-quem-quer-fazer-gravacoes-e-fotos-profissionais","status":"publish","type":"post","link":"https:\/\/www.europesays.com\/pt\/118251\/","title":{"rendered":"Veja recursos para quem quer fazer grava\u00e7\u00f5es e fotos profissionais"},"content":{"rendered":"\n<p class=\" content-text__container theme-color-primary-first-letter\" data-track-category=\"Link no Texto\" data-track-links=\"\"> Lan\u00e7ado em outubro, o <a class=\"\" href=\"https:\/\/oglobo.globo.com\/economia\/tecnologia\/noticia\/2025\/10\/07\/iphone-17-pro-veja-as-novidades-e-compare-com-o-iphone-16-pro.ghtml\" rel=\"nofollow noopener\" target=\"_blank\">iPhone 17 Pro<\/a> tem como um de seus principais diferenciais as novidades no sistema de c\u00e2meras, tornando o aparelho ideal para fot\u00f3grafos, videomakers e criadores de conte\u00fado que buscam resultados profissionais em um smartphone. <\/p>\n<ul class=\"content-unordered-list\">\n<li><strong>iPhone Air:<\/strong> <a class=\"\" href=\"https:\/\/oglobo.globo.com\/economia\/tecnologia\/noticia\/2025\/09\/12\/iphone-air-como-a-apple-pretende-crescer-no-mercado-intermediario-de-celulares-com-novo-modelo-ultrafino.ghtml\" rel=\"nofollow noopener\" target=\"_blank\">Apple mira em novo segmento do mercado com modelo ultrafino<\/a><\/li>\n<li><strong>Delivery:<\/strong> <a class=\"\" href=\"https:\/\/oglobo.globo.com\/economia\/noticia\/2025\/10\/19\/ifood-quer-ser-banco-comercial-completo-em-3-anos.ghtml\" rel=\"nofollow noopener\" target=\"_blank\">IFood quer ser banco comercial completo em 3 anos<\/a><\/li>\n<\/ul>\n<p>       <img decoding=\"async\" class=\"content-media__image\"  src=\"https:\/\/www.europesays.com\/pt\/wp-content\/uploads\/2025\/10\/apple-iphone-17-pro-camera-close-up-250909.jpg\" alt=\" iPhone 17 Pro conta com novas fun\u00e7\u00f5es em sistema de c\u00e2meras  \u2014 Foto: Divulga\u00e7\u00e3o\" width=\"3840\" height=\"2160\" loading=\"lazy\"\/>  iPhone 17 Pro conta com novas fun\u00e7\u00f5es em sistema de c\u00e2meras \u2014 Foto: Divulga\u00e7\u00e3o        <\/p>\n<p class=\" content-text__container \" data-track-category=\"Link no Texto\" data-track-links=\"\"> Diferente da vers\u00e3o anterior, o novo modelo profissional da <a class=\"\" href=\"https:\/\/oglobo.globo.com\/tudo-sobre\/empresa\/apple\" rel=\"nofollow noopener\" target=\"_blank\">Apple<\/a> trouxe sensores de 48 megapixels em todas as tr\u00eas c\u00e2meras traseiras: principal, ultra grande-angular (que captura uma \u00e1rea mais ampla) e telefoto (para imagens distantes). Isso significa que qualquer lente \u00e9 capaz de registrar imagens com mais defini\u00e7\u00e3o, permitindo recortes e amplia\u00e7\u00f5es com alta qualidade. <\/p>\n<p class=\" content-text__container \" data-track-category=\"Link no Texto\" data-track-links=\"\"> A resolu\u00e7\u00e3o pode ser ativada nas configura\u00e7\u00f5es da c\u00e2mera e \u00e9 \u00fatil em fotos de paisagens, arquitetura e retratos em boa ilumina\u00e7\u00e3o. Para escolher 48 MP, v\u00e1 em Ajustes &gt; C\u00e2mera. Segundo o diretor Jonas Amador, professor de v\u00eddeo do curso Cr3ator 360, a melhoria na c\u00e2mera ajuda a fazer formatos populares nas redes sociais como os de pov (point of view ou ponto de vista). <\/p>\n<p class=\" content-text__container \" data-track-category=\"Link no Texto\" data-track-links=\"\"> Outra novidade do iPhone 17 \u00e9 o zoom, que agora chega a 8\u00d7 no zoom \u00f3ptico (com op\u00e7\u00f5es pr\u00e9-definidas) e at\u00e9 40\u00d7 no zoom digital (quando o usu\u00e1rio amplia a imagem com os dedos). <\/p>\n<p>      <img decoding=\"async\" class=\"content-media__image\"  src=\"https:\/\/www.europesays.com\/pt\/wp-content\/uploads\/2025\/10\/maior-zoom-ja-feito.png\" alt=\"Novo iPhone Pro ter\u00e1 zoom de 8x, o melhor j\u00e1 feito pela empresa \u2014 Foto: Reprodu\u00e7\u00e3o\" width=\"1236\" height=\"656\" loading=\"lazy\"\/>  Novo iPhone Pro ter\u00e1 zoom de 8x, o melhor j\u00e1 feito pela empresa \u2014 Foto: Reprodu\u00e7\u00e3o       <\/p>\n<p class=\" content-text__container \" data-track-category=\"Link no Texto\" data-track-links=\"\"> Com a ajuda de algoritmos de fus\u00e3o de imagem e do sensor de 48 MP, \u00e9 poss\u00edvel ampliar a cena sem comprometer a qualidade. Para resultados ainda melhores, recomenda-se usar um trip\u00e9 para deixar a imagem mais firme durante a captura. <\/p>\n<p class=\" content-text__container \" data-track-category=\"Link no Texto\" data-track-links=\"\"> A lente ultra grande-angular agora tamb\u00e9m permite fotos macro, ideais para capturar detalhes. Ao selecionar o modo 0,5\u00d7, \u00e9 poss\u00edvel registrar cen\u00e1rios amplos ou se aproximar de objetos para captar mais detalhes. O foco autom\u00e1tico funciona em dist\u00e2ncias de at\u00e9 cinco cent\u00edmetros. <\/p>\n<p class=\" content-text__container \" data-track-category=\"Link no Texto\" data-track-links=\"\"> Assim como na vers\u00e3o anterior, o &#8220;modo noturno&#8221; tamb\u00e9m \u00e9 ativado de modo autom\u00e1tico, mas recebeu melhorias no processamento, permitindo registrar imagens em baixa luminosidade com cores mais naturais e menos ru\u00eddo. Basta apontar a c\u00e2mera para ambientes escuros e aguardar a ativa\u00e7\u00e3o autom\u00e1tica. A dica \u00e9 manter o aparelho est\u00e1vel durante o disparo. A fun\u00e7\u00e3o pode ser habilitada ou desabilitada na pr\u00f3pria c\u00e2mera. <\/p>\n<p>       <img decoding=\"async\" class=\"content-media__image\"  src=\"https:\/\/www.europesays.com\/pt\/wp-content\/uploads\/2025\/10\/captura-de-tela-2025-10-19-as-17.26.32.png\" alt=\"O iPhone 17 Pro \u00e9 o primeiro smartphone compat\u00edvel com o formato de v\u00eddeo ProRes RAW \u2014 Foto: Divulga\u00e7\u00e3o\" width=\"762\" height=\"940\" loading=\"lazy\"\/>  O iPhone 17 Pro \u00e9 o primeiro smartphone compat\u00edvel com o formato de v\u00eddeo ProRes RAW \u2014 Foto: Divulga\u00e7\u00e3o       <\/p>\n<p class=\" content-text__container \" data-track-category=\"Link no Texto\" data-track-links=\"\"> Para criadores de conte\u00fado e cineastas, o iPhone 17 Pro permite agora suporte a novos formatos. O destaque \u00e9 o ProRes RAW, formato profissional da Apple que registra o v\u00eddeo com todas as informa\u00e7\u00f5es \u201cbrutas\u201d captadas pelo sensor. Isso permite ajustar luzes, cores e sombras durante a edi\u00e7\u00e3o. \u00c9 poss\u00edvel gravar v\u00eddeos em at\u00e9 4K a 60 quadros por segundo diretamente no modo profissional. <\/p>\n<p class=\" content-text__container \" data-track-category=\"Link no Texto\" data-track-links=\"\"> Al\u00e9m disso, a linha Pro conta ainda com o Apple Log 2, um novo formato que registra mais luz e cor, permitindo maior flexibilidade na corre\u00e7\u00e3o de cores. Para testar, v\u00e1 em Ajustes &gt; C\u00e2mera &gt; Formatos e ative ProRes + Apple Log. Ao gravar no app C\u00e2mera, selecione o modo ProRes. Depois, importe o arquivo para um editor profissional. <\/p>\n<p class=\" content-text__container \" data-track-category=\"Link no Texto\" data-track-links=\"\"> &#8212; Isso permite uma edi\u00e7\u00e3o de cor e luz na p\u00f3s-produ\u00e7\u00e3o. \u00c9 poss\u00edvel fazer ajustes mais finos pra chegar na coloriza\u00e7\u00e3o ideal. Existe uma parcela muito grande de pessoas que gosta de filmar nesse formato &#8212; avalia Jonas. <\/p>\n<p class=\" content-text__container \" data-track-category=\"Link no Texto\" data-track-links=\"\"> Ele destaca tamb\u00e9m uma fun\u00e7\u00e3o que ganhou melhorias na linha 17: a estabiliza\u00e7\u00e3o da imagem &#8212; que a Apple chama de &#8220;modo a\u00e7\u00e3o&#8221;. <\/p>\n<p class=\" content-text__container \" data-track-category=\"Link no Texto\" data-track-links=\"\"> &#8212; A gente est\u00e1 cada vez menos precisando de gimbal (acess\u00f3rio de estabiliza\u00e7\u00e3o) para fazer imagens sem tremer. O modo a\u00e7\u00e3o melhorou bastante, principalmente em ambientes com menos luz &#8212; diz Jonas. <\/p>\n<p>Sincroniza\u00e7\u00e3o (Genlock)<\/p>\n<p class=\" content-text__container \" data-track-category=\"Link no Texto\" data-track-links=\"\"> O iPhone 17 Pro tamb\u00e9m permite agora a fun\u00e7\u00e3o genlock, usada em produ\u00e7\u00f5es profissionais para sincronizar v\u00e1rias c\u00e2meras. No iPhone, a sincroniza\u00e7\u00e3o \u00e9 feita via USB-C, garantindo que todos os aparelhos gravem a cena exatamente no mesmo segundo. <\/p>\n<p>     iPhone 17 e lan\u00e7amentos da Apple em imagens           <img decoding=\"async\" id=\"image-id-tumb-6e01cbe4-ee74-4f93-aa62-ba9c9c30e433\" alt=\"Ceo da Apple Tim Cooke no lan\u00e7amento dos novos produtos da Apple \u2014 Foto: Nic Coury \/ AFP\" src=\"https:\/\/www.europesays.com\/pt\/wp-content\/uploads\/2025\/09\/112287285-apple-ceo-tim-cooke-speaks-during-apples-awe-dropping-event-at-the-steve-jobs-theater-on.j.png\" loading=\"lazy\" height=\"827\" width=\"1240\" data-posicao=\"1\" role=\"button\" tabindex=\"0\"\/>    <img decoding=\"async\" id=\"image-id-6e01cbe4-ee74-4f93-aa62-ba9c9c30e433\" class=\"gallery-photo\" alt=\"Ceo da Apple Tim Cooke no lan\u00e7amento dos novos produtos da Apple \u2014 Foto: Nic Coury \/ AFP\" src=\"https:\/\/www.europesays.com\/pt\/wp-content\/uploads\/2025\/09\/112287285-apple-ceo-tim-cooke-speaks-during-apples-awe-dropping-event-at-the-steve-jobs-theater-on.j.jpeg\" loading=\"lazy\" height=\"827\" width=\"1240\"\/>  <\/p>\n<p> 1 de 14 <br \/>&#13;Ceo da Apple Tim Cooke no lan\u00e7amento dos novos produtos da Apple \u2014 Foto: Nic Coury \/ AFP <\/p>\n<p>     <img decoding=\"async\" id=\"image-id-tumb-765e0b13-a372-416b-94da-09d60d9eea26\" alt=\"Novos iPhones 17 \u2014 Foto: Reprodu\u00e7\u00e3o\/Apple\" src=\"https:\/\/www.europesays.com\/pt\/wp-content\/uploads\/2025\/09\/imagem-do-whatsapp-de-2025-09-09-a-s-14.32.25-a971cc66.jpg\" loading=\"lazy\" height=\"751\" width=\"1280\" data-posicao=\"2\" role=\"button\" tabindex=\"0\"\/>    <img decoding=\"async\" id=\"image-id-765e0b13-a372-416b-94da-09d60d9eea26\" class=\"gallery-photo\" alt=\"Novos iPhones 17 \u2014 Foto: Reprodu\u00e7\u00e3o\/Apple\" src=\"https:\/\/www.europesays.com\/pt\/wp-content\/uploads\/2025\/09\/1758254291_334_imagem-do-whatsapp-de-2025-09-09-a-s-14.32.25-a971cc66.jpg\" loading=\"lazy\" height=\"751\" width=\"1280\"\/>  <\/p>\n<p> 2 de 14 <br \/>&#13;Novos iPhones 17 \u2014 Foto: Reprodu\u00e7\u00e3o\/Apple <\/p>\n<p>     Pular    <\/p>\n<p> X de 14 <br \/>Publicidade <\/p>\n<p>      <img decoding=\"async\" id=\"image-id-tumb-70f86ae8-0c29-4a72-a4cf-9058bb15a159\" alt=\"Novas c\u00e2meras do iPhone 17 \u2014 Foto: Reprodu\u00e7\u00e3o\/Apple\" src=\"https:\/\/www.europesays.com\/pt\/wp-content\/uploads\/2025\/09\/d1af25e6-59ed-4488-b3a2-6299c19912b4.jpg\" loading=\"lazy\" height=\"719\" width=\"1280\" data-posicao=\"3\" role=\"button\" tabindex=\"0\"\/>    <img decoding=\"async\" id=\"image-id-70f86ae8-0c29-4a72-a4cf-9058bb15a159\" class=\"gallery-photo\" alt=\"Novas c\u00e2meras do iPhone 17 \u2014 Foto: Reprodu\u00e7\u00e3o\/Apple\" src=\"https:\/\/www.europesays.com\/pt\/wp-content\/uploads\/2025\/09\/1758254292_828_d1af25e6-59ed-4488-b3a2-6299c19912b4.jpg\" loading=\"lazy\" height=\"719\" width=\"1280\"\/>  <\/p>\n<p> 3 de 14 <br \/>&#13;Novas c\u00e2meras do iPhone 17 \u2014 Foto: Reprodu\u00e7\u00e3o\/Apple <\/p>\n<p>      <img decoding=\"async\" id=\"image-id-2683222e-0803-4dff-aa27-8dd1bb567bd3\" class=\"gallery-photo\" alt=\"Melhoria no chip gr\u00e1fico do iPhone 17 \u2014 Foto: Reprodu\u00e7\u00e3o\/Apple\" src=\"https:\/\/www.europesays.com\/pt\/wp-content\/uploads\/2025\/09\/f94ed4c5-fc90-45f2-a1e3-57ece0816972.jpg\" loading=\"lazy\" height=\"739\" width=\"1280\"\/>  <\/p>\n<p> 4 de 14 <br \/>&#13;Melhoria no chip gr\u00e1fico do iPhone 17 \u2014 Foto: Reprodu\u00e7\u00e3o\/Apple <\/p>\n<p>     Pular    <\/p>\n<p> X de 14 <br \/>Publicidade <\/p>\n<p>      <img decoding=\"async\" id=\"image-id-05e20f18-3c95-4b67-bbd6-a572b2ed05b8\" class=\"gallery-photo\" alt=\"Cores do novo iPhone Air \u2014 Foto: Reprodu\u00e7\u00e3o\/Apple\" src=\"https:\/\/www.europesays.com\/pt\/wp-content\/uploads\/2025\/09\/a7618e6c-c236-44ac-856c-70330b52961f.jpg\" loading=\"lazy\" height=\"739\" width=\"1280\"\/>  <\/p>\n<p> 5 de 14 <br \/>&#13;Cores do novo iPhone Air \u2014 Foto: Reprodu\u00e7\u00e3o\/Apple <\/p>\n<p>      <img decoding=\"async\" id=\"image-id-ed1e9357-56d3-48ac-95c0-814f7a633095\" class=\"gallery-photo\" alt=\"Espessura do novo iPhone Air \u2014 Foto: Reprodu\u00e7\u00e3o\/Apple\" src=\"https:\/\/www.europesays.com\/pt\/wp-content\/uploads\/2025\/09\/167afc46-6fa4-4f66-836e-a6090dc8e4d9.jpg\" loading=\"lazy\" height=\"722\" width=\"1280\"\/>  <\/p>\n<p> 6 de 14 <br \/>&#13;Espessura do novo iPhone Air \u2014 Foto: Reprodu\u00e7\u00e3o\/Apple <\/p>\n<p>     Pular    <\/p>\n<p> X de 14 <br \/>Publicidade <\/p>\n<p>      <img decoding=\"async\" id=\"image-id-3e7f41d6-0ef9-443c-94b8-da40d61d8046\" class=\"gallery-photo\" alt=\"Novo Apple Watch ter\u00e1 iOS26 com design transl\u00facido \u2014 Foto: Reprodu\u00e7\u00e3o\" src=\"https:\/\/www.europesays.com\/pt\/wp-content\/uploads\/2025\/09\/apple-watch.png\" loading=\"lazy\" height=\"709\" width=\"1262\"\/>  <\/p>\n<p> 7 de 14 <br \/>&#13;Novo Apple Watch ter\u00e1 iOS26 com design transl\u00facido \u2014 Foto: Reprodu\u00e7\u00e3o <\/p>\n<p>      <img decoding=\"async\" id=\"image-id-88bb4c83-0e13-4b56-90e6-1b9a7f6df46a\" class=\"gallery-photo\" alt=\"Novo Apple Watch ter\u00e1 carregamento r\u00e1pido, conex\u00e3o 5G e mais \u2014 Foto: Reprodu\u00e7\u00e3o\/Apple\" src=\"https:\/\/www.europesays.com\/pt\/wp-content\/uploads\/2025\/09\/apple-watch-detalhes.png\" loading=\"lazy\" height=\"708\" width=\"1258\"\/>  <\/p>\n<p> 8 de 14 <br \/>&#13;Novo Apple Watch ter\u00e1 carregamento r\u00e1pido, conex\u00e3o 5G e mais \u2014 Foto: Reprodu\u00e7\u00e3o\/Apple <\/p>\n<p>     Pular    <\/p>\n<p> X de 14 <br \/>Publicidade <\/p>\n<p>      <img decoding=\"async\" id=\"image-id-d5e30ccf-7fc2-473f-a0ab-4525b5f63003\" class=\"gallery-photo\" alt=\"Apresenta\u00e7\u00e3o do novo AirPods traz, pela primeira vez, cena falada em portugu\u00eas. Entenda \u2014 Foto: Reprodu\u00e7\u00e3o\/Apple\" src=\"https:\/\/www.europesays.com\/pt\/wp-content\/uploads\/2025\/09\/traducao-em-tempo-real.png\" loading=\"lazy\" height=\"538\" width=\"965\"\/>  <\/p>\n<p> 9 de 14 <br \/>&#13;Apresenta\u00e7\u00e3o do novo AirPods traz, pela primeira vez, cena falada em portugu\u00eas. Entenda \u2014 Foto: Reprodu\u00e7\u00e3o\/Apple <\/p>\n<p>      <img decoding=\"async\" id=\"image-id-cf9f6ab1-4faf-474d-98bb-5c1834ba3a0d\" class=\"gallery-photo\" alt=\"Tradu\u00e7\u00e3o ao vivo nos novos AirPods Pro \u2014 Foto: Reprodu\u00e7\u00e3o\/Apple\" src=\"https:\/\/www.europesays.com\/pt\/wp-content\/uploads\/2025\/09\/imagem-do-whatsapp-de-2025-09-09-a-s-14.08.05-3a8b4e64.jpg\" loading=\"lazy\" height=\"707\" width=\"1280\"\/>  <\/p>\n<p> 10 de 14 <br \/>&#13;Tradu\u00e7\u00e3o ao vivo nos novos AirPods Pro \u2014 Foto: Reprodu\u00e7\u00e3o\/Apple <\/p>\n<p>     Pular    <\/p>\n<p> X de 14 <br \/>Publicidade <\/p>\n<p>      <img decoding=\"async\" id=\"image-id-347f5448-c6ea-4f84-bca9-7256ed0c306d\" class=\"gallery-photo\" alt=\"Airpods Pro 3 \u2014 Foto: Reprodu\u00e7\u00e3o\/Apple\" src=\"https:\/\/www.europesays.com\/pt\/wp-content\/uploads\/2025\/09\/3ef87db3-8173-4b97-a446-02115d3de3a3.jpg\" loading=\"lazy\" height=\"725\" width=\"1280\"\/>  <\/p>\n<p> 11 de 14 <br \/>&#13;Airpods Pro 3 \u2014 Foto: Reprodu\u00e7\u00e3o\/Apple <\/p>\n<p>      <img decoding=\"async\" id=\"image-id-115654b7-5797-451c-b385-b4b0df1079e9\" class=\"gallery-photo\" alt=\"O CEO da Apple, Tim Cook, exibe os novos iPhone 17 e iPhone 17 Pro \u2014 Foto: Bruno Rosa\" src=\"https:\/\/www.europesays.com\/pt\/wp-content\/uploads\/2025\/09\/tim-cook-apple.png\" loading=\"lazy\" height=\"770\" width=\"1182\"\/>  <\/p>\n<p> 12 de 14 <br \/>&#13;O CEO da Apple, Tim Cook, exibe os novos iPhone 17 e iPhone 17 Pro \u2014 Foto: Bruno Rosa <\/p>\n<p>     Pular    <\/p>\n<p> X de 14 <br \/>Publicidade <\/p>\n<p>      <img decoding=\"async\" id=\"image-id-a9814160-acc7-4ea5-b92d-0a02727541f6\" class=\"gallery-photo\" alt=\"Novo iPhone Air tem tela imersiva grande de 6,5 polegadas \u2014 Foto: Bruno Rosa\" src=\"https:\/\/www.europesays.com\/pt\/wp-content\/uploads\/2025\/09\/novo-iphone-air.jpg\" loading=\"lazy\" height=\"960\" width=\"1280\"\/>  <\/p>\n<p> 13 de 14 <br \/>&#13;Novo iPhone Air tem tela imersiva grande de 6,5 polegadas \u2014 Foto: Bruno Rosa <\/p>\n<p>      <img decoding=\"async\" id=\"image-id-956c05fb-ef7b-4d5c-af8c-07bda9f68eff\" class=\"gallery-photo\" alt=\"Iphone Air \u00e9 t\u00e3o fino e leve que voc\u00ea quase nem sente na m\u00e3o \u2014 Foto: Bruno Rosa\" src=\"https:\/\/www.europesays.com\/pt\/wp-content\/uploads\/2025\/09\/iphne-air-ultrafino.jpg\" loading=\"lazy\" height=\"960\" width=\"1280\"\/>  <\/p>\n<p> 14 de 14 <br \/>&#13;Iphone Air \u00e9 t\u00e3o fino e leve que voc\u00ea quase nem sente na m\u00e3o \u2014 Foto: Bruno Rosa <\/p>\n<p>     Pular    <\/p>\n<p> X de 14 <br \/>Publicidade <\/p>\n<p> Evento de lan\u00e7amento de produtos do ano, chamado \u201cAwe dropping\u201d<\/p>\n<p class=\" content-text__container \" data-track-category=\"Link no Texto\" data-track-links=\"\"> Outra novidade \u00e9 a c\u00e2mera frontal \u201cCenter Stage\u201d com resolu\u00e7\u00e3o de 18 MP, que enquadra automaticamente os usu\u00e1rios sem a necessidade de girar o celular. Tamb\u00e9m \u00e9 poss\u00edvel gravar simultaneamente com as c\u00e2meras frontal e traseira, registrando rea\u00e7\u00f5es e cenas ao mesmo tempo. <\/p>\n<p class=\" content-text__container \" data-track-category=\"Link no Texto\" data-track-links=\"\"> &#8212; Com essa nova fun\u00e7\u00e3o a gente consegue gravar na horizontal sem precisar virar o celular. A gente est\u00e1 vivendo uma esp\u00e9cie de volta aos conte\u00fados horizontes para o YouTube, depois dos conte\u00fados curtos que explodiram na pandemia &#8212; diz Jonas. <\/p>\n<p class=\" content-text__container \" data-track-category=\"Link no Texto\" data-track-links=\"\"> Para usar, abra a c\u00e2mera frontal, selecione Selfie ou V\u00eddeo e ative Center Stage nas configura\u00e7\u00f5es. Para ajustar o enquadramento, use dois dedos para dar zoom, afastar ou mudar a composi\u00e7\u00e3o. <\/p>\n","protected":false},"excerpt":{"rendered":"Lan\u00e7ado em outubro, o iPhone 17 Pro tem como um de seus principais diferenciais as novidades no sistema&hellip;\n","protected":false},"author":2,"featured_media":118252,"comment_status":"","ping_status":"","sticky":false,"template":"","format":"standard","meta":{"footnotes":""},"categories":[84],"tags":[247,109,107,108,32,33,105,103,104,106,110],"class_list":{"0":"post-118251","1":"post","2":"type-post","3":"status-publish","4":"format-standard","5":"has-post-thumbnail","7":"category-ciencia-e-tecnologia","8":"tag-apple","9":"tag-ciencia","10":"tag-ciencia-e-tecnologia","11":"tag-cienciaetecnologia","12":"tag-portugal","13":"tag-pt","14":"tag-science","15":"tag-science-and-technology","16":"tag-scienceandtechnology","17":"tag-technology","18":"tag-tecnologia"},"share_on_mastodon":{"url":"","error":""},"_links":{"self":[{"href":"https:\/\/www.europesays.com\/pt\/wp-json\/wp\/v2\/posts\/118251","targetHints":{"allow":["GET"]}}],"collection":[{"href":"https:\/\/www.europesays.com\/pt\/wp-json\/wp\/v2\/posts"}],"about":[{"href":"https:\/\/www.europesays.com\/pt\/wp-json\/wp\/v2\/types\/post"}],"author":[{"embeddable":true,"href":"https:\/\/www.europesays.com\/pt\/wp-json\/wp\/v2\/users\/2"}],"replies":[{"embeddable":true,"href":"https:\/\/www.europesays.com\/pt\/wp-json\/wp\/v2\/comments?post=118251"}],"version-history":[{"count":0,"href":"https:\/\/www.europesays.com\/pt\/wp-json\/wp\/v2\/posts\/118251\/revisions"}],"wp:featuredmedia":[{"embeddable":true,"href":"https:\/\/www.europesays.com\/pt\/wp-json\/wp\/v2\/media\/118252"}],"wp:attachment":[{"href":"https:\/\/www.europesays.com\/pt\/wp-json\/wp\/v2\/media?parent=118251"}],"wp:term":[{"taxonomy":"category","embeddable":true,"href":"https:\/\/www.europesays.com\/pt\/wp-json\/wp\/v2\/categories?post=118251"},{"taxonomy":"post_tag","embeddable":true,"href":"https:\/\/www.europesays.com\/pt\/wp-json\/wp\/v2\/tags?post=118251"}],"curies":[{"name":"wp","href":"https:\/\/api.w.org\/{rel}","templated":true}]}}