{"id":118272,"date":"2025-10-20T04:02:45","date_gmt":"2025-10-20T04:02:45","guid":{"rendered":"https:\/\/www.europesays.com\/pt\/118272\/"},"modified":"2025-10-20T04:02:45","modified_gmt":"2025-10-20T04:02:45","slug":"candidatura-a-presidencia-da-republica-em-2026","status":"publish","type":"post","link":"https:\/\/www.europesays.com\/pt\/118272\/","title":{"rendered":"Candidatura \u00e0 Presid\u00eancia da Rep\u00fablica em 2026"},"content":{"rendered":"<p>A ex-coordenadora do Bloco de Esquerda, Catarina Martins, oficializou  na manh\u00e3 deste s\u00e1bado, 18 de outubro, a <strong>sua candidatura \u00e0s Elei\u00e7\u00f5es Presidenciais de 2026<\/strong>. O an\u00fancio foi feito no Porto, cidade onde a candidata do BE nasceu.<\/p>\n<p>\u201cCrescer com a democracia \u00e9 um superpoder\u201d, afirmou a antiga coordenadora bloquista, sublinhando que \u201co futuro n\u00e3o est\u00e1 escrito\u201d e que <strong>seus apoiantes \u201ct\u00eam nas m\u00e3os a caneta para o escrever\u201d<\/strong>.<\/p>\n<p>No discurso, realizado na Galeria Geraldes da Silva, Catarina Martins recordou a inf\u00e2ncia passada em S\u00e3o Tom\u00e9 e Cabo Verde, evocando o valor da liberdade e da descoloniza\u00e7\u00e3o no seu regresso \u00e0 Portugal.\u00a0&#8220;<strong>A soberania e a cidadania plenas do povo portugu\u00eas\u00a0nasceram pela descoloniza\u00e7\u00e3o: somos iguais. E s\u00f3 como iguais somos livres<\/strong>\u201d, disse a candidata, que citou Am\u00edlcar Cabral e Salgueiro Maia. <\/p>\n<p>A bloquista apresentou-se ainda como uma candidata \u201c<strong>que cuida de uma democracia forte, que ocupa todos os lugares das nossas vidas, nas escolas, nas empresas, nos bairros<\/strong>\u201d, lembrando o percurso pol\u00edtico e os resultados alcan\u00e7ados enquanto l\u00edder do BE: \u201c<strong>Aument\u00e1mos o sal\u00e1rio m\u00ednimo e as pens\u00f5es, reduzimos as propinas e garantimos manuais escolares gratuitos<\/strong>\u201d, sublinhou.<\/p>\n<p>Relembrando a pol\u00edtica externa de seu partido, <strong>citando a Guerra dos Balc\u00e3s, os refugiados da S\u00edria e da Ucr\u00e2nia, e a &#8220;coragem para apoiar o povo de Gaza na Flotilha Humanit\u00e1ria<\/strong>&#8220;, Catarina Martins defendeu o papel de Portugal na promo\u00e7\u00e3o da paz. &#8220;N\u00e3o \u00e9 tarde demais, nem Portugal \u00e9 pequeno para ser a voz da paz e do direito internacional no mundo. Estes valores est\u00e3o inscritos na hist\u00f3ria da nossa democracia e s\u00e3o o meu alfabeto&#8221;, pontuou.<\/p>\n<p>Com o an\u00fancio da candidatura, a ex-l\u00edder do BE junta-se assim a <strong>Andr\u00e9 Ventura<\/strong>, <strong>Ant\u00f3nio Filipe, Ant\u00f3nio Jos\u00e9 Seguro, Henrique<\/strong> <strong>Gouveia e Melo<\/strong>, e <strong>Lu\u00eds<\/strong> <strong>Marques Mendes<\/strong> na corrida \u00e0 Bel\u00e9m. As elei\u00e7\u00f5es est\u00e3o previstas para janeiro de 2026. <\/p>\n","protected":false},"excerpt":{"rendered":"A ex-coordenadora do Bloco de Esquerda, Catarina Martins, oficializou na manh\u00e3 deste s\u00e1bado, 18 de outubro, a sua&hellip;\n","protected":false},"author":2,"featured_media":118273,"comment_status":"","ping_status":"","sticky":false,"template":"","format":"standard","meta":{"footnotes":""},"categories":[10],"tags":[454,27,28,5216,21811,1705,15,16,14,25,26,21,22,12,13,19,20,32,23,24,33,17,18,29,30,31],"class_list":{"0":"post-118272","1":"post","2":"type-post","3":"status-publish","4":"format-standard","5":"has-post-thumbnail","7":"category-portugal","8":"tag-bloco-de-esquerda","9":"tag-breaking-news","10":"tag-breakingnews","11":"tag-candidatura","12":"tag-catarina-martins","13":"tag-eleicoes-presidenciais","14":"tag-featured-news","15":"tag-featurednews","16":"tag-headlines","17":"tag-latest-news","18":"tag-latestnews","19":"tag-main-news","20":"tag-mainnews","21":"tag-news","22":"tag-noticias","23":"tag-noticias-principais","24":"tag-noticiasprincipais","25":"tag-portugal","26":"tag-principais-noticias","27":"tag-principaisnoticias","28":"tag-pt","29":"tag-top-stories","30":"tag-topstories","31":"tag-ultimas","32":"tag-ultimas-noticias","33":"tag-ultimasnoticias"},"share_on_mastodon":{"url":"","error":""},"_links":{"self":[{"href":"https:\/\/www.europesays.com\/pt\/wp-json\/wp\/v2\/posts\/118272","targetHints":{"allow":["GET"]}}],"collection":[{"href":"https:\/\/www.europesays.com\/pt\/wp-json\/wp\/v2\/posts"}],"about":[{"href":"https:\/\/www.europesays.com\/pt\/wp-json\/wp\/v2\/types\/post"}],"author":[{"embeddable":true,"href":"https:\/\/www.europesays.com\/pt\/wp-json\/wp\/v2\/users\/2"}],"replies":[{"embeddable":true,"href":"https:\/\/www.europesays.com\/pt\/wp-json\/wp\/v2\/comments?post=118272"}],"version-history":[{"count":0,"href":"https:\/\/www.europesays.com\/pt\/wp-json\/wp\/v2\/posts\/118272\/revisions"}],"wp:featuredmedia":[{"embeddable":true,"href":"https:\/\/www.europesays.com\/pt\/wp-json\/wp\/v2\/media\/118273"}],"wp:attachment":[{"href":"https:\/\/www.europesays.com\/pt\/wp-json\/wp\/v2\/media?parent=118272"}],"wp:term":[{"taxonomy":"category","embeddable":true,"href":"https:\/\/www.europesays.com\/pt\/wp-json\/wp\/v2\/categories?post=118272"},{"taxonomy":"post_tag","embeddable":true,"href":"https:\/\/www.europesays.com\/pt\/wp-json\/wp\/v2\/tags?post=118272"}],"curies":[{"name":"wp","href":"https:\/\/api.w.org\/{rel}","templated":true}]}}