{"id":118291,"date":"2025-10-20T04:35:31","date_gmt":"2025-10-20T04:35:31","guid":{"rendered":"https:\/\/www.europesays.com\/pt\/118291\/"},"modified":"2025-10-20T04:35:31","modified_gmt":"2025-10-20T04:35:31","slug":"claudio-viana-ex-casa-dos-segredos-tera-entrado-ilegalmente-na-colombia","status":"publish","type":"post","link":"https:\/\/www.europesays.com\/pt\/118291\/","title":{"rendered":"Cl\u00e1udio Viana &#8211; Ex-Casa dos Segredos ter\u00e1 entrado ilegalmente na Col\u00f4mbia"},"content":{"rendered":"<p><strong>Cl\u00e1udio Viana<\/strong> revelou no Instagram que viajou, de forma ilegal, para a <strong>Col\u00f4mbia<\/strong>. De acordo com o site Dioguinho, o ex-concorrente da<strong> Casa dos Segredos<\/strong> fez este sacrif\u00edcio pelo filho, <strong>Benjam\u00edn<\/strong>, que est\u00e1 a viver com a m\u00e3e, <strong>Daniela Mahe<\/strong>, no pa\u00eds da Am\u00e9rica do Sul.<\/p>\n<p>Recorde-se que o personal trainer confessou, em junho, que <a href=\"https:\/\/www.novagente.pt\/claudio-viana-ex-casa-dos-segredos-impedido-de-ver-filho-quero-pedir-te-desculpa\" rel=\"nofollow noopener\" target=\"_blank\">n\u00e3o v\u00ea o menino h\u00e1 cerca de\u00a0um ano<\/a>, desde que a antiga companheira o acusou de viol\u00eancia dom\u00e9stica.<\/p>\n<p>&#8220;Sim&#8230; Cruzei a fronteira para a Col\u00f4mbia por terra, sem que ningu\u00e9m soubesse, apenas porque era o que precisava ser feito&#8230; Foram dias intensos na selva da Amaz\u00f3nia. Caminhei muito, horas e dias seguidos, e quando n\u00e3o andava, seguia de barco,\u00a0canoas lentas que cortavam rios sem fim. O calor era forte, o ar pesado, e cada som da floresta parecia me lembrar que eu estava vivo. Quando parava para descansar, ficava em comunidades que antes eram tribos ind\u00edgenas. Hoje chamam-nas comunidades, mas no fundo, tudo continua igual. As crian\u00e7as e os adultos vivem juntos, partilham tudo. H\u00e1 uma simplicidade ali que o mundo l\u00e1 fora j\u00e1 esqueceu. O meu objetivo era chegar \u00e0 Col\u00f4mbia.<strong> Sim, de forma ilegal, pelo menos para o sistema. Mas, para mim, era o caminho certo. Cada passo, cada remada, era uma forma de seguir o que eu acreditava ser justo. A selva era dura, mas tamb\u00e9m me ensinava a ouvir, a respeitar e a seguir em frente<\/strong>&#8220;, partilhou no Instagram.<\/p>\n<blockquote>\n<p>Leia mais: Cl\u00e1udio Viana <a href=\"https:\/\/www.novagente.pt\/claudio-viana-expoe-contrato-da-casa-dos-segredos-fazia-tudo-o-que-eles-diziam\" rel=\"nofollow noopener\" target=\"_blank\">exp\u00f5e contrato da Casa dos Segredos: &#8220;Fazia tudo o que eles diziam&#8221;<\/a><\/p>\n<\/blockquote>\n<p>&#8220;Foram 27 noites a atravessar a selva, noites de dor, cansa\u00e7o e medo. Cada passo parecia uma luta contra a pr\u00f3pria for\u00e7a de desistir. A selva testava o corpo e o esp\u00edrito, como se perguntasse o tempo todo se o sonho valia tanto esfor\u00e7o.\u00a0<strong>Mas no meio de tanta escurid\u00e3o, aprendi que o sofrimento tamb\u00e9m ensina. Porque mais do que chegar \u00e0 Col\u00f4mbia, esta travessia foi sobre chegar a mim mesmo, descobrir at\u00e9 onde posso ir quando tudo parece imposs\u00edvel<\/strong>&#8220;, desabafou.<\/p>\n<p>Cl\u00e1udio Viana deu a entender que esta viagem come\u00e7ou no in\u00edcio deste ano&#8230;<\/p>\n<p>H\u00e1 quatro dias, o ex-Secret Story escreveu no Instagram: &#8220;Vale o que vale&#8230;\u00a0Perdi muito conte\u00fado por causa de um problema no telem\u00f3vel, mas sinto que chegou o momento de partilhar algo que aconteceu no in\u00edcio deste ano.\u00a0Vejo o meu Instagram como um \u00e1lbum de mem\u00f3rias &#8211; uma hist\u00f3ria contada em fotos e v\u00eddeos.\u00a0Aos poucos vou partilhando&#8230; e contando o que se passou.\u00a0<strong>Tudo come\u00e7ou no dia 27 de janeiro de 2025&#8230;<\/strong>&#8220;<\/p>\n<blockquote>\n<p>Leia ainda: Cl\u00e1udio Viana <a href=\"https:\/\/www.novagente.pt\/claudio-viana-retido-no-aeroporto-suspeito-de-ser-narcotraficante-foi-um-alerta-que-puseram\" rel=\"nofollow noopener\" target=\"_blank\">retido no aeroporto suspeito de ser narcotraficante: &#8220;Foi um alerta que puseram&#8230;&#8221;<\/a><\/p>\n<\/blockquote>\n<p>&#8220;Foram vinte e sete noites a atravessar o desconhecido &#8211;\u00a0a selva viva da Amaz\u00f3nia. Do Peru at\u00e9 \u00e0 Col\u00f4mbia, cada passo foi uma luta entre o corpo e a vontade. Fizeram-me parar na fronteira, bloquearam a minha entrada&#8230; mas h\u00e1 algo dentro de n\u00f3s que n\u00e3o aceita ficar pelo caminho. Caminhei durante dias. Entrei em barcos desconhecidos, lentos para reflectir dias e noites a aguentar fome. Senti dores que nunca tinha sentido. Dormi ao relento, com a terra como abrigo e o c\u00e9u como testemunha. Aprendi a sobreviver com os ind\u00edgenas \u2014 a ouvir a floresta, a respeitar o sil\u00eancio e a entender que a natureza ensina mais do que qualquer lei. Perdi muito conte\u00fado ao longo da viagem e os v\u00eddeos que recuperei n\u00e3o tem a melhor qualidade. Mas talvez tenha sido por uma raz\u00e3o: proteger as tribos onde estive, proteger o que n\u00e3o deve ser exposto. Algumas hist\u00f3rias n\u00e3o se mostram. Sentem-se. E esta&#8230;\u00a0\u00e9 uma delas. E a hist\u00f3ria continuar\u00e1&#8230;&#8221;, garantiu ainda.<\/p>\n<p>Texto: Lu\u00eds Sigorro; Fotos: Impala\/Redes sociais<\/p>\n<p class=\"intagram-text\">Siga a Nova Gente no Instagram<\/p>\n<p>                        <a href=\"https:\/\/www.instagram.com\/revistanovagente\/\" target=\"_blank\" aria-label=\"instagram\" rel=\"noopener nofollow\"><img decoding=\"async\" style=\"display: block; margin-left: auto; margin-right: auto; width: 250px; height: 83px;\" src=\"https:\/\/www.europesays.com\/pt\/wp-content\/uploads\/2025\/10\/Instagram_NG.png\" alt=\"instagram\"\/><\/a><br \/>\n                    <script async src=\"\/\/www.instagram.com\/embed.js\"><\/script><\/p>\n","protected":false},"excerpt":{"rendered":"Cl\u00e1udio Viana revelou no Instagram que viajou, de forma ilegal, para a Col\u00f4mbia. De acordo com o site&hellip;\n","protected":false},"author":2,"featured_media":118292,"comment_status":"","ping_status":"","sticky":false,"template":"","format":"standard","meta":{"footnotes":""},"categories":[142],"tags":[27581,8292,114,115,3435,23686,32,33,151],"class_list":{"0":"post-118291","1":"post","2":"type-post","3":"status-publish","4":"format-standard","5":"has-post-thumbnail","7":"category-tv","8":"tag-claudio-viana","9":"tag-colombia","10":"tag-entertainment","11":"tag-entretenimento","12":"tag-filho","13":"tag-ilegal","14":"tag-portugal","15":"tag-pt","16":"tag-tv"},"share_on_mastodon":{"url":"","error":""},"_links":{"self":[{"href":"https:\/\/www.europesays.com\/pt\/wp-json\/wp\/v2\/posts\/118291","targetHints":{"allow":["GET"]}}],"collection":[{"href":"https:\/\/www.europesays.com\/pt\/wp-json\/wp\/v2\/posts"}],"about":[{"href":"https:\/\/www.europesays.com\/pt\/wp-json\/wp\/v2\/types\/post"}],"author":[{"embeddable":true,"href":"https:\/\/www.europesays.com\/pt\/wp-json\/wp\/v2\/users\/2"}],"replies":[{"embeddable":true,"href":"https:\/\/www.europesays.com\/pt\/wp-json\/wp\/v2\/comments?post=118291"}],"version-history":[{"count":0,"href":"https:\/\/www.europesays.com\/pt\/wp-json\/wp\/v2\/posts\/118291\/revisions"}],"wp:featuredmedia":[{"embeddable":true,"href":"https:\/\/www.europesays.com\/pt\/wp-json\/wp\/v2\/media\/118292"}],"wp:attachment":[{"href":"https:\/\/www.europesays.com\/pt\/wp-json\/wp\/v2\/media?parent=118291"}],"wp:term":[{"taxonomy":"category","embeddable":true,"href":"https:\/\/www.europesays.com\/pt\/wp-json\/wp\/v2\/categories?post=118291"},{"taxonomy":"post_tag","embeddable":true,"href":"https:\/\/www.europesays.com\/pt\/wp-json\/wp\/v2\/tags?post=118291"}],"curies":[{"name":"wp","href":"https:\/\/api.w.org\/{rel}","templated":true}]}}