{"id":118320,"date":"2025-10-20T05:19:09","date_gmt":"2025-10-20T05:19:09","guid":{"rendered":"https:\/\/www.europesays.com\/pt\/118320\/"},"modified":"2025-10-20T05:19:09","modified_gmt":"2025-10-20T05:19:09","slug":"leao-xiv-os-santos-luis-e-zelia-martin-antidoto-aos-modelos-negativos-de-uniao","status":"publish","type":"post","link":"https:\/\/www.europesays.com\/pt\/118320\/","title":{"rendered":"Le\u00e3o XIV: os santos Lu\u00eds e Z\u00e9lia Martin, ant\u00eddoto aos modelos negativos de uni\u00e3o"},"content":{"rendered":"<p>Le\u00e3o XIV, em mensagem enviada ao bispo de S\u00e9ez, diocese que celebra o d\u00e9cimo anivers\u00e1rio da canoniza\u00e7\u00e3o dos pais de Santa Teresa do Menino Jesus, os chama de um \u201ccasal exemplar\u201d e &#8220;profundamente feliz&#8221;, que demonstra &#8220;nestes tempos conturbados e desorientados&#8221; que &#8220;a fam\u00edlia, tal como o Criador a concebeu&#8221;, n\u00e3o \u00e9 ultrapassada nem tediosa. Ele tamb\u00e9m convida os casais de hoje a colocarem &#8220;Jesus no centro de suas atividades e escolhas&#8221;<\/p>\n<p><b>Vatican News<\/b><\/p>\n<p>Um &#8220;casal exemplar&#8221; que testemunha a &#8220;felicidade inef\u00e1vel e a alegria profunda&#8221; que Deus concede \u00e0queles &#8220;que se comprometem neste caminho de fidelidade e fecundidade&#8221;. S\u00e3o os santos Lu\u00eds e Z\u00e9lia Martin, pais de Santa Teresa do Menino Jesus, segundo Le\u00e3o XIV, que assim os descreveu em sua mensagem a dom Bruno Feillet, bispo de S\u00e9ez, por ocasi\u00e3o do d\u00e9cimo anivers\u00e1rio de sua canoniza\u00e7\u00e3o, ocorrida em outubro de 2015 por vontade do Papa Francisco, durante o S\u00ednodo dos Bispos sobre a fam\u00edlia.<\/p>\n<p>Celebra\u00e7\u00f5es em Alen\u00e7on <\/p>\n<p>Neste fim de semana, no santu\u00e1rio de Alen\u00e7on, na diocese de S\u00e9ez, fam\u00edlias, casais, solteiros e crian\u00e7as s\u00e3o convidados a celebrar o d\u00e9cimo anivers\u00e1rio de sua canoniza\u00e7\u00e3o por meio de momentos de ora\u00e7\u00e3o, confer\u00eancias e workshops. E o Papa se une em pensamento e ora\u00e7\u00e3o aos fi\u00e9is reunidos na cidade onde os Martin &#8220;se santificaram em sua vida conjugal&#8221;. Foi na cidade de Alen\u00e7on, no noroeste da Fran\u00e7a, que Z\u00e9lia e Lu\u00eds se conheceram, casaram-se e tiveram nove filhos. Suas cinco filhas tornaram-se religiosas, e entre elas, Santa Teresa do Menino Jesus, a mais nova, foi proclamada padroeira das miss\u00f5es por Pio XI em 1927.<\/p>\n<p>O primeiro casal a ser canonizado como tal <\/p>\n<p>Os Martins foram o primeiro casal a ser canonizado como tal, &#8220;um evento de particular import\u00e2ncia porque destaca o matrim\u00f4nio como caminho para a santidade&#8221;, observa Le\u00e3o XIV. Ele enfatiza que, entre as voca\u00e7\u00f5es \u00e0s quais homens e mulheres s\u00e3o chamados por Deus, &#8220;o matrim\u00f4nio \u00e9 uma das mais nobres e elevadas&#8221;. Como o cardeal Martins j\u00e1 havia declarado durante a beatifica\u00e7\u00e3o deles em 2008, Lu\u00eds e Z\u00e9lia compreenderam que poderiam se santificar &#8220;n\u00e3o apesar do matrim\u00f4nio, mas atrav\u00e9s, no e com o matrim\u00f4nio&#8221;, e que seu casamento deveria ser considerado &#8220;como o ponto de partida de uma ascens\u00e3o como casal&#8221;.<\/p>\n<p>Modelo e apoio para os casais de hoje <\/p>\n<p>O Papa espera que este d\u00e9cimo anivers\u00e1rio seja uma oportunidade para compreender melhor a vida e os m\u00e9ritos destes &#8220;esposos e pais extraordin\u00e1rios&#8221;. Ele os v\u00ea como &#8220;um modelo luminoso e inspirador&#8221; para os noivos, mas tamb\u00e9m como um apoio para as fam\u00edlias &#8220;por vezes t\u00e3o fr\u00e1geis e provadas&#8221;. Contemplando o seu estilo de vida crist\u00e3o, o Pont\u00edfice sublinha que eles n\u00e3o se &#8220;retiraram do mundo&#8221; no seu caminho para a santidade. Lu\u00eds e Z\u00e9lia, de fato, eram &#8220;santos da porta ao lado&#8221;, comprometidos com a sociedade normanda atrav\u00e9s da sua par\u00f3quia, das suas atividades profissionais, das suas obras de caridade, das suas amizades e da sua vida familiar. Em Alen\u00e7on, os peregrinos podem agora rever o contexto da sua vida quotidiana, &#8220;aparentemente ordin\u00e1ria&#8221; segundo Le\u00e3o XIV, mas &#8220;habitada pela presen\u00e7a de Deus, para dizer o m\u00ednimo, extraordin\u00e1ria&#8221;. &#8220;Deus em primeiro lugar&#8221; \u00e9 o lema sobre o qual constru\u00edram toda a sua exist\u00eancia, enfatiza em sua mensagem de 1\u00ba de outubro, mem\u00f3ria da filha, Santa Teresa do Menino Jesus e da Sagrada Face.<\/p>\n<p>Exemplo de fidelidade e aten\u00e7\u00e3o ao pr\u00f3ximo <\/p>\n<p>O Pont\u00edfice convida a Igreja a apresentar este &#8220;casal modelo&#8221; aos jovens, que talvez hesitem em &#8220;lan\u00e7ar-se em t\u00e3o bela aventura&#8221;.<\/p>\n<p>Um modelo de fidelidade e aten\u00e7\u00e3o ao pr\u00f3ximo, um modelo de fervor e perseveran\u00e7a na f\u00e9, de educa\u00e7\u00e3o crist\u00e3 dos filhos, de generosidade no exerc\u00edcio da caridade e da justi\u00e7a social, um modelo tamb\u00e9m de confian\u00e7a diante das prova\u00e7\u00f5es&#8230;<\/p>\n<p>Mas, para o Papa Le\u00e3o XIV, seu testemunho mais significativo \u00e9 &#8220;a felicidade inef\u00e1vel e a alegria profunda que Deus concede, j\u00e1 aqui na terra e por toda a eternidade, \u00e0queles que se comprometem neste caminho de fidelidade e fecundidade&#8221;.<\/p>\n<p>O ant\u00eddoto para os falsos modelos de uni\u00e3o <\/p>\n<p>Nestes tempos \u201cdif\u00edceis e confusos\u201d, prossegue o Papa, em que os jovens s\u00e3o apresentados a \u201ctantos modelos negativos de uni\u00e3o, muitas vezes fugazes, individualistas e ego\u00edstas, com frutos amargos e decepcionantes, a fam\u00edlia tal como o Criador a quis pode parecer ultrapassada e tediosa\u201d.<\/p>\n<p>Lu\u00eds e Z\u00e9lia Martin testemunham que n\u00e3o \u00e9 bem assim: eles eram felizes \u2014 profundamente felizes! \u2014 em dar a vida, em irradiar e transmitir a f\u00e9, em ver os seus filhos crescerem e florescerem sob o olhar do Senhor.<\/p>\n<p>Deixem os seus filhos descobrirem o amor de Jesus <\/p>\n<p>Le\u00e3o XIV recorda os almo\u00e7os deles ap\u00f3s a Missa, seus momentos de ora\u00e7\u00e3o e escuta. E exclama:<\/p>\n<p>&#8220;Que conforto estar juntos nas prova\u00e7\u00f5es, unidos \u00e0 Cruz de Cristo quando ela se apresenta; e, finalmente, que esperan\u00e7a em nos encontrarmos um dia reunidos na gl\u00f3ria do C\u00e9u!&#8221; O Pont\u00edfice convida, assim, os casais a &#8220;perseverarem com coragem no caminho, \u00e0s vezes dif\u00edcil e complicado, mas luminoso&#8221;, que empreenderam. Pede-lhes que coloquem Jesus no centro de sua fam\u00edlia, de suas escolhas e de sua vida cotidiana.<\/p>\n<p>Deixem que seus filhos descubram seu amor e ternura sem limites e se esforcem para que ele, por sua vez, os ame como merecem: esta \u00e9 a grande li\u00e7\u00e3o que Lu\u00eds e Z\u00e9lia nos ensinam para o presente e da qual a Igreja e o mundo tanto precisam.<\/p>\n<p>Como, pergunta o Papa Le\u00e3o XIV, Teresa poderia ter amado tanto Jesus e Maria \u2014 e depois nos transmitido uma doutrina t\u00e3o bela \u2014 se n\u00e3o a tivesse aprendido com seus pais desde cedo?&#8221; Por fim, o Papa confia todas as fam\u00edlias \u00e0 prote\u00e7\u00e3o de Lu\u00eds e Z\u00e9lia Martin e de Santa Teresa do Menino Jesus.<\/p>\n","protected":false},"excerpt":{"rendered":"Le\u00e3o XIV, em mensagem enviada ao bispo de S\u00e9ez, diocese que celebra o d\u00e9cimo anivers\u00e1rio da canoniza\u00e7\u00e3o dos&hellip;\n","protected":false},"author":2,"featured_media":118321,"comment_status":"","ping_status":"","sticky":false,"template":"","format":"standard","meta":{"footnotes":""},"categories":[50],"tags":[996,27,28,981,15,16,208,14,25,26,21,22,62,12,13,19,20,12634,811,23,24,10353,17,18,29,30,31,63,64,65],"class_list":{"0":"post-118320","1":"post","2":"type-post","3":"status-publish","4":"format-standard","5":"has-post-thumbnail","7":"category-mundo","8":"tag-aniversario","9":"tag-breaking-news","10":"tag-breakingnews","11":"tag-familia","12":"tag-featured-news","13":"tag-featurednews","14":"tag-franca","15":"tag-headlines","16":"tag-latest-news","17":"tag-latestnews","18":"tag-main-news","19":"tag-mainnews","20":"tag-mundo","21":"tag-news","22":"tag-noticias","23":"tag-noticias-principais","24":"tag-noticiasprincipais","25":"tag-papa-francisco","26":"tag-papa-leao-xiv","27":"tag-principais-noticias","28":"tag-principaisnoticias","29":"tag-santos-e-beatos","30":"tag-top-stories","31":"tag-topstories","32":"tag-ultimas","33":"tag-ultimas-noticias","34":"tag-ultimasnoticias","35":"tag-world","36":"tag-world-news","37":"tag-worldnews"},"share_on_mastodon":{"url":"","error":""},"_links":{"self":[{"href":"https:\/\/www.europesays.com\/pt\/wp-json\/wp\/v2\/posts\/118320","targetHints":{"allow":["GET"]}}],"collection":[{"href":"https:\/\/www.europesays.com\/pt\/wp-json\/wp\/v2\/posts"}],"about":[{"href":"https:\/\/www.europesays.com\/pt\/wp-json\/wp\/v2\/types\/post"}],"author":[{"embeddable":true,"href":"https:\/\/www.europesays.com\/pt\/wp-json\/wp\/v2\/users\/2"}],"replies":[{"embeddable":true,"href":"https:\/\/www.europesays.com\/pt\/wp-json\/wp\/v2\/comments?post=118320"}],"version-history":[{"count":0,"href":"https:\/\/www.europesays.com\/pt\/wp-json\/wp\/v2\/posts\/118320\/revisions"}],"wp:featuredmedia":[{"embeddable":true,"href":"https:\/\/www.europesays.com\/pt\/wp-json\/wp\/v2\/media\/118321"}],"wp:attachment":[{"href":"https:\/\/www.europesays.com\/pt\/wp-json\/wp\/v2\/media?parent=118320"}],"wp:term":[{"taxonomy":"category","embeddable":true,"href":"https:\/\/www.europesays.com\/pt\/wp-json\/wp\/v2\/categories?post=118320"},{"taxonomy":"post_tag","embeddable":true,"href":"https:\/\/www.europesays.com\/pt\/wp-json\/wp\/v2\/tags?post=118320"}],"curies":[{"name":"wp","href":"https:\/\/api.w.org\/{rel}","templated":true}]}}