{"id":118335,"date":"2025-10-20T05:34:27","date_gmt":"2025-10-20T05:34:27","guid":{"rendered":"https:\/\/www.europesays.com\/pt\/118335\/"},"modified":"2025-10-20T05:34:27","modified_gmt":"2025-10-20T05:34:27","slug":"psp-rejeita-ideia-de-caca-ao-imigrante-ilegal","status":"publish","type":"post","link":"https:\/\/www.europesays.com\/pt\/118335\/","title":{"rendered":"PSP rejeita ideia de &#8220;ca\u00e7a ao imigrante ilegal&#8221;"},"content":{"rendered":"<p>                    Jo\u00e3o Ribeiro, diretor nacional-adjunto da PSP e respons\u00e1vel pela da Unidade Nacional de Estrangeiros e Fronteiras (UNEF) nega que exista uma pol\u00edtica de \u201cca\u00e7a ao imigrante\u201d.<\/p>\n<p>&#8220;Eu n\u00e3o tenho essa vis\u00e3o. Fiquei triste, digamos assim, de ver alguma imprensa brasileira caracterizar a cria\u00e7\u00e3o da Unidade Nacional de Estrangeiros e Fronteiras na PSP, fazendo compara\u00e7\u00f5es ao ICE nos Estados Unidos [servi\u00e7o norte-americano de imigra\u00e7\u00e3o e alf\u00e2ndegas], disse Jo\u00e3o Ribeiro em entrevista \u00e0 ag\u00eancia Lusa.<br \/>&#13;\n<\/p>\n<p>          <img decoding=\"async\" itemprop=\"image\" class=\"img-fluid\"   src=\"https:\/\/www.europesays.com\/pt\/wp-content\/uploads\/2025\/10\/1760938467_369_bg_playeraudio_5.jpg\"\/><\/p>\n<p>\nJo\u00e3o Ribeiro sustentou que a abordagem da PSP &#8220;n\u00e3o \u00e9 essa&#8221;: &#8220;Estamos num Estado de Direito, temos uma matriz na forma\u00e7\u00e3o de todos os nossos pol\u00edcias que \u00e9 do respeito e do primado dos direitos humanos e \u00e9 essa abordagem que temos&#8221;.<\/p>\n<p>Jo\u00e3o Ribeiro sublinhou ainda que a PSP est\u00e1 a identificar mais casos de tr\u00e1fico de seres humanos em Portugal. Os casos j\u00e1 sinalizados referem-se a casos de explora\u00e7\u00e3o laboral e tamb\u00e9m sexual.<\/p>\n<p>&#8220;Infelizmente temos tido sinais de que Portugal \u00e9 tamb\u00e9m destino de tr\u00e1fico de seres humanos para a explora\u00e7\u00e3o laboral, quer para a explora\u00e7\u00e3o sexual, quer tamb\u00e9m, infelizmente, alguns casos em que s\u00e3o processos para efeitos de importa\u00e7\u00e3o, e pe\u00e7o desculpa pela express\u00e3o ser muito forte, importa\u00e7\u00e3o de crian\u00e7as para ado\u00e7\u00e3o&#8221;, precisou o diretor nacional-adjunto da PSP.<br \/>&#13;\n<\/p>\n<p>          <img decoding=\"async\" itemprop=\"image\" class=\"img-fluid\"   src=\"https:\/\/www.europesays.com\/pt\/wp-content\/uploads\/2025\/10\/1760938467_369_bg_playeraudio_5.jpg\"\/><\/p>\n<p>&#13;<br \/>\n&#8220;As situa\u00e7\u00f5es fundamentalmente passam-se nos grandes centros urbanos, nas \u00e1reas metropolitanas, e tamb\u00e9m no litoral. Nesse sentido, devo dizer que h\u00e1 um excelente relacionamento com a Guarda Nacional Republicana e Pol\u00edcia Judici\u00e1ria, na identifica\u00e7\u00e3o dessas situa\u00e7\u00f5es&#8221;, salientou.&#13;\n<\/p>\n<p>&#13;<br \/>\nc\/Lusa&#13;<\/p>\n","protected":false},"excerpt":{"rendered":"Jo\u00e3o Ribeiro, diretor nacional-adjunto da PSP e respons\u00e1vel pela da Unidade Nacional de Estrangeiros e Fronteiras (UNEF) nega&hellip;\n","protected":false},"author":2,"featured_media":118336,"comment_status":"","ping_status":"","sticky":false,"template":"","format":"standard","meta":{"footnotes":""},"categories":[10],"tags":[27,28,15,16,14,25,26,21,22,12,13,19,20,32,23,24,33,420,421,17,18,29,30,31],"class_list":{"0":"post-118335","1":"post","2":"type-post","3":"status-publish","4":"format-standard","5":"has-post-thumbnail","7":"category-portugal","8":"tag-breaking-news","9":"tag-breakingnews","10":"tag-featured-news","11":"tag-featurednews","12":"tag-headlines","13":"tag-latest-news","14":"tag-latestnews","15":"tag-main-news","16":"tag-mainnews","17":"tag-news","18":"tag-noticias","19":"tag-noticias-principais","20":"tag-noticiasprincipais","21":"tag-portugal","22":"tag-principais-noticias","23":"tag-principaisnoticias","24":"tag-pt","25":"tag-rtp","26":"tag-rtp-noticias","27":"tag-top-stories","28":"tag-topstories","29":"tag-ultimas","30":"tag-ultimas-noticias","31":"tag-ultimasnoticias"},"share_on_mastodon":{"url":"https:\/\/pubeurope.com\/@pt\/115404869847559725","error":""},"_links":{"self":[{"href":"https:\/\/www.europesays.com\/pt\/wp-json\/wp\/v2\/posts\/118335","targetHints":{"allow":["GET"]}}],"collection":[{"href":"https:\/\/www.europesays.com\/pt\/wp-json\/wp\/v2\/posts"}],"about":[{"href":"https:\/\/www.europesays.com\/pt\/wp-json\/wp\/v2\/types\/post"}],"author":[{"embeddable":true,"href":"https:\/\/www.europesays.com\/pt\/wp-json\/wp\/v2\/users\/2"}],"replies":[{"embeddable":true,"href":"https:\/\/www.europesays.com\/pt\/wp-json\/wp\/v2\/comments?post=118335"}],"version-history":[{"count":0,"href":"https:\/\/www.europesays.com\/pt\/wp-json\/wp\/v2\/posts\/118335\/revisions"}],"wp:featuredmedia":[{"embeddable":true,"href":"https:\/\/www.europesays.com\/pt\/wp-json\/wp\/v2\/media\/118336"}],"wp:attachment":[{"href":"https:\/\/www.europesays.com\/pt\/wp-json\/wp\/v2\/media?parent=118335"}],"wp:term":[{"taxonomy":"category","embeddable":true,"href":"https:\/\/www.europesays.com\/pt\/wp-json\/wp\/v2\/categories?post=118335"},{"taxonomy":"post_tag","embeddable":true,"href":"https:\/\/www.europesays.com\/pt\/wp-json\/wp\/v2\/tags?post=118335"}],"curies":[{"name":"wp","href":"https:\/\/api.w.org\/{rel}","templated":true}]}}