{"id":118349,"date":"2025-10-20T05:57:08","date_gmt":"2025-10-20T05:57:08","guid":{"rendered":"https:\/\/www.europesays.com\/pt\/118349\/"},"modified":"2025-10-20T05:57:08","modified_gmt":"2025-10-20T05:57:08","slug":"rent-a-car-rendem-17-milhoes-em-tres-meses","status":"publish","type":"post","link":"https:\/\/www.europesays.com\/pt\/118349\/","title":{"rendered":"Rent-a-car rendem 17 milh\u00f5es em tr\u00eas meses"},"content":{"rendered":"\n<p class=\"p_0\">O setor do aluguer de autom\u00f3veis continua a crescer na Madeira. S\u00f3 no primeiro trimestre de 2025 foram celebrados quase 103 mil contratos de servi\u00e7os, gerando uma receita de 17,1 milh\u00f5es de euros.<\/p>\n<p class=\"p_1\">Divulgados no Dia Mundial da Estat\u00edstica, os dados mostram a for\u00e7a de uma atividade que j\u00e1 conta com mais de 11 mil ve\u00edculos dispon\u00edveis na Regi\u00e3o.<\/p>\n<p class=\"p_2\">O assunto faz a manchete de hoje do JM.<\/p>\n<p class=\"p_3\">Em destaque tamb\u00e9m est\u00e1 Plano de A\u00e7\u00e3o aprovado para a VE3, entre a Ribeira Brava e a Calheta.<\/p>\n<p class=\"p_4\">O plano prev\u00ea novos limites de velocidade e pavimento menos ruidoso, para proteger zonas habitacionais da polui\u00e7\u00e3o sonora.<\/p>\n<p class=\"p_5\">Por outro lado, o presidente da Assembleia da Rep\u00fablica chegou ontem \u00e0 Regi\u00e3o para as comemora\u00e7\u00f5es dos 50 anos da Autonomia.<\/p>\n<p class=\"p_6\">Sob uma agenda preenchida, Pedro Aguiar-Branco disse que vem para estar com \u201cos madeirenses e as institui\u00e7\u00f5es\u201d regionais.<\/p>\n<p class=\"p_7\">Na Cultura, Charming JAY traz com\u00e9dia muda \u00e0 Regi\u00e3o, no \u00e2mbito do Madeira Street Arts Festival, que regressa entre os dias 7 e 9 de novembro, no Funchal, Monte Palace e Calheta.<\/p>\n<p class=\"p_8\">\u201cTuristas ignoram riscos e provocam bloqueios no tr\u00e2nsito\u201d e \u201cPequenos sismos abafados pelo barulho dos dias\u201d s\u00e3o as restantes chamadas.<\/p>\n","protected":false},"excerpt":{"rendered":"O setor do aluguer de autom\u00f3veis continua a crescer na Madeira. S\u00f3 no primeiro trimestre de 2025 foram&hellip;\n","protected":false},"author":2,"featured_media":118350,"comment_status":"","ping_status":"","sticky":false,"template":"","format":"standard","meta":{"footnotes":""},"categories":[86],"tags":[20639,116,32,33,117],"class_list":{"0":"post-118349","1":"post","2":"type-post","3":"status-publish","4":"format-standard","5":"has-post-thumbnail","7":"category-saude","8":"tag-alberto-pita","9":"tag-health","10":"tag-portugal","11":"tag-pt","12":"tag-saude"},"share_on_mastodon":{"url":"https:\/\/pubeurope.com\/@pt\/115404960100312919","error":""},"_links":{"self":[{"href":"https:\/\/www.europesays.com\/pt\/wp-json\/wp\/v2\/posts\/118349","targetHints":{"allow":["GET"]}}],"collection":[{"href":"https:\/\/www.europesays.com\/pt\/wp-json\/wp\/v2\/posts"}],"about":[{"href":"https:\/\/www.europesays.com\/pt\/wp-json\/wp\/v2\/types\/post"}],"author":[{"embeddable":true,"href":"https:\/\/www.europesays.com\/pt\/wp-json\/wp\/v2\/users\/2"}],"replies":[{"embeddable":true,"href":"https:\/\/www.europesays.com\/pt\/wp-json\/wp\/v2\/comments?post=118349"}],"version-history":[{"count":0,"href":"https:\/\/www.europesays.com\/pt\/wp-json\/wp\/v2\/posts\/118349\/revisions"}],"wp:featuredmedia":[{"embeddable":true,"href":"https:\/\/www.europesays.com\/pt\/wp-json\/wp\/v2\/media\/118350"}],"wp:attachment":[{"href":"https:\/\/www.europesays.com\/pt\/wp-json\/wp\/v2\/media?parent=118349"}],"wp:term":[{"taxonomy":"category","embeddable":true,"href":"https:\/\/www.europesays.com\/pt\/wp-json\/wp\/v2\/categories?post=118349"},{"taxonomy":"post_tag","embeddable":true,"href":"https:\/\/www.europesays.com\/pt\/wp-json\/wp\/v2\/tags?post=118349"}],"curies":[{"name":"wp","href":"https:\/\/api.w.org\/{rel}","templated":true}]}}